{"id":830,"date":"2020-09-29T18:22:46","date_gmt":"2020-09-29T21:22:46","guid":{"rendered":"http:\/\/localhost:8888\/tre\/?p=830"},"modified":"2020-09-29T18:22:48","modified_gmt":"2020-09-29T21:22:48","slug":"appana-e-o-impacto-do-fazer-refletido","status":"publish","type":"post","link":"https:\/\/treinvestimentos.com.br\/antigo\/causas\/appana-e-o-impacto-do-fazer-refletido\/","title":{"rendered":"Appana e o impacto do fazer refletido"},"content":{"rendered":"\n<h6 class=\"wp-block-heading\"><em>Para al\u00e9m de impactar o mundo com a\u00e7\u00f5es pontuais, o Appana prop\u00f5e impact\u00e1-lo tamb\u00e9m por meio de processos, na melhoria cont\u00ednua do conjunto de a\u00e7\u00f5es, orientadas a resultados.<\/em><\/h6>\n\n\n\n<p>H\u00e1 20 anos desenvolvendo pessoas e rela\u00e7\u00f5es em suas forma\u00e7\u00f5es e consultorias dentro e fora do ambiente organizacional, <a href=\"https:\/\/www.appana.com.br\">Appana Territ\u00f3rio de Aprendizagem<\/a> intenciona criar e manter, continuamente, espa\u00e7os e tempos de qualidade em que mais pessoas e organiza\u00e7\u00f5es possam devolver ao mundo aquilo que o mundo demanda.<\/p>\n\n\n\n<p>O fazer refletido, que \u00e9 promovido pela institui\u00e7\u00e3o, \u00e9 uma forma de melhoria cont\u00ednua de a\u00e7\u00f5es recorrentes. Nesse sentido, essa pr\u00e1tica est\u00e1 intimamente ligada ao atual discurso pela humaniza\u00e7\u00e3o (do trabalho, das rela\u00e7\u00f5es etc.), isto \u00e9, ao resgate da humanidade e do sentido dessas dimens\u00f5es. Considerando que ser humano implica mais do que simplesmente ser; implica refletir sobre quem se \u00e9 e sobre o que se faz; o prop\u00f3sito do Appana \u00e9 educar para a regenera\u00e7\u00e3o, na a\u00e7\u00e3o humana, considerada como uma dan\u00e7a entre o fazer e o pensar. Sua causa \u00e9 a regenera\u00e7\u00e3o de nossos modos de pensar e agir nas rela\u00e7\u00f5es e ambientes em que convivemos e com os quais interagimos.\u00a0<\/p>\n\n\n\n<figure class=\"wp-block-image size-large\"><img loading=\"lazy\" decoding=\"async\" width=\"1024\" height=\"682\" src=\"http:\/\/localhost:8888\/tre\/wp-content\/uploads\/2020\/09\/water-863053_1280-1024x682.jpg\" alt=\"\" class=\"wp-image-831\" srcset=\"https:\/\/treinvestimentos.com.br\/antigo\/wp-content\/uploads\/2020\/09\/water-863053_1280-1024x682.jpg 1024w, https:\/\/treinvestimentos.com.br\/antigo\/wp-content\/uploads\/2020\/09\/water-863053_1280-300x200.jpg 300w, https:\/\/treinvestimentos.com.br\/antigo\/wp-content\/uploads\/2020\/09\/water-863053_1280-768x512.jpg 768w, https:\/\/treinvestimentos.com.br\/antigo\/wp-content\/uploads\/2020\/09\/water-863053_1280-900x600.jpg 900w, https:\/\/treinvestimentos.com.br\/antigo\/wp-content\/uploads\/2020\/09\/water-863053_1280.jpg 1280w\" sizes=\"auto, (max-width: 1024px) 100vw, 1024px\" \/><\/figure>\n\n\n\n<p>K\u00e1ritas Ribas, s\u00f3cia-fundadora da institui\u00e7\u00e3o, aponta que sua vis\u00e3o de futuro \u00e9 a realiza\u00e7\u00e3o da miss\u00e3o do Appana com coer\u00eancia e consist\u00eancia. \u201cNossa coer\u00eancia \u00e9 harmonizar o que ensinamos e o que aprendemos com aquilo que o mundo demanda. Nessa incessante busca, partilhamos conhecimentos sobre as possibilidades de reinventarmos nossa forma de fazer; desde aqui, a partir de agora; com o que temos, come\u00e7ando pelo que sabemos.\u201d &#8211; afirma.\u00a0<\/p>\n\n\n\n<p>Por isso, iniciou-se em 2019 a amplia\u00e7\u00e3o de sua atua\u00e7\u00e3o em Appana Terra, uma organiza\u00e7\u00e3o n\u00e3o governamental localizada no Vale do Ribeira, Patrim\u00f4nio Natural e Cultural da Humanidade. A nova sede de Appana se localiza na divisa entre os munic\u00edpios de S\u00e3o Louren\u00e7o da Serra e Juquitiba, ambos situados no Vale do Ribeira, distantes apenas 60 km da Avenida Paulista em S\u00e3o Paulo. Esta \u00e9 uma regi\u00e3o \u00fanica, pois \u00e9 guardi\u00e3 de 61% da Mata Atl\u00e2ntica remanescente do pa\u00eds (restam apenas 9% do total). Ela cont\u00e9m uma das maiores biodiversidades do globo, conservando a maior por\u00e7\u00e3o cont\u00ednua de Mata Atl\u00e2ntica do Brasil. Neste espa\u00e7o, uma rede de especialistas est\u00e1 cuidando da constru\u00e7\u00e3o deste territ\u00f3rio de aprendizagem para implementar sistemas de produ\u00e7\u00e3o sustent\u00e1veis, praticar bioconstru\u00e7\u00e3o, conserva\u00e7\u00e3o dos recursos naturais e preserva\u00e7\u00e3o da floresta nativa do territ\u00f3rio. Appana Terra \u00e9 um espa\u00e7o de experi\u00eancia permanente de educar para a regenera\u00e7\u00e3o das rela\u00e7\u00f5es entre os seres humanos: na vida pessoal e profissional, no mundo do trabalho e no meio ambiente.\u00a0\u00a0<\/p>\n\n\n\n<figure class=\"wp-block-image size-large\"><img loading=\"lazy\" decoding=\"async\" width=\"1024\" height=\"699\" src=\"http:\/\/localhost:8888\/tre\/wp-content\/uploads\/2020\/09\/galeriaterra005-1024x699.jpg\" alt=\"\" class=\"wp-image-832\" srcset=\"https:\/\/treinvestimentos.com.br\/antigo\/wp-content\/uploads\/2020\/09\/galeriaterra005-1024x699.jpg 1024w, https:\/\/treinvestimentos.com.br\/antigo\/wp-content\/uploads\/2020\/09\/galeriaterra005-300x205.jpg 300w, https:\/\/treinvestimentos.com.br\/antigo\/wp-content\/uploads\/2020\/09\/galeriaterra005-768x524.jpg 768w, https:\/\/treinvestimentos.com.br\/antigo\/wp-content\/uploads\/2020\/09\/galeriaterra005.jpg 1500w\" sizes=\"auto, (max-width: 1024px) 100vw, 1024px\" \/><\/figure>\n\n\n\n<p>No atual cen\u00e1rio de rapidez e reatividade, reservamos pouco tempo de qualidade para nos ocupar com a reflex\u00e3o \u00edntima e compartilhada. Fomos nos acostumando a entrar no piloto-autom\u00e1tico e a oferecer respostas e solu\u00e7\u00f5es r\u00e1pidas, muitas vezes irrefletidas e ineficazes apenas para atender \u00e0 necessidade de responder. O fazer refletido orientado a resultados prop\u00f5e a experimenta\u00e7\u00e3o de uma forma de pensar que se materializa na a\u00e7\u00e3o. O impacto acontece, assim, como resultado de a\u00e7\u00f5es refletidas, que promovem solu\u00e7\u00f5es eficientes e eficazes. \u00c9 este pensar que promove a\u00e7\u00f5es potentes e conscientes que o Appana promove.<\/p>\n\n\n\n<p>O impacto do fazer refletido reside nos processos continuamente revisados com essa qualidade de reflex\u00e3o e a\u00e7\u00e3o. Uma qualidade que intenciona regenerar nossas conex\u00f5es, ou seja, como nos relacionamos uns com os outros; nossa integra\u00e7\u00e3o com os sistemas sociais e ambientais; e nossa precau\u00e7\u00e3o nas a\u00e7\u00f5es presentes pensando no que ser\u00e1 deixado como legado ou impacto, para o futuro.\u00a0<\/p>\n\n\n\n<h2 class=\"wp-block-heading\"><strong>Como alimentar a causa do Appana?<\/strong><\/h2>\n\n\n\n<p>O<a href=\"https:\/\/covida20.com.br\">\u00a0CoVida20\u00a0<\/a>\u00e9 um programa de financiamento para neg\u00f3cios de impacto que estejam comprometidos com a manuten\u00e7\u00e3o de emprego e renda durante o Covid-19. O programa visa reunir diferentes perfis de investidores para oferecer aos neg\u00f3cios empr\u00e9stimos em condi\u00e7\u00f5es acess\u00edveis e coerentes com o momento atual, garantindo retorno e causando impacto na sociedade.\u00a0Esta \u00e9 a 3\u00aa rodada de investimento no Appana Territ\u00f3rio de Aprendizagem cujas condi\u00e7\u00f5es s\u00e3o caracter\u00edsticas de Grandes Investidores. <a href=\"https:\/\/mova.vc\/cotas-disponiveis\">Acesse os site da oportunidade<\/a>\u00a0para conhecer mais sobre o Appana e as caracter\u00edsticas desta rodada de investimento!<\/p>\n","protected":false},"excerpt":{"rendered":"<p>Para al\u00e9m de impactar o mundo com a\u00e7\u00f5es pontuais, o Appana prop\u00f5e impact\u00e1-lo tamb\u00e9m por meio de processos, na melhoria cont\u00ednua do conjunto de a\u00e7\u00f5es, orientadas a resultados. H\u00e1 20&#8230;<\/p>\n","protected":false},"author":2,"featured_media":831,"comment_status":"open","ping_status":"open","sticky":false,"template":"","format":"standard","meta":{"give_campaign_id":0,"inline_featured_image":false,"footnotes":""},"categories":[4],"tags":[],"class_list":{"0":"post-830","1":"post","2":"type-post","3":"status-publish","4":"format-standard","5":"has-post-thumbnail","7":"category-causas"},"yoast_head":"<!-- This site is optimized with the Yoast SEO plugin v27.5 - https:\/\/yoast.com\/product\/yoast-seo-wordpress\/ -->\n<title>Appana e o impacto do fazer refletido - Tr\u00ea Investindo com Causa<\/title>\n<meta name=\"robots\" content=\"noindex, follow\" \/>\n<meta property=\"og:locale\" content=\"pt_BR\" \/>\n<meta property=\"og:type\" content=\"article\" \/>\n<meta property=\"og:title\" content=\"Appana e o impacto do fazer refletido - Tr\u00ea Investindo com Causa\" \/>\n<meta property=\"og:description\" content=\"Para al\u00e9m de impactar o mundo com a\u00e7\u00f5es pontuais, o Appana prop\u00f5e impact\u00e1-lo tamb\u00e9m por meio de processos, na melhoria cont\u00ednua do conjunto de a\u00e7\u00f5es, orientadas a resultados. H\u00e1 20...\" \/>\n<meta property=\"og:url\" content=\"https:\/\/treinvestimentos.com.br\/antigo\/causas\/appana-e-o-impacto-do-fazer-refletido\/\" \/>\n<meta property=\"og:site_name\" content=\"Tr\u00ea Investindo com Causa\" \/>\n<meta property=\"article:published_time\" content=\"2020-09-29T21:22:46+00:00\" \/>\n<meta property=\"article:modified_time\" content=\"2020-09-29T21:22:48+00:00\" \/>\n<meta property=\"og:image\" content=\"https:\/\/treinvestimentos.com.br\/antigo\/wp-content\/uploads\/2020\/09\/water-863053_1280.jpg\" \/>\n\t<meta property=\"og:image:width\" content=\"1280\" \/>\n\t<meta property=\"og:image:height\" content=\"853\" \/>\n\t<meta property=\"og:image:type\" content=\"image\/jpeg\" \/>\n<meta name=\"author\" content=\"treinvestimentos\" \/>\n<meta name=\"twitter:card\" content=\"summary_large_image\" \/>\n<meta name=\"twitter:label1\" content=\"Escrito por\" \/>\n\t<meta name=\"twitter:data1\" content=\"treinvestimentos\" \/>\n\t<meta name=\"twitter:label2\" content=\"Est. tempo de leitura\" \/>\n\t<meta name=\"twitter:data2\" content=\"4 minutos\" \/>\n<script type=\"application\/ld+json\" class=\"yoast-schema-graph\">{\"@context\":\"https:\\\/\\\/schema.org\",\"@graph\":[{\"@type\":\"Article\",\"@id\":\"https:\\\/\\\/treinvestimentos.com.br\\\/antigo\\\/causas\\\/appana-e-o-impacto-do-fazer-refletido\\\/#article\",\"isPartOf\":{\"@id\":\"https:\\\/\\\/treinvestimentos.com.br\\\/antigo\\\/causas\\\/appana-e-o-impacto-do-fazer-refletido\\\/\"},\"author\":{\"name\":\"treinvestimentos\",\"@id\":\"https:\\\/\\\/treinvestimentos.com.br\\\/antigo\\\/#\\\/schema\\\/person\\\/03f0c51d1313cf09246d80847f5d5a7b\"},\"headline\":\"Appana e o impacto do fazer refletido\",\"datePublished\":\"2020-09-29T21:22:46+00:00\",\"dateModified\":\"2020-09-29T21:22:48+00:00\",\"mainEntityOfPage\":{\"@id\":\"https:\\\/\\\/treinvestimentos.com.br\\\/antigo\\\/causas\\\/appana-e-o-impacto-do-fazer-refletido\\\/\"},\"wordCount\":751,\"commentCount\":0,\"publisher\":{\"@id\":\"https:\\\/\\\/treinvestimentos.com.br\\\/antigo\\\/#organization\"},\"image\":{\"@id\":\"https:\\\/\\\/treinvestimentos.com.br\\\/antigo\\\/causas\\\/appana-e-o-impacto-do-fazer-refletido\\\/#primaryimage\"},\"thumbnailUrl\":\"https:\\\/\\\/treinvestimentos.com.br\\\/antigo\\\/wp-content\\\/uploads\\\/2020\\\/09\\\/water-863053_1280.jpg\",\"articleSection\":[\"Causas\"],\"inLanguage\":\"pt-BR\",\"potentialAction\":[{\"@type\":\"CommentAction\",\"name\":\"Comment\",\"target\":[\"https:\\\/\\\/treinvestimentos.com.br\\\/antigo\\\/causas\\\/appana-e-o-impacto-do-fazer-refletido\\\/#respond\"]}]},{\"@type\":\"WebPage\",\"@id\":\"https:\\\/\\\/treinvestimentos.com.br\\\/antigo\\\/causas\\\/appana-e-o-impacto-do-fazer-refletido\\\/\",\"url\":\"https:\\\/\\\/treinvestimentos.com.br\\\/antigo\\\/causas\\\/appana-e-o-impacto-do-fazer-refletido\\\/\",\"name\":\"Appana e o impacto do fazer refletido - Tr\u00ea Investindo com Causa\",\"isPartOf\":{\"@id\":\"https:\\\/\\\/treinvestimentos.com.br\\\/antigo\\\/#website\"},\"primaryImageOfPage\":{\"@id\":\"https:\\\/\\\/treinvestimentos.com.br\\\/antigo\\\/causas\\\/appana-e-o-impacto-do-fazer-refletido\\\/#primaryimage\"},\"image\":{\"@id\":\"https:\\\/\\\/treinvestimentos.com.br\\\/antigo\\\/causas\\\/appana-e-o-impacto-do-fazer-refletido\\\/#primaryimage\"},\"thumbnailUrl\":\"https:\\\/\\\/treinvestimentos.com.br\\\/antigo\\\/wp-content\\\/uploads\\\/2020\\\/09\\\/water-863053_1280.jpg\",\"datePublished\":\"2020-09-29T21:22:46+00:00\",\"dateModified\":\"2020-09-29T21:22:48+00:00\",\"breadcrumb\":{\"@id\":\"https:\\\/\\\/treinvestimentos.com.br\\\/antigo\\\/causas\\\/appana-e-o-impacto-do-fazer-refletido\\\/#breadcrumb\"},\"inLanguage\":\"pt-BR\",\"potentialAction\":[{\"@type\":\"ReadAction\",\"target\":[\"https:\\\/\\\/treinvestimentos.com.br\\\/antigo\\\/causas\\\/appana-e-o-impacto-do-fazer-refletido\\\/\"]}]},{\"@type\":\"ImageObject\",\"inLanguage\":\"pt-BR\",\"@id\":\"https:\\\/\\\/treinvestimentos.com.br\\\/antigo\\\/causas\\\/appana-e-o-impacto-do-fazer-refletido\\\/#primaryimage\",\"url\":\"https:\\\/\\\/treinvestimentos.com.br\\\/antigo\\\/wp-content\\\/uploads\\\/2020\\\/09\\\/water-863053_1280.jpg\",\"contentUrl\":\"https:\\\/\\\/treinvestimentos.com.br\\\/antigo\\\/wp-content\\\/uploads\\\/2020\\\/09\\\/water-863053_1280.jpg\",\"width\":1280,\"height\":853},{\"@type\":\"BreadcrumbList\",\"@id\":\"https:\\\/\\\/treinvestimentos.com.br\\\/antigo\\\/causas\\\/appana-e-o-impacto-do-fazer-refletido\\\/#breadcrumb\",\"itemListElement\":[{\"@type\":\"ListItem\",\"position\":1,\"name\":\"In\u00edcio\",\"item\":\"https:\\\/\\\/treinvestimentos.com.br\\\/antigo\\\/\"},{\"@type\":\"ListItem\",\"position\":2,\"name\":\"Appana e o impacto do fazer refletido\"}]},{\"@type\":\"WebSite\",\"@id\":\"https:\\\/\\\/treinvestimentos.com.br\\\/antigo\\\/#website\",\"url\":\"https:\\\/\\\/treinvestimentos.com.br\\\/antigo\\\/\",\"name\":\"Tr\u00ea Investindo com Causa\",\"description\":\"Queremos popularizar o investimento em causas, promovendo uma amplia\u00e7\u00e3o da consci\u00eancia no uso do dinheiro e na co-constru\u00e7\u00e3o de uma nova economia.\",\"publisher\":{\"@id\":\"https:\\\/\\\/treinvestimentos.com.br\\\/antigo\\\/#organization\"},\"potentialAction\":[{\"@type\":\"SearchAction\",\"target\":{\"@type\":\"EntryPoint\",\"urlTemplate\":\"https:\\\/\\\/treinvestimentos.com.br\\\/antigo\\\/?s={search_term_string}\"},\"query-input\":{\"@type\":\"PropertyValueSpecification\",\"valueRequired\":true,\"valueName\":\"search_term_string\"}}],\"inLanguage\":\"pt-BR\"},{\"@type\":\"Organization\",\"@id\":\"https:\\\/\\\/treinvestimentos.com.br\\\/antigo\\\/#organization\",\"name\":\"Tr\u00ea Investindo com Causa\",\"url\":\"https:\\\/\\\/treinvestimentos.com.br\\\/antigo\\\/\",\"logo\":{\"@type\":\"ImageObject\",\"inLanguage\":\"pt-BR\",\"@id\":\"https:\\\/\\\/treinvestimentos.com.br\\\/antigo\\\/#\\\/schema\\\/logo\\\/image\\\/\",\"url\":\"https:\\\/\\\/treinvestimentos.com.br\\\/wp-content\\\/uploads\\\/2021\\\/08\\\/Logo-completo-Tre-azul.png\",\"contentUrl\":\"https:\\\/\\\/treinvestimentos.com.br\\\/wp-content\\\/uploads\\\/2021\\\/08\\\/Logo-completo-Tre-azul.png\",\"width\":1175,\"height\":311,\"caption\":\"Tr\u00ea Investindo com Causa\"},\"image\":{\"@id\":\"https:\\\/\\\/treinvestimentos.com.br\\\/antigo\\\/#\\\/schema\\\/logo\\\/image\\\/\"},\"sameAs\":[\"https:\\\/\\\/www.linkedin.com\\\/company\\\/treinvestindocomcausa\\\/?originalSubdomain=br\"]},{\"@type\":\"Person\",\"@id\":\"https:\\\/\\\/treinvestimentos.com.br\\\/antigo\\\/#\\\/schema\\\/person\\\/03f0c51d1313cf09246d80847f5d5a7b\",\"name\":\"treinvestimentos\",\"image\":{\"@type\":\"ImageObject\",\"inLanguage\":\"pt-BR\",\"@id\":\"https:\\\/\\\/secure.gravatar.com\\\/avatar\\\/a66561622d9ad55907c09a64c47272a851deb8022c25643e25c047367f7f1d68?s=96&d=mm&r=g\",\"url\":\"https:\\\/\\\/secure.gravatar.com\\\/avatar\\\/a66561622d9ad55907c09a64c47272a851deb8022c25643e25c047367f7f1d68?s=96&d=mm&r=g\",\"contentUrl\":\"https:\\\/\\\/secure.gravatar.com\\\/avatar\\\/a66561622d9ad55907c09a64c47272a851deb8022c25643e25c047367f7f1d68?s=96&d=mm&r=g\",\"caption\":\"treinvestimentos\"}}]}<\/script>\n<!-- \/ Yoast SEO plugin. -->","yoast_head_json":{"title":"Appana e o impacto do fazer refletido - Tr\u00ea Investindo com Causa","robots":{"index":"noindex","follow":"follow"},"og_locale":"pt_BR","og_type":"article","og_title":"Appana e o impacto do fazer refletido - Tr\u00ea Investindo com Causa","og_description":"Para al\u00e9m de impactar o mundo com a\u00e7\u00f5es pontuais, o Appana prop\u00f5e impact\u00e1-lo tamb\u00e9m por meio de processos, na melhoria cont\u00ednua do conjunto de a\u00e7\u00f5es, orientadas a resultados. H\u00e1 20...","og_url":"https:\/\/treinvestimentos.com.br\/antigo\/causas\/appana-e-o-impacto-do-fazer-refletido\/","og_site_name":"Tr\u00ea Investindo com Causa","article_published_time":"2020-09-29T21:22:46+00:00","article_modified_time":"2020-09-29T21:22:48+00:00","og_image":[{"width":1280,"height":853,"url":"https:\/\/treinvestimentos.com.br\/antigo\/wp-content\/uploads\/2020\/09\/water-863053_1280.jpg","type":"image\/jpeg"}],"author":"treinvestimentos","twitter_card":"summary_large_image","twitter_misc":{"Escrito por":"treinvestimentos","Est. tempo de leitura":"4 minutos"},"schema":{"@context":"https:\/\/schema.org","@graph":[{"@type":"Article","@id":"https:\/\/treinvestimentos.com.br\/antigo\/causas\/appana-e-o-impacto-do-fazer-refletido\/#article","isPartOf":{"@id":"https:\/\/treinvestimentos.com.br\/antigo\/causas\/appana-e-o-impacto-do-fazer-refletido\/"},"author":{"name":"treinvestimentos","@id":"https:\/\/treinvestimentos.com.br\/antigo\/#\/schema\/person\/03f0c51d1313cf09246d80847f5d5a7b"},"headline":"Appana e o impacto do fazer refletido","datePublished":"2020-09-29T21:22:46+00:00","dateModified":"2020-09-29T21:22:48+00:00","mainEntityOfPage":{"@id":"https:\/\/treinvestimentos.com.br\/antigo\/causas\/appana-e-o-impacto-do-fazer-refletido\/"},"wordCount":751,"commentCount":0,"publisher":{"@id":"https:\/\/treinvestimentos.com.br\/antigo\/#organization"},"image":{"@id":"https:\/\/treinvestimentos.com.br\/antigo\/causas\/appana-e-o-impacto-do-fazer-refletido\/#primaryimage"},"thumbnailUrl":"https:\/\/treinvestimentos.com.br\/antigo\/wp-content\/uploads\/2020\/09\/water-863053_1280.jpg","articleSection":["Causas"],"inLanguage":"pt-BR","potentialAction":[{"@type":"CommentAction","name":"Comment","target":["https:\/\/treinvestimentos.com.br\/antigo\/causas\/appana-e-o-impacto-do-fazer-refletido\/#respond"]}]},{"@type":"WebPage","@id":"https:\/\/treinvestimentos.com.br\/antigo\/causas\/appana-e-o-impacto-do-fazer-refletido\/","url":"https:\/\/treinvestimentos.com.br\/antigo\/causas\/appana-e-o-impacto-do-fazer-refletido\/","name":"Appana e o impacto do fazer refletido - Tr\u00ea Investindo com Causa","isPartOf":{"@id":"https:\/\/treinvestimentos.com.br\/antigo\/#website"},"primaryImageOfPage":{"@id":"https:\/\/treinvestimentos.com.br\/antigo\/causas\/appana-e-o-impacto-do-fazer-refletido\/#primaryimage"},"image":{"@id":"https:\/\/treinvestimentos.com.br\/antigo\/causas\/appana-e-o-impacto-do-fazer-refletido\/#primaryimage"},"thumbnailUrl":"https:\/\/treinvestimentos.com.br\/antigo\/wp-content\/uploads\/2020\/09\/water-863053_1280.jpg","datePublished":"2020-09-29T21:22:46+00:00","dateModified":"2020-09-29T21:22:48+00:00","breadcrumb":{"@id":"https:\/\/treinvestimentos.com.br\/antigo\/causas\/appana-e-o-impacto-do-fazer-refletido\/#breadcrumb"},"inLanguage":"pt-BR","potentialAction":[{"@type":"ReadAction","target":["https:\/\/treinvestimentos.com.br\/antigo\/causas\/appana-e-o-impacto-do-fazer-refletido\/"]}]},{"@type":"ImageObject","inLanguage":"pt-BR","@id":"https:\/\/treinvestimentos.com.br\/antigo\/causas\/appana-e-o-impacto-do-fazer-refletido\/#primaryimage","url":"https:\/\/treinvestimentos.com.br\/antigo\/wp-content\/uploads\/2020\/09\/water-863053_1280.jpg","contentUrl":"https:\/\/treinvestimentos.com.br\/antigo\/wp-content\/uploads\/2020\/09\/water-863053_1280.jpg","width":1280,"height":853},{"@type":"BreadcrumbList","@id":"https:\/\/treinvestimentos.com.br\/antigo\/causas\/appana-e-o-impacto-do-fazer-refletido\/#breadcrumb","itemListElement":[{"@type":"ListItem","position":1,"name":"In\u00edcio","item":"https:\/\/treinvestimentos.com.br\/antigo\/"},{"@type":"ListItem","position":2,"name":"Appana e o impacto do fazer refletido"}]},{"@type":"WebSite","@id":"https:\/\/treinvestimentos.com.br\/antigo\/#website","url":"https:\/\/treinvestimentos.com.br\/antigo\/","name":"Tr\u00ea Investindo com Causa","description":"Queremos popularizar o investimento em causas, promovendo uma amplia\u00e7\u00e3o da consci\u00eancia no uso do dinheiro e na co-constru\u00e7\u00e3o de uma nova economia.","publisher":{"@id":"https:\/\/treinvestimentos.com.br\/antigo\/#organization"},"potentialAction":[{"@type":"SearchAction","target":{"@type":"EntryPoint","urlTemplate":"https:\/\/treinvestimentos.com.br\/antigo\/?s={search_term_string}"},"query-input":{"@type":"PropertyValueSpecification","valueRequired":true,"valueName":"search_term_string"}}],"inLanguage":"pt-BR"},{"@type":"Organization","@id":"https:\/\/treinvestimentos.com.br\/antigo\/#organization","name":"Tr\u00ea Investindo com Causa","url":"https:\/\/treinvestimentos.com.br\/antigo\/","logo":{"@type":"ImageObject","inLanguage":"pt-BR","@id":"https:\/\/treinvestimentos.com.br\/antigo\/#\/schema\/logo\/image\/","url":"https:\/\/treinvestimentos.com.br\/wp-content\/uploads\/2021\/08\/Logo-completo-Tre-azul.png","contentUrl":"https:\/\/treinvestimentos.com.br\/wp-content\/uploads\/2021\/08\/Logo-completo-Tre-azul.png","width":1175,"height":311,"caption":"Tr\u00ea Investindo com Causa"},"image":{"@id":"https:\/\/treinvestimentos.com.br\/antigo\/#\/schema\/logo\/image\/"},"sameAs":["https:\/\/www.linkedin.com\/company\/treinvestindocomcausa\/?originalSubdomain=br"]},{"@type":"Person","@id":"https:\/\/treinvestimentos.com.br\/antigo\/#\/schema\/person\/03f0c51d1313cf09246d80847f5d5a7b","name":"treinvestimentos","image":{"@type":"ImageObject","inLanguage":"pt-BR","@id":"https:\/\/secure.gravatar.com\/avatar\/a66561622d9ad55907c09a64c47272a851deb8022c25643e25c047367f7f1d68?s=96&d=mm&r=g","url":"https:\/\/secure.gravatar.com\/avatar\/a66561622d9ad55907c09a64c47272a851deb8022c25643e25c047367f7f1d68?s=96&d=mm&r=g","contentUrl":"https:\/\/secure.gravatar.com\/avatar\/a66561622d9ad55907c09a64c47272a851deb8022c25643e25c047367f7f1d68?s=96&d=mm&r=g","caption":"treinvestimentos"}}]}},"_links":{"self":[{"href":"https:\/\/treinvestimentos.com.br\/antigo\/wp-json\/wp\/v2\/posts\/830","targetHints":{"allow":["GET"]}}],"collection":[{"href":"https:\/\/treinvestimentos.com.br\/antigo\/wp-json\/wp\/v2\/posts"}],"about":[{"href":"https:\/\/treinvestimentos.com.br\/antigo\/wp-json\/wp\/v2\/types\/post"}],"author":[{"embeddable":true,"href":"https:\/\/treinvestimentos.com.br\/antigo\/wp-json\/wp\/v2\/users\/2"}],"replies":[{"embeddable":true,"href":"https:\/\/treinvestimentos.com.br\/antigo\/wp-json\/wp\/v2\/comments?post=830"}],"version-history":[{"count":1,"href":"https:\/\/treinvestimentos.com.br\/antigo\/wp-json\/wp\/v2\/posts\/830\/revisions"}],"predecessor-version":[{"id":833,"href":"https:\/\/treinvestimentos.com.br\/antigo\/wp-json\/wp\/v2\/posts\/830\/revisions\/833"}],"wp:featuredmedia":[{"embeddable":true,"href":"https:\/\/treinvestimentos.com.br\/antigo\/wp-json\/wp\/v2\/media\/831"}],"wp:attachment":[{"href":"https:\/\/treinvestimentos.com.br\/antigo\/wp-json\/wp\/v2\/media?parent=830"}],"wp:term":[{"taxonomy":"category","embeddable":true,"href":"https:\/\/treinvestimentos.com.br\/antigo\/wp-json\/wp\/v2\/categories?post=830"},{"taxonomy":"post_tag","embeddable":true,"href":"https:\/\/treinvestimentos.com.br\/antigo\/wp-json\/wp\/v2\/tags?post=830"}],"curies":[{"name":"wp","href":"https:\/\/api.w.org\/{rel}","templated":true}]}}