{"id":804,"date":"2020-09-09T17:12:59","date_gmt":"2020-09-09T20:12:59","guid":{"rendered":"http:\/\/localhost:8888\/tre\/?p=804"},"modified":"2020-09-09T17:15:02","modified_gmt":"2020-09-09T20:15:02","slug":"a-relevancia-da-cultura-de-sustentabilidade-para-empresas","status":"publish","type":"post","link":"https:\/\/treinvestimentos.com.br\/antigo\/causas\/a-relevancia-da-cultura-de-sustentabilidade-para-empresas\/","title":{"rendered":"A relev\u00e2ncia da cultura de sustentabilidade para empresas"},"content":{"rendered":"\n<p>Feito por membros da institui\u00e7\u00e3o Baluarte Cultura<\/p>\n\n\n\n<p>O mundo do s\u00e9culo 21 \u00e9 caracterizado por transforma\u00e7\u00f5es cada vez mais&nbsp;exponenciais e&nbsp;grandes desafios marcados por quest\u00f5es interdependentes e globais: pandemia, padr\u00f5es clim\u00e1ticos extremos, populismo pol\u00edtico, desigualdade social, perda de biodiversidade, crise financeira, competi\u00e7\u00e3o geoestrat\u00e9gica, inseguran\u00e7a alimentar, agravamento de subcondi\u00e7\u00f5es urbanas entre outros.<\/p>\n\n\n\n<p>Nesse cen\u00e1rio,\u00a0a rela\u00e7\u00e3o das empresas com a sociedade igualmente vem se transformando, o capitalismo com foco no lucro vem se transmutando para um novo capitalismo, em que lucro e prop\u00f3sito se harmonizam. A resili\u00eancia e prosperidade dos neg\u00f3cios est\u00e1 diretamente relacionada \u00e0 sua capacidade de formular novas estrat\u00e9gias corporativas em que a gera\u00e7\u00e3o de valor seja compartilhada e sustentada entre todos os stakeholders.<\/p>\n\n\n\n<figure class=\"wp-block-image size-large\"><img loading=\"lazy\" decoding=\"async\" width=\"1024\" height=\"683\" src=\"http:\/\/localhost:8888\/tre\/wp-content\/uploads\/2020\/09\/pexels-photo-2990612-1024x683.jpeg\" alt=\"\" class=\"wp-image-806\" srcset=\"https:\/\/treinvestimentos.com.br\/antigo\/wp-content\/uploads\/2020\/09\/pexels-photo-2990612-1024x683.jpeg 1024w, https:\/\/treinvestimentos.com.br\/antigo\/wp-content\/uploads\/2020\/09\/pexels-photo-2990612-300x200.jpeg 300w, https:\/\/treinvestimentos.com.br\/antigo\/wp-content\/uploads\/2020\/09\/pexels-photo-2990612-768x512.jpeg 768w, https:\/\/treinvestimentos.com.br\/antigo\/wp-content\/uploads\/2020\/09\/pexels-photo-2990612-1536x1024.jpeg 1536w, https:\/\/treinvestimentos.com.br\/antigo\/wp-content\/uploads\/2020\/09\/pexels-photo-2990612-2048x1365.jpeg 2048w, https:\/\/treinvestimentos.com.br\/antigo\/wp-content\/uploads\/2020\/09\/pexels-photo-2990612-900x600.jpeg 900w\" sizes=\"auto, (max-width: 1024px) 100vw, 1024px\" \/><\/figure>\n\n\n\n<p>A constru\u00e7\u00e3o de uma nova economia, mais \u00e9tica, equilibrada e inclusiva, foi pauta, inclusive, da 50\u00aa reuni\u00e3o anual do F\u00f3rum Econ\u00f4mico Mundial em 2020. O \u201cManifesto de Davos\u201d, criado para guiar as pr\u00e1ticas corporativas, renovou sua vis\u00e3o ao afirmar que \u00e9 preciso dar significado concreto \u00e0 ideia de um \u201ccapitalismo das partes interessadas\u201d (stakeholder capitalism).<\/p>\n\n\n\n<p>Nas palavras de Klaus Schwab (fundador do Manifesto): \u201cPrimeiro veio o efeito Greta Thunberg: ela nos recordou que o sistema econ\u00f4mico atual constitui uma trai\u00e7\u00e3o \u00e0s gera\u00e7\u00f5es futuras pelo dano ambiental que provoca. Em segundo lugar, os \u2018millenials\u2019 e a \u2018gera\u00e7\u00e3o Z\u2019 j\u00e1 n\u00e3o querem trabalhar, investir ou comprar em empresas que n\u00e3o atuem com base em valores mais amplos. Por \u00faltimo, cada vez mais os executivos e investidores compreendem que o sucesso deles no longo prazo tamb\u00e9m depende do \u00eaxito de seus clientes, empregados e fornecedores\u201d.<\/p>\n\n\n\n<p>Em alinhamento a esta mentalidade, mas com o recorte brasileiro, a pesquisa Trust Barometer, que mede o \u00edndice de confian\u00e7a e \u00e9 realizada pela Edelman, revela que, em 2020, 64% dos brasileiros e brasileiras afirmam confiar mais nas empresas do que no governo, m\u00eddias e Ongs e 93% declaram que \u00e9 muito ou extremamente importante para a constru\u00e7\u00e3o de confian\u00e7a na marca que elas solucionem problemas da sociedade. E mais, 74% acreditam que CEOs devem promover mudan\u00e7as ao inv\u00e9s de esperar que o governo as imponha.<\/p>\n\n\n\n<figure class=\"wp-block-image size-large\"><img loading=\"lazy\" decoding=\"async\" width=\"1024\" height=\"683\" src=\"http:\/\/localhost:8888\/tre\/wp-content\/uploads\/2020\/09\/pexels-photo-2833037-1024x683.jpeg\" alt=\"\" class=\"wp-image-807\" srcset=\"https:\/\/treinvestimentos.com.br\/antigo\/wp-content\/uploads\/2020\/09\/pexels-photo-2833037-1024x683.jpeg 1024w, https:\/\/treinvestimentos.com.br\/antigo\/wp-content\/uploads\/2020\/09\/pexels-photo-2833037-300x200.jpeg 300w, https:\/\/treinvestimentos.com.br\/antigo\/wp-content\/uploads\/2020\/09\/pexels-photo-2833037-768x512.jpeg 768w, https:\/\/treinvestimentos.com.br\/antigo\/wp-content\/uploads\/2020\/09\/pexels-photo-2833037-1536x1024.jpeg 1536w, https:\/\/treinvestimentos.com.br\/antigo\/wp-content\/uploads\/2020\/09\/pexels-photo-2833037-2048x1365.jpeg 2048w, https:\/\/treinvestimentos.com.br\/antigo\/wp-content\/uploads\/2020\/09\/pexels-photo-2833037-900x600.jpeg 900w\" sizes=\"auto, (max-width: 1024px) 100vw, 1024px\" \/><\/figure>\n\n\n\n<p>A pesquisa aponta, ainda, que a reputa\u00e7\u00e3o de marca \u00e9 o segundo atributo mais importante na decis\u00e3o de uma compra e que a constru\u00e7\u00e3o da confian\u00e7a se divide entre 76% como integridade, prop\u00f3sito e confiabilidade e apenas 24% exclusivamente fruto da compet\u00eancia. E por fim, 92% dos brasileiros acreditam que os stakeholders s\u00e3o mais importantes do que os shareholders (acionistas) para o sucesso da companhia no longo prazo.<\/p>\n\n\n\n<p>Agir de forma sustent\u00e1vel tornou-se vantagem competitiva para as empresas. Agir de forma sustent\u00e1vel, contudo, n\u00e3o \u00e9 assumir compromissos superficiais, nem tampouco realizar a\u00e7\u00f5es apenas de mitiga\u00e7\u00e3o de impactos e\/ou riscos. Agir de forma sustent\u00e1vel requer o desenvolvimento de uma cultura de sustentabilidade a partir de uma l\u00f3gica estrat\u00e9gica, que seja intr\u00ednseca ao modelo de neg\u00f3cio e transversal em toda opera\u00e7\u00e3o. Que seja compartilhada de forma integrada na cultura organizacional e vivenciada por todos os stakeholders.<\/p>\n\n\n\n<p>A cultura de sustentabilidade \u00e9 o desenvolvimento desta nova mentalidade ecossist\u00eamica, interdependente e resiliente nos modelos corporativos. Importante, neste processo, que as causas e valores sejam resultantes de um processo verdadeiro de colabora\u00e7\u00e3o em que possam emergir, a partir da experi\u00eancia da empresa e suas pessoas, os significados e oportunidades de desenvolvimento desta agenda para a nova economia, fortalecendo, desta forma, modelos mais justos e inclusivos de gera\u00e7\u00e3o de valor compartilhado.<\/p>\n\n\n\n<h2 class=\"wp-block-heading\">Sobre a Baluarte Cultura:<\/h2>\n\n\n\n<p>A <a href=\"http:\/\/baluartecultura.com.br\/descubra-a-baluarte\/\">Baluarte Cultura<\/a> \u00e9 empresa B Certificada que cria solu\u00e7\u00f5es que unem interesses da sociedade e empresas, ajudando a construir um mundo com mais equidade atrav\u00e9s de parcerias multissetoriais. Atuam com solu\u00e7\u00f5es customizadas de Cria\u00e7\u00e3o, Gest\u00e3o e Mensura\u00e7\u00e3o de Resultados em Cultura, Educa\u00e7\u00e3o e Sustentabilidade atrav\u00e9s do est\u00edmulo \u00e0 corresponsabilidade, inova\u00e7\u00e3o social e colabora\u00e7\u00e3o em neg\u00f3cios e organiza\u00e7\u00f5es. Enquanto signat\u00e1rias do Pacto Global, desenvolvem a ader\u00eancia de empresas e projetos sociais, culturais e esportivos \u00e0 Agenda 2030. Em 2019 foram vencedoras do Pr\u00eamio Brasil ODS por sua contribui\u00e7\u00e3o ao ODS 4 e 8 com o case \u201cEst\u00fadio Escola de Anima\u00e7\u00e3o\u201d, que passou a integrar o banco de boas pr\u00e1ticas do Pacto Global e foi apresentado na sede das Na\u00e7\u00f5es Unidas, em Nova Iorque (EUA), como parte do evento SDGs in Brazil, que aconteceu durante o High-Level Political Forum 2019.<\/p>\n\n\n\n<figure class=\"wp-block-image size-large\"><img loading=\"lazy\" decoding=\"async\" width=\"768\" height=\"433\" src=\"http:\/\/localhost:8888\/tre\/wp-content\/uploads\/2020\/09\/Screen-Shot-2019-07-01-at-11.27.29-AM.png\" alt=\"\" class=\"wp-image-808\" srcset=\"https:\/\/treinvestimentos.com.br\/antigo\/wp-content\/uploads\/2020\/09\/Screen-Shot-2019-07-01-at-11.27.29-AM.png 768w, https:\/\/treinvestimentos.com.br\/antigo\/wp-content\/uploads\/2020\/09\/Screen-Shot-2019-07-01-at-11.27.29-AM-300x169.png 300w\" sizes=\"auto, (max-width: 768px) 100vw, 768px\" \/><\/figure>\n","protected":false},"excerpt":{"rendered":"<p>Feito por membros da institui\u00e7\u00e3o Baluarte Cultura O mundo do s\u00e9culo 21 \u00e9 caracterizado por transforma\u00e7\u00f5es cada vez mais&nbsp;exponenciais e&nbsp;grandes desafios marcados por quest\u00f5es interdependentes e globais: pandemia, padr\u00f5es clim\u00e1ticos&#8230;<\/p>\n","protected":false},"author":2,"featured_media":805,"comment_status":"open","ping_status":"open","sticky":false,"template":"","format":"standard","meta":{"give_campaign_id":0,"inline_featured_image":false,"footnotes":""},"categories":[4],"tags":[],"class_list":{"0":"post-804","1":"post","2":"type-post","3":"status-publish","4":"format-standard","5":"has-post-thumbnail","7":"category-causas"},"yoast_head":"<!-- This site is optimized with the Yoast SEO plugin v27.5 - https:\/\/yoast.com\/product\/yoast-seo-wordpress\/ -->\n<title>A relev\u00e2ncia da cultura de sustentabilidade para empresas - Tr\u00ea Investindo com Causa<\/title>\n<meta name=\"robots\" content=\"noindex, follow\" \/>\n<meta property=\"og:locale\" content=\"pt_BR\" \/>\n<meta property=\"og:type\" content=\"article\" \/>\n<meta property=\"og:title\" content=\"A relev\u00e2ncia da cultura de sustentabilidade para empresas - Tr\u00ea Investindo com Causa\" \/>\n<meta property=\"og:description\" content=\"Feito por membros da institui\u00e7\u00e3o Baluarte Cultura O mundo do s\u00e9culo 21 \u00e9 caracterizado por transforma\u00e7\u00f5es cada vez mais&nbsp;exponenciais e&nbsp;grandes desafios marcados por quest\u00f5es interdependentes e globais: pandemia, padr\u00f5es clim\u00e1ticos...\" \/>\n<meta property=\"og:url\" content=\"https:\/\/treinvestimentos.com.br\/antigo\/causas\/a-relevancia-da-cultura-de-sustentabilidade-para-empresas\/\" \/>\n<meta property=\"og:site_name\" content=\"Tr\u00ea Investindo com Causa\" \/>\n<meta property=\"article:published_time\" content=\"2020-09-09T20:12:59+00:00\" \/>\n<meta property=\"article:modified_time\" content=\"2020-09-09T20:15:02+00:00\" \/>\n<meta property=\"og:image\" content=\"https:\/\/treinvestimentos.com.br\/antigo\/wp-content\/uploads\/2020\/09\/pexels-photo-4207908.jpeg\" \/>\n\t<meta property=\"og:image:width\" content=\"2250\" \/>\n\t<meta property=\"og:image:height\" content=\"1500\" \/>\n\t<meta property=\"og:image:type\" content=\"image\/jpeg\" \/>\n<meta name=\"author\" content=\"treinvestimentos\" \/>\n<meta name=\"twitter:card\" content=\"summary_large_image\" \/>\n<meta name=\"twitter:label1\" content=\"Escrito por\" \/>\n\t<meta name=\"twitter:data1\" content=\"treinvestimentos\" \/>\n\t<meta name=\"twitter:label2\" content=\"Est. tempo de leitura\" \/>\n\t<meta name=\"twitter:data2\" content=\"4 minutos\" \/>\n<script type=\"application\/ld+json\" class=\"yoast-schema-graph\">{\"@context\":\"https:\\\/\\\/schema.org\",\"@graph\":[{\"@type\":\"Article\",\"@id\":\"https:\\\/\\\/treinvestimentos.com.br\\\/antigo\\\/causas\\\/a-relevancia-da-cultura-de-sustentabilidade-para-empresas\\\/#article\",\"isPartOf\":{\"@id\":\"https:\\\/\\\/treinvestimentos.com.br\\\/antigo\\\/causas\\\/a-relevancia-da-cultura-de-sustentabilidade-para-empresas\\\/\"},\"author\":{\"name\":\"treinvestimentos\",\"@id\":\"https:\\\/\\\/treinvestimentos.com.br\\\/antigo\\\/#\\\/schema\\\/person\\\/03f0c51d1313cf09246d80847f5d5a7b\"},\"headline\":\"A relev\u00e2ncia da cultura de sustentabilidade para empresas\",\"datePublished\":\"2020-09-09T20:12:59+00:00\",\"dateModified\":\"2020-09-09T20:15:02+00:00\",\"mainEntityOfPage\":{\"@id\":\"https:\\\/\\\/treinvestimentos.com.br\\\/antigo\\\/causas\\\/a-relevancia-da-cultura-de-sustentabilidade-para-empresas\\\/\"},\"wordCount\":767,\"commentCount\":0,\"publisher\":{\"@id\":\"https:\\\/\\\/treinvestimentos.com.br\\\/antigo\\\/#organization\"},\"image\":{\"@id\":\"https:\\\/\\\/treinvestimentos.com.br\\\/antigo\\\/causas\\\/a-relevancia-da-cultura-de-sustentabilidade-para-empresas\\\/#primaryimage\"},\"thumbnailUrl\":\"https:\\\/\\\/treinvestimentos.com.br\\\/antigo\\\/wp-content\\\/uploads\\\/2020\\\/09\\\/pexels-photo-4207908.jpeg\",\"articleSection\":[\"Causas\"],\"inLanguage\":\"pt-BR\",\"potentialAction\":[{\"@type\":\"CommentAction\",\"name\":\"Comment\",\"target\":[\"https:\\\/\\\/treinvestimentos.com.br\\\/antigo\\\/causas\\\/a-relevancia-da-cultura-de-sustentabilidade-para-empresas\\\/#respond\"]}]},{\"@type\":\"WebPage\",\"@id\":\"https:\\\/\\\/treinvestimentos.com.br\\\/antigo\\\/causas\\\/a-relevancia-da-cultura-de-sustentabilidade-para-empresas\\\/\",\"url\":\"https:\\\/\\\/treinvestimentos.com.br\\\/antigo\\\/causas\\\/a-relevancia-da-cultura-de-sustentabilidade-para-empresas\\\/\",\"name\":\"A relev\u00e2ncia da cultura de sustentabilidade para empresas - Tr\u00ea Investindo com Causa\",\"isPartOf\":{\"@id\":\"https:\\\/\\\/treinvestimentos.com.br\\\/antigo\\\/#website\"},\"primaryImageOfPage\":{\"@id\":\"https:\\\/\\\/treinvestimentos.com.br\\\/antigo\\\/causas\\\/a-relevancia-da-cultura-de-sustentabilidade-para-empresas\\\/#primaryimage\"},\"image\":{\"@id\":\"https:\\\/\\\/treinvestimentos.com.br\\\/antigo\\\/causas\\\/a-relevancia-da-cultura-de-sustentabilidade-para-empresas\\\/#primaryimage\"},\"thumbnailUrl\":\"https:\\\/\\\/treinvestimentos.com.br\\\/antigo\\\/wp-content\\\/uploads\\\/2020\\\/09\\\/pexels-photo-4207908.jpeg\",\"datePublished\":\"2020-09-09T20:12:59+00:00\",\"dateModified\":\"2020-09-09T20:15:02+00:00\",\"breadcrumb\":{\"@id\":\"https:\\\/\\\/treinvestimentos.com.br\\\/antigo\\\/causas\\\/a-relevancia-da-cultura-de-sustentabilidade-para-empresas\\\/#breadcrumb\"},\"inLanguage\":\"pt-BR\",\"potentialAction\":[{\"@type\":\"ReadAction\",\"target\":[\"https:\\\/\\\/treinvestimentos.com.br\\\/antigo\\\/causas\\\/a-relevancia-da-cultura-de-sustentabilidade-para-empresas\\\/\"]}]},{\"@type\":\"ImageObject\",\"inLanguage\":\"pt-BR\",\"@id\":\"https:\\\/\\\/treinvestimentos.com.br\\\/antigo\\\/causas\\\/a-relevancia-da-cultura-de-sustentabilidade-para-empresas\\\/#primaryimage\",\"url\":\"https:\\\/\\\/treinvestimentos.com.br\\\/antigo\\\/wp-content\\\/uploads\\\/2020\\\/09\\\/pexels-photo-4207908.jpeg\",\"contentUrl\":\"https:\\\/\\\/treinvestimentos.com.br\\\/antigo\\\/wp-content\\\/uploads\\\/2020\\\/09\\\/pexels-photo-4207908.jpeg\",\"width\":2250,\"height\":1500},{\"@type\":\"BreadcrumbList\",\"@id\":\"https:\\\/\\\/treinvestimentos.com.br\\\/antigo\\\/causas\\\/a-relevancia-da-cultura-de-sustentabilidade-para-empresas\\\/#breadcrumb\",\"itemListElement\":[{\"@type\":\"ListItem\",\"position\":1,\"name\":\"In\u00edcio\",\"item\":\"https:\\\/\\\/treinvestimentos.com.br\\\/antigo\\\/\"},{\"@type\":\"ListItem\",\"position\":2,\"name\":\"A relev\u00e2ncia da cultura de sustentabilidade para empresas\"}]},{\"@type\":\"WebSite\",\"@id\":\"https:\\\/\\\/treinvestimentos.com.br\\\/antigo\\\/#website\",\"url\":\"https:\\\/\\\/treinvestimentos.com.br\\\/antigo\\\/\",\"name\":\"Tr\u00ea Investindo com Causa\",\"description\":\"Queremos popularizar o investimento em causas, promovendo uma amplia\u00e7\u00e3o da consci\u00eancia no uso do dinheiro e na co-constru\u00e7\u00e3o de uma nova economia.\",\"publisher\":{\"@id\":\"https:\\\/\\\/treinvestimentos.com.br\\\/antigo\\\/#organization\"},\"potentialAction\":[{\"@type\":\"SearchAction\",\"target\":{\"@type\":\"EntryPoint\",\"urlTemplate\":\"https:\\\/\\\/treinvestimentos.com.br\\\/antigo\\\/?s={search_term_string}\"},\"query-input\":{\"@type\":\"PropertyValueSpecification\",\"valueRequired\":true,\"valueName\":\"search_term_string\"}}],\"inLanguage\":\"pt-BR\"},{\"@type\":\"Organization\",\"@id\":\"https:\\\/\\\/treinvestimentos.com.br\\\/antigo\\\/#organization\",\"name\":\"Tr\u00ea Investindo com Causa\",\"url\":\"https:\\\/\\\/treinvestimentos.com.br\\\/antigo\\\/\",\"logo\":{\"@type\":\"ImageObject\",\"inLanguage\":\"pt-BR\",\"@id\":\"https:\\\/\\\/treinvestimentos.com.br\\\/antigo\\\/#\\\/schema\\\/logo\\\/image\\\/\",\"url\":\"https:\\\/\\\/treinvestimentos.com.br\\\/wp-content\\\/uploads\\\/2021\\\/08\\\/Logo-completo-Tre-azul.png\",\"contentUrl\":\"https:\\\/\\\/treinvestimentos.com.br\\\/wp-content\\\/uploads\\\/2021\\\/08\\\/Logo-completo-Tre-azul.png\",\"width\":1175,\"height\":311,\"caption\":\"Tr\u00ea Investindo com Causa\"},\"image\":{\"@id\":\"https:\\\/\\\/treinvestimentos.com.br\\\/antigo\\\/#\\\/schema\\\/logo\\\/image\\\/\"},\"sameAs\":[\"https:\\\/\\\/www.linkedin.com\\\/company\\\/treinvestindocomcausa\\\/?originalSubdomain=br\"]},{\"@type\":\"Person\",\"@id\":\"https:\\\/\\\/treinvestimentos.com.br\\\/antigo\\\/#\\\/schema\\\/person\\\/03f0c51d1313cf09246d80847f5d5a7b\",\"name\":\"treinvestimentos\",\"image\":{\"@type\":\"ImageObject\",\"inLanguage\":\"pt-BR\",\"@id\":\"https:\\\/\\\/secure.gravatar.com\\\/avatar\\\/a66561622d9ad55907c09a64c47272a851deb8022c25643e25c047367f7f1d68?s=96&d=mm&r=g\",\"url\":\"https:\\\/\\\/secure.gravatar.com\\\/avatar\\\/a66561622d9ad55907c09a64c47272a851deb8022c25643e25c047367f7f1d68?s=96&d=mm&r=g\",\"contentUrl\":\"https:\\\/\\\/secure.gravatar.com\\\/avatar\\\/a66561622d9ad55907c09a64c47272a851deb8022c25643e25c047367f7f1d68?s=96&d=mm&r=g\",\"caption\":\"treinvestimentos\"}}]}<\/script>\n<!-- \/ Yoast SEO plugin. -->","yoast_head_json":{"title":"A relev\u00e2ncia da cultura de sustentabilidade para empresas - Tr\u00ea Investindo com Causa","robots":{"index":"noindex","follow":"follow"},"og_locale":"pt_BR","og_type":"article","og_title":"A relev\u00e2ncia da cultura de sustentabilidade para empresas - Tr\u00ea Investindo com Causa","og_description":"Feito por membros da institui\u00e7\u00e3o Baluarte Cultura O mundo do s\u00e9culo 21 \u00e9 caracterizado por transforma\u00e7\u00f5es cada vez mais&nbsp;exponenciais e&nbsp;grandes desafios marcados por quest\u00f5es interdependentes e globais: pandemia, padr\u00f5es clim\u00e1ticos...","og_url":"https:\/\/treinvestimentos.com.br\/antigo\/causas\/a-relevancia-da-cultura-de-sustentabilidade-para-empresas\/","og_site_name":"Tr\u00ea Investindo com Causa","article_published_time":"2020-09-09T20:12:59+00:00","article_modified_time":"2020-09-09T20:15:02+00:00","og_image":[{"width":2250,"height":1500,"url":"https:\/\/treinvestimentos.com.br\/antigo\/wp-content\/uploads\/2020\/09\/pexels-photo-4207908.jpeg","type":"image\/jpeg"}],"author":"treinvestimentos","twitter_card":"summary_large_image","twitter_misc":{"Escrito por":"treinvestimentos","Est. tempo de leitura":"4 minutos"},"schema":{"@context":"https:\/\/schema.org","@graph":[{"@type":"Article","@id":"https:\/\/treinvestimentos.com.br\/antigo\/causas\/a-relevancia-da-cultura-de-sustentabilidade-para-empresas\/#article","isPartOf":{"@id":"https:\/\/treinvestimentos.com.br\/antigo\/causas\/a-relevancia-da-cultura-de-sustentabilidade-para-empresas\/"},"author":{"name":"treinvestimentos","@id":"https:\/\/treinvestimentos.com.br\/antigo\/#\/schema\/person\/03f0c51d1313cf09246d80847f5d5a7b"},"headline":"A relev\u00e2ncia da cultura de sustentabilidade para empresas","datePublished":"2020-09-09T20:12:59+00:00","dateModified":"2020-09-09T20:15:02+00:00","mainEntityOfPage":{"@id":"https:\/\/treinvestimentos.com.br\/antigo\/causas\/a-relevancia-da-cultura-de-sustentabilidade-para-empresas\/"},"wordCount":767,"commentCount":0,"publisher":{"@id":"https:\/\/treinvestimentos.com.br\/antigo\/#organization"},"image":{"@id":"https:\/\/treinvestimentos.com.br\/antigo\/causas\/a-relevancia-da-cultura-de-sustentabilidade-para-empresas\/#primaryimage"},"thumbnailUrl":"https:\/\/treinvestimentos.com.br\/antigo\/wp-content\/uploads\/2020\/09\/pexels-photo-4207908.jpeg","articleSection":["Causas"],"inLanguage":"pt-BR","potentialAction":[{"@type":"CommentAction","name":"Comment","target":["https:\/\/treinvestimentos.com.br\/antigo\/causas\/a-relevancia-da-cultura-de-sustentabilidade-para-empresas\/#respond"]}]},{"@type":"WebPage","@id":"https:\/\/treinvestimentos.com.br\/antigo\/causas\/a-relevancia-da-cultura-de-sustentabilidade-para-empresas\/","url":"https:\/\/treinvestimentos.com.br\/antigo\/causas\/a-relevancia-da-cultura-de-sustentabilidade-para-empresas\/","name":"A relev\u00e2ncia da cultura de sustentabilidade para empresas - Tr\u00ea Investindo com Causa","isPartOf":{"@id":"https:\/\/treinvestimentos.com.br\/antigo\/#website"},"primaryImageOfPage":{"@id":"https:\/\/treinvestimentos.com.br\/antigo\/causas\/a-relevancia-da-cultura-de-sustentabilidade-para-empresas\/#primaryimage"},"image":{"@id":"https:\/\/treinvestimentos.com.br\/antigo\/causas\/a-relevancia-da-cultura-de-sustentabilidade-para-empresas\/#primaryimage"},"thumbnailUrl":"https:\/\/treinvestimentos.com.br\/antigo\/wp-content\/uploads\/2020\/09\/pexels-photo-4207908.jpeg","datePublished":"2020-09-09T20:12:59+00:00","dateModified":"2020-09-09T20:15:02+00:00","breadcrumb":{"@id":"https:\/\/treinvestimentos.com.br\/antigo\/causas\/a-relevancia-da-cultura-de-sustentabilidade-para-empresas\/#breadcrumb"},"inLanguage":"pt-BR","potentialAction":[{"@type":"ReadAction","target":["https:\/\/treinvestimentos.com.br\/antigo\/causas\/a-relevancia-da-cultura-de-sustentabilidade-para-empresas\/"]}]},{"@type":"ImageObject","inLanguage":"pt-BR","@id":"https:\/\/treinvestimentos.com.br\/antigo\/causas\/a-relevancia-da-cultura-de-sustentabilidade-para-empresas\/#primaryimage","url":"https:\/\/treinvestimentos.com.br\/antigo\/wp-content\/uploads\/2020\/09\/pexels-photo-4207908.jpeg","contentUrl":"https:\/\/treinvestimentos.com.br\/antigo\/wp-content\/uploads\/2020\/09\/pexels-photo-4207908.jpeg","width":2250,"height":1500},{"@type":"BreadcrumbList","@id":"https:\/\/treinvestimentos.com.br\/antigo\/causas\/a-relevancia-da-cultura-de-sustentabilidade-para-empresas\/#breadcrumb","itemListElement":[{"@type":"ListItem","position":1,"name":"In\u00edcio","item":"https:\/\/treinvestimentos.com.br\/antigo\/"},{"@type":"ListItem","position":2,"name":"A relev\u00e2ncia da cultura de sustentabilidade para empresas"}]},{"@type":"WebSite","@id":"https:\/\/treinvestimentos.com.br\/antigo\/#website","url":"https:\/\/treinvestimentos.com.br\/antigo\/","name":"Tr\u00ea Investindo com Causa","description":"Queremos popularizar o investimento em causas, promovendo uma amplia\u00e7\u00e3o da consci\u00eancia no uso do dinheiro e na co-constru\u00e7\u00e3o de uma nova economia.","publisher":{"@id":"https:\/\/treinvestimentos.com.br\/antigo\/#organization"},"potentialAction":[{"@type":"SearchAction","target":{"@type":"EntryPoint","urlTemplate":"https:\/\/treinvestimentos.com.br\/antigo\/?s={search_term_string}"},"query-input":{"@type":"PropertyValueSpecification","valueRequired":true,"valueName":"search_term_string"}}],"inLanguage":"pt-BR"},{"@type":"Organization","@id":"https:\/\/treinvestimentos.com.br\/antigo\/#organization","name":"Tr\u00ea Investindo com Causa","url":"https:\/\/treinvestimentos.com.br\/antigo\/","logo":{"@type":"ImageObject","inLanguage":"pt-BR","@id":"https:\/\/treinvestimentos.com.br\/antigo\/#\/schema\/logo\/image\/","url":"https:\/\/treinvestimentos.com.br\/wp-content\/uploads\/2021\/08\/Logo-completo-Tre-azul.png","contentUrl":"https:\/\/treinvestimentos.com.br\/wp-content\/uploads\/2021\/08\/Logo-completo-Tre-azul.png","width":1175,"height":311,"caption":"Tr\u00ea Investindo com Causa"},"image":{"@id":"https:\/\/treinvestimentos.com.br\/antigo\/#\/schema\/logo\/image\/"},"sameAs":["https:\/\/www.linkedin.com\/company\/treinvestindocomcausa\/?originalSubdomain=br"]},{"@type":"Person","@id":"https:\/\/treinvestimentos.com.br\/antigo\/#\/schema\/person\/03f0c51d1313cf09246d80847f5d5a7b","name":"treinvestimentos","image":{"@type":"ImageObject","inLanguage":"pt-BR","@id":"https:\/\/secure.gravatar.com\/avatar\/a66561622d9ad55907c09a64c47272a851deb8022c25643e25c047367f7f1d68?s=96&d=mm&r=g","url":"https:\/\/secure.gravatar.com\/avatar\/a66561622d9ad55907c09a64c47272a851deb8022c25643e25c047367f7f1d68?s=96&d=mm&r=g","contentUrl":"https:\/\/secure.gravatar.com\/avatar\/a66561622d9ad55907c09a64c47272a851deb8022c25643e25c047367f7f1d68?s=96&d=mm&r=g","caption":"treinvestimentos"}}]}},"_links":{"self":[{"href":"https:\/\/treinvestimentos.com.br\/antigo\/wp-json\/wp\/v2\/posts\/804","targetHints":{"allow":["GET"]}}],"collection":[{"href":"https:\/\/treinvestimentos.com.br\/antigo\/wp-json\/wp\/v2\/posts"}],"about":[{"href":"https:\/\/treinvestimentos.com.br\/antigo\/wp-json\/wp\/v2\/types\/post"}],"author":[{"embeddable":true,"href":"https:\/\/treinvestimentos.com.br\/antigo\/wp-json\/wp\/v2\/users\/2"}],"replies":[{"embeddable":true,"href":"https:\/\/treinvestimentos.com.br\/antigo\/wp-json\/wp\/v2\/comments?post=804"}],"version-history":[{"count":1,"href":"https:\/\/treinvestimentos.com.br\/antigo\/wp-json\/wp\/v2\/posts\/804\/revisions"}],"predecessor-version":[{"id":809,"href":"https:\/\/treinvestimentos.com.br\/antigo\/wp-json\/wp\/v2\/posts\/804\/revisions\/809"}],"wp:featuredmedia":[{"embeddable":true,"href":"https:\/\/treinvestimentos.com.br\/antigo\/wp-json\/wp\/v2\/media\/805"}],"wp:attachment":[{"href":"https:\/\/treinvestimentos.com.br\/antigo\/wp-json\/wp\/v2\/media?parent=804"}],"wp:term":[{"taxonomy":"category","embeddable":true,"href":"https:\/\/treinvestimentos.com.br\/antigo\/wp-json\/wp\/v2\/categories?post=804"},{"taxonomy":"post_tag","embeddable":true,"href":"https:\/\/treinvestimentos.com.br\/antigo\/wp-json\/wp\/v2\/tags?post=804"}],"curies":[{"name":"wp","href":"https:\/\/api.w.org\/{rel}","templated":true}]}}