{"id":765,"date":"2020-08-20T18:43:40","date_gmt":"2020-08-20T21:43:40","guid":{"rendered":"http:\/\/localhost:8888\/tre\/?p=765"},"modified":"2020-08-20T18:49:06","modified_gmt":"2020-08-20T21:49:06","slug":"o-poder-do-storytelling-para-impacto-social","status":"publish","type":"post","link":"https:\/\/treinvestimentos.com.br\/antigo\/causas\/o-poder-do-storytelling-para-impacto-social\/","title":{"rendered":"O poder do storytelling para impacto social"},"content":{"rendered":"\n<p><em>Por Henry Grazinoli e Marcelo Douek, co-fundadores da Social Docs<\/em><\/p>\n\n\n\n<p>O grande empreendedor social Muhammad Yunus acredita que aquilo que imaginamos pode ser constru\u00eddo. Segundo Yunus, basta olhar para as hist\u00f3rias de fic\u00e7\u00e3o cient\u00edfica do passado para perceber quantas coisas conseguimos construir a partir delas. Se imaginamos, \u00e9 poss\u00edvel tornar real.<\/p>\n\n\n\n<p>Yunus ent\u00e3o desenvolveu o conceito de fic\u00e7\u00e3o social. E a partir disso, ele conta uma historinha: um dia todas as pessoas ter\u00e3o boas oportunidades para se desenvolverem plenamente, todas ter\u00e3o educa\u00e7\u00e3o, sa\u00fade e trabalho. As fam\u00edlias ir\u00e3o visitar museus e dentro deles poder\u00e3o ver a pobreza. V\u00e3o pensar: \u201cnossa, um dia j\u00e1 existiu a pobreza. Hoje ela \u00e9 coisa de museu.\u201d<\/p>\n\n\n\n<p>Se podemos imaginar, podemos construir. E quanto mais gente puder imaginar um futuro melhor, mais perto estaremos de constru\u00ed-lo.&nbsp;<\/p>\n\n\n\n<figure class=\"wp-block-image size-large\"><img loading=\"lazy\" decoding=\"async\" width=\"1024\" height=\"683\" src=\"http:\/\/localhost:8888\/tre\/wp-content\/uploads\/2020\/08\/pexels-photo-4569333_auto_x1-1-1024x683.jpg\" alt=\"\" class=\"wp-image-767\" srcset=\"https:\/\/treinvestimentos.com.br\/antigo\/wp-content\/uploads\/2020\/08\/pexels-photo-4569333_auto_x1-1-1024x683.jpg 1024w, https:\/\/treinvestimentos.com.br\/antigo\/wp-content\/uploads\/2020\/08\/pexels-photo-4569333_auto_x1-1-300x200.jpg 300w, https:\/\/treinvestimentos.com.br\/antigo\/wp-content\/uploads\/2020\/08\/pexels-photo-4569333_auto_x1-1-768x512.jpg 768w, https:\/\/treinvestimentos.com.br\/antigo\/wp-content\/uploads\/2020\/08\/pexels-photo-4569333_auto_x1-1-1536x1024.jpg 1536w, https:\/\/treinvestimentos.com.br\/antigo\/wp-content\/uploads\/2020\/08\/pexels-photo-4569333_auto_x1-1-2048x1365.jpg 2048w, https:\/\/treinvestimentos.com.br\/antigo\/wp-content\/uploads\/2020\/08\/pexels-photo-4569333_auto_x1-1-900x600.jpg 900w\" sizes=\"auto, (max-width: 1024px) 100vw, 1024px\" \/><\/figure>\n\n\n\n<p>Estamos falando em construir imagin\u00e1rios. As hist\u00f3rias s\u00e3o o que existe de mais poderoso para criarmos um imagin\u00e1rio coletivo positivo, de que cada um pode fazer sua parte na constru\u00e7\u00e3o dessa sociedade melhor. Quanto mais hist\u00f3rias de transforma\u00e7\u00e3o social forem contadas e&nbsp;quanto mais espa\u00e7o nas redes e nas m\u00eddias elas ocuparem, mais pessoas v\u00e3o se inspirar, se engajar&nbsp;e gerar novas hist\u00f3rias reais de transforma\u00e7\u00e3o social. E elas precisam ser contadas, para manter vivo este circulo virtuoso.<\/p>\n\n\n\n<p>Desde Arist\u00f3teles, um dos primeiros fil\u00f3sofos a sistematizar um m\u00e9todo para contar hist\u00f3rias, sabemos que elas s\u00e3o ferramentas poderosas de comunica\u00e7\u00e3o porque falam com nosso emocional. As hist\u00f3rias comunicam menos com nossa raz\u00e3o e mais com a nossa emo\u00e7\u00e3o. Elas fazem parte da cultura humana desde sempre. Segundo o neurocientista Sidarta Ribeiro, elas fazem parte da constitui\u00e7\u00e3o do nosso jeito de pensar e de agir no mundo. Desde antes de sermos humanos, quando \u00e9ramos algum outro mam\u00edfero, j\u00e1 sonh\u00e1vamos e nos sonhos estavam presentes as estruturas narrativas. N\u00e3o \u00e9 por acaso que pagamos para entrar numa sala de cinema e passar 2 horas assistindo a uma hist\u00f3ria. Ou maratonamos s\u00e9ries na Netflix.<\/p>\n\n\n\n<p>Voltando a Arist\u00f3teles, ele acreditava que as hist\u00f3rias t\u00eam uma fun\u00e7\u00e3o pedag\u00f3gica muito importante: elas nos ensinam coisas atrav\u00e9s do EXEMPLO. Por isso elas s\u00e3o aliadas t\u00e3o importantes na constru\u00e7\u00e3o de um imagin\u00e1rio positivo para a nossa sociedade.<\/p>\n\n\n\n<figure class=\"wp-block-image size-large\"><img loading=\"lazy\" decoding=\"async\" width=\"1024\" height=\"683\" src=\"http:\/\/localhost:8888\/tre\/wp-content\/uploads\/2020\/08\/pexels-photo-3457273_auto_x1-1024x683.jpg\" alt=\"\" class=\"wp-image-768\" srcset=\"https:\/\/treinvestimentos.com.br\/antigo\/wp-content\/uploads\/2020\/08\/pexels-photo-3457273_auto_x1-1024x683.jpg 1024w, https:\/\/treinvestimentos.com.br\/antigo\/wp-content\/uploads\/2020\/08\/pexels-photo-3457273_auto_x1-300x200.jpg 300w, https:\/\/treinvestimentos.com.br\/antigo\/wp-content\/uploads\/2020\/08\/pexels-photo-3457273_auto_x1-768x512.jpg 768w, https:\/\/treinvestimentos.com.br\/antigo\/wp-content\/uploads\/2020\/08\/pexels-photo-3457273_auto_x1-1536x1024.jpg 1536w, https:\/\/treinvestimentos.com.br\/antigo\/wp-content\/uploads\/2020\/08\/pexels-photo-3457273_auto_x1-2048x1365.jpg 2048w, https:\/\/treinvestimentos.com.br\/antigo\/wp-content\/uploads\/2020\/08\/pexels-photo-3457273_auto_x1-900x600.jpg 900w\" sizes=\"auto, (max-width: 1024px) 100vw, 1024px\" \/><\/figure>\n\n\n\n<p>Falando um pouco da nossa experi\u00eancia,&nbsp;&nbsp;hist\u00f3rias que transformamos em filmes para a internet foram mais vistas e geraram mais engajamento do que grandes produ\u00e7\u00f5es publicit\u00e1rias. Alcan\u00e7amos mais de 60 milh\u00f5es de visualiza\u00e7\u00f5es com hist\u00f3rias reais, de projetos sociais transformando vidas.<\/p>\n\n\n\n<p>As pessoas est\u00e3o \u00e1vidas pelas boas causas, querem consumir hist\u00f3rias que possam lhes proporcionar esperan\u00e7a e que possam sugerir caminhos para que atuem positivamente no mundo. As pessoas est\u00e3o, cada vez mais, em busca de prop\u00f3sito. E as hist\u00f3rias podem ajudar muito.<\/p>\n\n\n\n<p>A pandemia tamb\u00e9m tem nos trazido algumas li\u00e7\u00f5es. Uma delas \u00e9 que, por incr\u00edvel que pare\u00e7a, muita, mas muita gente ainda n\u00e3o tinha a real dimens\u00e3o da nossa desigualdade social. A pandemia escancarou isso e abriu mais espa\u00e7o para estas hist\u00f3rias e este debate. Al\u00e9m disso colocou em xeque as est\u00e9ticas com as quais est\u00e1vamos acostumados. A ida mais profunda para o digital diminuiu nosso n\u00edvel de exig\u00eancia est\u00e9tica com o audiovisual, por exemplo. Mas nossa busca por solu\u00e7\u00f5es para os diversos problemas relacionados ao Coronav\u00edrus aumentaram nosso n\u00edvel de exig\u00eancia por informa\u00e7\u00e3o de qualidade e por hist\u00f3rias reais, bem contadas.&nbsp;<\/p>\n\n\n\n<p>O processo de constru\u00e7\u00e3o de uma sociedade mais justa e sustent\u00e1vel j\u00e1 come\u00e7ou. Ele est\u00e1 sendo feito por grandes, m\u00e9dias e pequenas ONGs, institutos, funda\u00e7\u00f5es, algumas empresas, alguns governos. Ele est\u00e1 sendo feito, acima de tudo, por pessoas como n\u00f3s. E estas hist\u00f3rias precisam ser contadas para fortalecer o imagin\u00e1rio de mais e mais gente.&nbsp;&nbsp;<\/p>\n\n\n\n<p>Comunicar as hist\u00f3rias \u00e9 t\u00e3o importante quanto realizar um trabalho transformador.<\/p>\n\n\n\n<h2 class=\"wp-block-heading\">Sobre a Social Docs:&nbsp;<\/h2>\n\n\n\n<p>A <a href=\"https:\/\/www.socialdocs.com.br\">Social Docs<\/a> \u00e9 a primeira empresa de conte\u00fado e storytelling do pa\u00eds focada em contar hist\u00f3rias de transforma\u00e7\u00e3o e impacto social. Fundada pelos s\u00f3cios Henry Grazinoli e Marcelo Douek, a produtora atende clientes do mundo corporativo, como Visa, e organiza\u00e7\u00f5es como ONU. Com produ\u00e7\u00e3o de conte\u00fado, document\u00e1rios, treinamentos e oficinas, al\u00e9m de consultoria em storytelling, a Social Docs realiza trabalhos para engajar pessoas, gerar awareness e captar recursos para seus clientes. Acredita que as hist\u00f3rias t\u00eam o poder de mudar as pessoas, e pessoas inspiradas podem mudar o mundo.&nbsp;<\/p>\n","protected":false},"excerpt":{"rendered":"<p>Por Henry Grazinoli e Marcelo Douek, co-fundadores da Social Docs O grande empreendedor social Muhammad Yunus acredita que aquilo que imaginamos pode ser constru\u00eddo. Segundo Yunus, basta olhar para as&#8230;<\/p>\n","protected":false},"author":2,"featured_media":767,"comment_status":"open","ping_status":"open","sticky":false,"template":"","format":"standard","meta":{"give_campaign_id":0,"inline_featured_image":false,"footnotes":""},"categories":[4],"tags":[],"class_list":{"0":"post-765","1":"post","2":"type-post","3":"status-publish","4":"format-standard","5":"has-post-thumbnail","7":"category-causas"},"yoast_head":"<!-- This site is optimized with the Yoast SEO plugin v27.5 - https:\/\/yoast.com\/product\/yoast-seo-wordpress\/ -->\n<title>O poder do storytelling para impacto social - Tr\u00ea Investindo com Causa<\/title>\n<meta name=\"robots\" content=\"noindex, follow\" \/>\n<meta property=\"og:locale\" content=\"pt_BR\" \/>\n<meta property=\"og:type\" content=\"article\" \/>\n<meta property=\"og:title\" content=\"O poder do storytelling para impacto social - Tr\u00ea Investindo com Causa\" \/>\n<meta property=\"og:description\" content=\"Por Henry Grazinoli e Marcelo Douek, co-fundadores da Social Docs O grande empreendedor social Muhammad Yunus acredita que aquilo que imaginamos pode ser constru\u00eddo. Segundo Yunus, basta olhar para as...\" \/>\n<meta property=\"og:url\" content=\"https:\/\/treinvestimentos.com.br\/antigo\/causas\/o-poder-do-storytelling-para-impacto-social\/\" \/>\n<meta property=\"og:site_name\" content=\"Tr\u00ea Investindo com Causa\" \/>\n<meta property=\"article:published_time\" content=\"2020-08-20T21:43:40+00:00\" \/>\n<meta property=\"article:modified_time\" content=\"2020-08-20T21:49:06+00:00\" \/>\n<meta property=\"og:image\" content=\"https:\/\/treinvestimentos.com.br\/antigo\/wp-content\/uploads\/2020\/08\/pexels-photo-4569333_auto_x1-1.jpg\" \/>\n\t<meta property=\"og:image:width\" content=\"2250\" \/>\n\t<meta property=\"og:image:height\" content=\"1500\" \/>\n\t<meta property=\"og:image:type\" content=\"image\/jpeg\" \/>\n<meta name=\"author\" content=\"treinvestimentos\" \/>\n<meta name=\"twitter:card\" content=\"summary_large_image\" \/>\n<meta name=\"twitter:label1\" content=\"Escrito por\" \/>\n\t<meta name=\"twitter:data1\" content=\"treinvestimentos\" \/>\n\t<meta name=\"twitter:label2\" content=\"Est. tempo de leitura\" \/>\n\t<meta name=\"twitter:data2\" content=\"4 minutos\" \/>\n<script type=\"application\/ld+json\" class=\"yoast-schema-graph\">{\"@context\":\"https:\\\/\\\/schema.org\",\"@graph\":[{\"@type\":\"Article\",\"@id\":\"https:\\\/\\\/treinvestimentos.com.br\\\/antigo\\\/causas\\\/o-poder-do-storytelling-para-impacto-social\\\/#article\",\"isPartOf\":{\"@id\":\"https:\\\/\\\/treinvestimentos.com.br\\\/antigo\\\/causas\\\/o-poder-do-storytelling-para-impacto-social\\\/\"},\"author\":{\"name\":\"treinvestimentos\",\"@id\":\"https:\\\/\\\/treinvestimentos.com.br\\\/antigo\\\/#\\\/schema\\\/person\\\/03f0c51d1313cf09246d80847f5d5a7b\"},\"headline\":\"O poder do storytelling para impacto social\",\"datePublished\":\"2020-08-20T21:43:40+00:00\",\"dateModified\":\"2020-08-20T21:49:06+00:00\",\"mainEntityOfPage\":{\"@id\":\"https:\\\/\\\/treinvestimentos.com.br\\\/antigo\\\/causas\\\/o-poder-do-storytelling-para-impacto-social\\\/\"},\"wordCount\":821,\"commentCount\":0,\"publisher\":{\"@id\":\"https:\\\/\\\/treinvestimentos.com.br\\\/antigo\\\/#organization\"},\"image\":{\"@id\":\"https:\\\/\\\/treinvestimentos.com.br\\\/antigo\\\/causas\\\/o-poder-do-storytelling-para-impacto-social\\\/#primaryimage\"},\"thumbnailUrl\":\"https:\\\/\\\/treinvestimentos.com.br\\\/antigo\\\/wp-content\\\/uploads\\\/2020\\\/08\\\/pexels-photo-4569333_auto_x1-1.jpg\",\"articleSection\":[\"Causas\"],\"inLanguage\":\"pt-BR\",\"potentialAction\":[{\"@type\":\"CommentAction\",\"name\":\"Comment\",\"target\":[\"https:\\\/\\\/treinvestimentos.com.br\\\/antigo\\\/causas\\\/o-poder-do-storytelling-para-impacto-social\\\/#respond\"]}]},{\"@type\":\"WebPage\",\"@id\":\"https:\\\/\\\/treinvestimentos.com.br\\\/antigo\\\/causas\\\/o-poder-do-storytelling-para-impacto-social\\\/\",\"url\":\"https:\\\/\\\/treinvestimentos.com.br\\\/antigo\\\/causas\\\/o-poder-do-storytelling-para-impacto-social\\\/\",\"name\":\"O poder do storytelling para impacto social - Tr\u00ea Investindo com Causa\",\"isPartOf\":{\"@id\":\"https:\\\/\\\/treinvestimentos.com.br\\\/antigo\\\/#website\"},\"primaryImageOfPage\":{\"@id\":\"https:\\\/\\\/treinvestimentos.com.br\\\/antigo\\\/causas\\\/o-poder-do-storytelling-para-impacto-social\\\/#primaryimage\"},\"image\":{\"@id\":\"https:\\\/\\\/treinvestimentos.com.br\\\/antigo\\\/causas\\\/o-poder-do-storytelling-para-impacto-social\\\/#primaryimage\"},\"thumbnailUrl\":\"https:\\\/\\\/treinvestimentos.com.br\\\/antigo\\\/wp-content\\\/uploads\\\/2020\\\/08\\\/pexels-photo-4569333_auto_x1-1.jpg\",\"datePublished\":\"2020-08-20T21:43:40+00:00\",\"dateModified\":\"2020-08-20T21:49:06+00:00\",\"breadcrumb\":{\"@id\":\"https:\\\/\\\/treinvestimentos.com.br\\\/antigo\\\/causas\\\/o-poder-do-storytelling-para-impacto-social\\\/#breadcrumb\"},\"inLanguage\":\"pt-BR\",\"potentialAction\":[{\"@type\":\"ReadAction\",\"target\":[\"https:\\\/\\\/treinvestimentos.com.br\\\/antigo\\\/causas\\\/o-poder-do-storytelling-para-impacto-social\\\/\"]}]},{\"@type\":\"ImageObject\",\"inLanguage\":\"pt-BR\",\"@id\":\"https:\\\/\\\/treinvestimentos.com.br\\\/antigo\\\/causas\\\/o-poder-do-storytelling-para-impacto-social\\\/#primaryimage\",\"url\":\"https:\\\/\\\/treinvestimentos.com.br\\\/antigo\\\/wp-content\\\/uploads\\\/2020\\\/08\\\/pexels-photo-4569333_auto_x1-1.jpg\",\"contentUrl\":\"https:\\\/\\\/treinvestimentos.com.br\\\/antigo\\\/wp-content\\\/uploads\\\/2020\\\/08\\\/pexels-photo-4569333_auto_x1-1.jpg\",\"width\":2250,\"height\":1500},{\"@type\":\"BreadcrumbList\",\"@id\":\"https:\\\/\\\/treinvestimentos.com.br\\\/antigo\\\/causas\\\/o-poder-do-storytelling-para-impacto-social\\\/#breadcrumb\",\"itemListElement\":[{\"@type\":\"ListItem\",\"position\":1,\"name\":\"In\u00edcio\",\"item\":\"https:\\\/\\\/treinvestimentos.com.br\\\/antigo\\\/\"},{\"@type\":\"ListItem\",\"position\":2,\"name\":\"O poder do storytelling para impacto social\"}]},{\"@type\":\"WebSite\",\"@id\":\"https:\\\/\\\/treinvestimentos.com.br\\\/antigo\\\/#website\",\"url\":\"https:\\\/\\\/treinvestimentos.com.br\\\/antigo\\\/\",\"name\":\"Tr\u00ea Investindo com Causa\",\"description\":\"Queremos popularizar o investimento em causas, promovendo uma amplia\u00e7\u00e3o da consci\u00eancia no uso do dinheiro e na co-constru\u00e7\u00e3o de uma nova economia.\",\"publisher\":{\"@id\":\"https:\\\/\\\/treinvestimentos.com.br\\\/antigo\\\/#organization\"},\"potentialAction\":[{\"@type\":\"SearchAction\",\"target\":{\"@type\":\"EntryPoint\",\"urlTemplate\":\"https:\\\/\\\/treinvestimentos.com.br\\\/antigo\\\/?s={search_term_string}\"},\"query-input\":{\"@type\":\"PropertyValueSpecification\",\"valueRequired\":true,\"valueName\":\"search_term_string\"}}],\"inLanguage\":\"pt-BR\"},{\"@type\":\"Organization\",\"@id\":\"https:\\\/\\\/treinvestimentos.com.br\\\/antigo\\\/#organization\",\"name\":\"Tr\u00ea Investindo com Causa\",\"url\":\"https:\\\/\\\/treinvestimentos.com.br\\\/antigo\\\/\",\"logo\":{\"@type\":\"ImageObject\",\"inLanguage\":\"pt-BR\",\"@id\":\"https:\\\/\\\/treinvestimentos.com.br\\\/antigo\\\/#\\\/schema\\\/logo\\\/image\\\/\",\"url\":\"https:\\\/\\\/treinvestimentos.com.br\\\/wp-content\\\/uploads\\\/2021\\\/08\\\/Logo-completo-Tre-azul.png\",\"contentUrl\":\"https:\\\/\\\/treinvestimentos.com.br\\\/wp-content\\\/uploads\\\/2021\\\/08\\\/Logo-completo-Tre-azul.png\",\"width\":1175,\"height\":311,\"caption\":\"Tr\u00ea Investindo com Causa\"},\"image\":{\"@id\":\"https:\\\/\\\/treinvestimentos.com.br\\\/antigo\\\/#\\\/schema\\\/logo\\\/image\\\/\"},\"sameAs\":[\"https:\\\/\\\/www.linkedin.com\\\/company\\\/treinvestindocomcausa\\\/?originalSubdomain=br\"]},{\"@type\":\"Person\",\"@id\":\"https:\\\/\\\/treinvestimentos.com.br\\\/antigo\\\/#\\\/schema\\\/person\\\/03f0c51d1313cf09246d80847f5d5a7b\",\"name\":\"treinvestimentos\",\"image\":{\"@type\":\"ImageObject\",\"inLanguage\":\"pt-BR\",\"@id\":\"https:\\\/\\\/secure.gravatar.com\\\/avatar\\\/a66561622d9ad55907c09a64c47272a851deb8022c25643e25c047367f7f1d68?s=96&d=mm&r=g\",\"url\":\"https:\\\/\\\/secure.gravatar.com\\\/avatar\\\/a66561622d9ad55907c09a64c47272a851deb8022c25643e25c047367f7f1d68?s=96&d=mm&r=g\",\"contentUrl\":\"https:\\\/\\\/secure.gravatar.com\\\/avatar\\\/a66561622d9ad55907c09a64c47272a851deb8022c25643e25c047367f7f1d68?s=96&d=mm&r=g\",\"caption\":\"treinvestimentos\"}}]}<\/script>\n<!-- \/ Yoast SEO plugin. -->","yoast_head_json":{"title":"O poder do storytelling para impacto social - Tr\u00ea Investindo com Causa","robots":{"index":"noindex","follow":"follow"},"og_locale":"pt_BR","og_type":"article","og_title":"O poder do storytelling para impacto social - Tr\u00ea Investindo com Causa","og_description":"Por Henry Grazinoli e Marcelo Douek, co-fundadores da Social Docs O grande empreendedor social Muhammad Yunus acredita que aquilo que imaginamos pode ser constru\u00eddo. Segundo Yunus, basta olhar para as...","og_url":"https:\/\/treinvestimentos.com.br\/antigo\/causas\/o-poder-do-storytelling-para-impacto-social\/","og_site_name":"Tr\u00ea Investindo com Causa","article_published_time":"2020-08-20T21:43:40+00:00","article_modified_time":"2020-08-20T21:49:06+00:00","og_image":[{"width":2250,"height":1500,"url":"https:\/\/treinvestimentos.com.br\/antigo\/wp-content\/uploads\/2020\/08\/pexels-photo-4569333_auto_x1-1.jpg","type":"image\/jpeg"}],"author":"treinvestimentos","twitter_card":"summary_large_image","twitter_misc":{"Escrito por":"treinvestimentos","Est. tempo de leitura":"4 minutos"},"schema":{"@context":"https:\/\/schema.org","@graph":[{"@type":"Article","@id":"https:\/\/treinvestimentos.com.br\/antigo\/causas\/o-poder-do-storytelling-para-impacto-social\/#article","isPartOf":{"@id":"https:\/\/treinvestimentos.com.br\/antigo\/causas\/o-poder-do-storytelling-para-impacto-social\/"},"author":{"name":"treinvestimentos","@id":"https:\/\/treinvestimentos.com.br\/antigo\/#\/schema\/person\/03f0c51d1313cf09246d80847f5d5a7b"},"headline":"O poder do storytelling para impacto social","datePublished":"2020-08-20T21:43:40+00:00","dateModified":"2020-08-20T21:49:06+00:00","mainEntityOfPage":{"@id":"https:\/\/treinvestimentos.com.br\/antigo\/causas\/o-poder-do-storytelling-para-impacto-social\/"},"wordCount":821,"commentCount":0,"publisher":{"@id":"https:\/\/treinvestimentos.com.br\/antigo\/#organization"},"image":{"@id":"https:\/\/treinvestimentos.com.br\/antigo\/causas\/o-poder-do-storytelling-para-impacto-social\/#primaryimage"},"thumbnailUrl":"https:\/\/treinvestimentos.com.br\/antigo\/wp-content\/uploads\/2020\/08\/pexels-photo-4569333_auto_x1-1.jpg","articleSection":["Causas"],"inLanguage":"pt-BR","potentialAction":[{"@type":"CommentAction","name":"Comment","target":["https:\/\/treinvestimentos.com.br\/antigo\/causas\/o-poder-do-storytelling-para-impacto-social\/#respond"]}]},{"@type":"WebPage","@id":"https:\/\/treinvestimentos.com.br\/antigo\/causas\/o-poder-do-storytelling-para-impacto-social\/","url":"https:\/\/treinvestimentos.com.br\/antigo\/causas\/o-poder-do-storytelling-para-impacto-social\/","name":"O poder do storytelling para impacto social - Tr\u00ea Investindo com Causa","isPartOf":{"@id":"https:\/\/treinvestimentos.com.br\/antigo\/#website"},"primaryImageOfPage":{"@id":"https:\/\/treinvestimentos.com.br\/antigo\/causas\/o-poder-do-storytelling-para-impacto-social\/#primaryimage"},"image":{"@id":"https:\/\/treinvestimentos.com.br\/antigo\/causas\/o-poder-do-storytelling-para-impacto-social\/#primaryimage"},"thumbnailUrl":"https:\/\/treinvestimentos.com.br\/antigo\/wp-content\/uploads\/2020\/08\/pexels-photo-4569333_auto_x1-1.jpg","datePublished":"2020-08-20T21:43:40+00:00","dateModified":"2020-08-20T21:49:06+00:00","breadcrumb":{"@id":"https:\/\/treinvestimentos.com.br\/antigo\/causas\/o-poder-do-storytelling-para-impacto-social\/#breadcrumb"},"inLanguage":"pt-BR","potentialAction":[{"@type":"ReadAction","target":["https:\/\/treinvestimentos.com.br\/antigo\/causas\/o-poder-do-storytelling-para-impacto-social\/"]}]},{"@type":"ImageObject","inLanguage":"pt-BR","@id":"https:\/\/treinvestimentos.com.br\/antigo\/causas\/o-poder-do-storytelling-para-impacto-social\/#primaryimage","url":"https:\/\/treinvestimentos.com.br\/antigo\/wp-content\/uploads\/2020\/08\/pexels-photo-4569333_auto_x1-1.jpg","contentUrl":"https:\/\/treinvestimentos.com.br\/antigo\/wp-content\/uploads\/2020\/08\/pexels-photo-4569333_auto_x1-1.jpg","width":2250,"height":1500},{"@type":"BreadcrumbList","@id":"https:\/\/treinvestimentos.com.br\/antigo\/causas\/o-poder-do-storytelling-para-impacto-social\/#breadcrumb","itemListElement":[{"@type":"ListItem","position":1,"name":"In\u00edcio","item":"https:\/\/treinvestimentos.com.br\/antigo\/"},{"@type":"ListItem","position":2,"name":"O poder do storytelling para impacto social"}]},{"@type":"WebSite","@id":"https:\/\/treinvestimentos.com.br\/antigo\/#website","url":"https:\/\/treinvestimentos.com.br\/antigo\/","name":"Tr\u00ea Investindo com Causa","description":"Queremos popularizar o investimento em causas, promovendo uma amplia\u00e7\u00e3o da consci\u00eancia no uso do dinheiro e na co-constru\u00e7\u00e3o de uma nova economia.","publisher":{"@id":"https:\/\/treinvestimentos.com.br\/antigo\/#organization"},"potentialAction":[{"@type":"SearchAction","target":{"@type":"EntryPoint","urlTemplate":"https:\/\/treinvestimentos.com.br\/antigo\/?s={search_term_string}"},"query-input":{"@type":"PropertyValueSpecification","valueRequired":true,"valueName":"search_term_string"}}],"inLanguage":"pt-BR"},{"@type":"Organization","@id":"https:\/\/treinvestimentos.com.br\/antigo\/#organization","name":"Tr\u00ea Investindo com Causa","url":"https:\/\/treinvestimentos.com.br\/antigo\/","logo":{"@type":"ImageObject","inLanguage":"pt-BR","@id":"https:\/\/treinvestimentos.com.br\/antigo\/#\/schema\/logo\/image\/","url":"https:\/\/treinvestimentos.com.br\/wp-content\/uploads\/2021\/08\/Logo-completo-Tre-azul.png","contentUrl":"https:\/\/treinvestimentos.com.br\/wp-content\/uploads\/2021\/08\/Logo-completo-Tre-azul.png","width":1175,"height":311,"caption":"Tr\u00ea Investindo com Causa"},"image":{"@id":"https:\/\/treinvestimentos.com.br\/antigo\/#\/schema\/logo\/image\/"},"sameAs":["https:\/\/www.linkedin.com\/company\/treinvestindocomcausa\/?originalSubdomain=br"]},{"@type":"Person","@id":"https:\/\/treinvestimentos.com.br\/antigo\/#\/schema\/person\/03f0c51d1313cf09246d80847f5d5a7b","name":"treinvestimentos","image":{"@type":"ImageObject","inLanguage":"pt-BR","@id":"https:\/\/secure.gravatar.com\/avatar\/a66561622d9ad55907c09a64c47272a851deb8022c25643e25c047367f7f1d68?s=96&d=mm&r=g","url":"https:\/\/secure.gravatar.com\/avatar\/a66561622d9ad55907c09a64c47272a851deb8022c25643e25c047367f7f1d68?s=96&d=mm&r=g","contentUrl":"https:\/\/secure.gravatar.com\/avatar\/a66561622d9ad55907c09a64c47272a851deb8022c25643e25c047367f7f1d68?s=96&d=mm&r=g","caption":"treinvestimentos"}}]}},"_links":{"self":[{"href":"https:\/\/treinvestimentos.com.br\/antigo\/wp-json\/wp\/v2\/posts\/765","targetHints":{"allow":["GET"]}}],"collection":[{"href":"https:\/\/treinvestimentos.com.br\/antigo\/wp-json\/wp\/v2\/posts"}],"about":[{"href":"https:\/\/treinvestimentos.com.br\/antigo\/wp-json\/wp\/v2\/types\/post"}],"author":[{"embeddable":true,"href":"https:\/\/treinvestimentos.com.br\/antigo\/wp-json\/wp\/v2\/users\/2"}],"replies":[{"embeddable":true,"href":"https:\/\/treinvestimentos.com.br\/antigo\/wp-json\/wp\/v2\/comments?post=765"}],"version-history":[{"count":3,"href":"https:\/\/treinvestimentos.com.br\/antigo\/wp-json\/wp\/v2\/posts\/765\/revisions"}],"predecessor-version":[{"id":773,"href":"https:\/\/treinvestimentos.com.br\/antigo\/wp-json\/wp\/v2\/posts\/765\/revisions\/773"}],"wp:featuredmedia":[{"embeddable":true,"href":"https:\/\/treinvestimentos.com.br\/antigo\/wp-json\/wp\/v2\/media\/767"}],"wp:attachment":[{"href":"https:\/\/treinvestimentos.com.br\/antigo\/wp-json\/wp\/v2\/media?parent=765"}],"wp:term":[{"taxonomy":"category","embeddable":true,"href":"https:\/\/treinvestimentos.com.br\/antigo\/wp-json\/wp\/v2\/categories?post=765"},{"taxonomy":"post_tag","embeddable":true,"href":"https:\/\/treinvestimentos.com.br\/antigo\/wp-json\/wp\/v2\/tags?post=765"}],"curies":[{"name":"wp","href":"https:\/\/api.w.org\/{rel}","templated":true}]}}