{"id":7418,"date":"2025-11-23T18:46:00","date_gmt":"2025-11-23T21:46:00","guid":{"rendered":"https:\/\/treinvestimentos.com.br\/?p=7418"},"modified":"2025-12-18T08:06:02","modified_gmt":"2025-12-18T11:06:02","slug":"5-anos-do-covida20-programa-coletivo-que-fortaleceu-negocios-com-causa-e-multiplicou-impacto","status":"publish","type":"post","link":"https:\/\/treinvestimentos.com.br\/antigo\/causas\/5-anos-do-covida20-programa-coletivo-que-fortaleceu-negocios-com-causa-e-multiplicou-impacto\/","title":{"rendered":"5 anos do CoVida20: programa coletivo que fortaleceu neg\u00f3cios com causa e multiplicou impacto"},"content":{"rendered":"\n<p><em>Por Otavio Lourenc\u00e3o, Cofundador da Tr\u00ea <\/em><\/p>\n\n\n\n<p>Em 2020, quando a incerteza era profunda e os neg\u00f3cios de impacto lutavam para sobreviver \u00e0 pandemia da Covid-19, nasceu o <strong>Programa CoVida20.<\/strong> Idealizado pela <strong>Tr\u00ea Investindo com Causa<\/strong>, @Sistema B Brasil, @Capitalismo Consciente e @DinAmo, o programa conectou <strong>mais de 400 pequenos e grandes investidores<\/strong> em uma a\u00e7\u00e3o in\u00e9dita para manter viva a chama de neg\u00f3cios e empreendimentos com prop\u00f3sitos sociais, ambientais e culturais em todo o pa\u00eds.<\/p>\n\n\n\n<p>Foram <strong>R$6,7 milh\u00f5es investidos em 47 neg\u00f3cios de impacto<\/strong>, o que resultou na <strong>preserva\u00e7\u00e3o de 772 empregos<\/strong> em diferentes regi\u00f5es do Brasil. Mais do que evitar o fechamento de empresas, o programa ofereceu f\u00f4lego para que as organiza\u00e7\u00f5es se reinventassem em um dos per\u00edodos mais desafiadores da hist\u00f3ria recente.<\/p>\n\n\n\n<p>O diferencial estava na combina\u00e7\u00e3o entre <strong>capital de doa\u00e7\u00e3o\/investimento social e capital de investimento<\/strong>, em um modelo conhecido como <strong>Finan\u00e7as H\u00edbridas (Blended Finance)<\/strong>. Essa estrat\u00e9gia permitiu equilibrar a urg\u00eancia de recursos dos empreendedores com a confian\u00e7a necess\u00e1ria para atrair a aten\u00e7\u00e3o de investidores. O CoVida20 contou com um <strong>Fundo de Prote\u00e7\u00e3o voltado aos pequenos investidores<\/strong>, que ajudou a reduzir riscos e ampliar a base de participa\u00e7\u00e3o dos investidores participantes das opera\u00e7\u00f5es de cr\u00e9dito coletivo em condi\u00e7\u00f5es vi\u00e1veis e saud\u00e1veis para os neg\u00f3cios com causa.<\/p>\n\n\n\n<div class=\"wp-block-columns is-layout-flex wp-container-core-columns-is-layout-9d6595d7 wp-block-columns-is-layout-flex\">\n<div class=\"wp-block-column is-layout-flow wp-block-column-is-layout-flow\" style=\"flex-basis:100%\"><div class=\"wp-block-image\">\n<figure class=\"aligncenter size-full is-resized\"><img loading=\"lazy\" decoding=\"async\" width=\"1024\" height=\"769\" src=\"https:\/\/treinvestimentos.com.br\/wp-content\/uploads\/2025\/11\/Imagem-do-WhatsApp-de-2025-11-14-as-12.11.12_558cd266.jpg\" alt=\"\" class=\"wp-image-7831\" style=\"width:563px;height:auto\" srcset=\"https:\/\/treinvestimentos.com.br\/antigo\/wp-content\/uploads\/2025\/11\/Imagem-do-WhatsApp-de-2025-11-14-as-12.11.12_558cd266.jpg 1024w, https:\/\/treinvestimentos.com.br\/antigo\/wp-content\/uploads\/2025\/11\/Imagem-do-WhatsApp-de-2025-11-14-as-12.11.12_558cd266-350x263.jpg 350w, https:\/\/treinvestimentos.com.br\/antigo\/wp-content\/uploads\/2025\/11\/Imagem-do-WhatsApp-de-2025-11-14-as-12.11.12_558cd266-768x577.jpg 768w, https:\/\/treinvestimentos.com.br\/antigo\/wp-content\/uploads\/2025\/11\/Imagem-do-WhatsApp-de-2025-11-14-as-12.11.12_558cd266-600x451.jpg 600w\" sizes=\"auto, (max-width: 1024px) 100vw, 1024px\" \/><\/figure>\n<\/div><\/div>\n<\/div>\n\n\n\n<p>Para al\u00e9m do investimento, o <strong>CoVida20 mostrou o poder de um programa com causa bem estruturado<\/strong>. Ao longo dos anos, a Tr\u00ea e seus parceiros estiveram ao lado dos empreendedores, ouvindo, orientando, mediando desafios e abrindo caminhos. <strong>\u00c9 assim que ideias com prop\u00f3sito deixam de ser exce\u00e7\u00f5es para moldar o futuro de forma consistente.<\/strong><\/p>\n\n\n\n<p>Cinco anos depois, os resultados s\u00e3o animadores. <strong>Dos 47 neg\u00f3cios apoiados, 38 continuam ativos<\/strong>, representando uma taxa de sobreviv\u00eancia superior a <strong>80%<\/strong>, \u00edndice not\u00e1vel para um momento de crise global sem precedentes. <strong>Mais de 86% do valor emprestado foi devolvido aos investidores at\u00e9 agosto de 2025<\/strong>, e <strong>100% das opera\u00e7\u00f5es com pequenos investidores foram integralmente quitadas<\/strong>!&nbsp;<\/p>\n\n\n\n<p>No geral, eles aumentaram<strong> o faturamento<\/strong>, migrando de faixas entre R$500.000 e R$1.000.000 anual para patamares entre R$2.000.000 e R$5.000.000. <strong>Cerca de 70% das organiza\u00e7\u00f5es ampliaram suas equipes<\/strong>, sinalizando que o apoio e acompanhamento (entre outras iniciativas e os esfor\u00e7os individuais de cada neg\u00f3cio) foram importantes para o momento emergencial e para que eles se fortalecessem depois.&nbsp;<\/p>\n\n\n\n<p>Quero contar um pouco sobre alguns dos neg\u00f3cios que foram apoiados pelo <strong>CoVida20.<\/strong>&nbsp;<\/p>\n\n\n\n<ul class=\"wp-block-list\">\n<li>O <a href=\"https:\/\/www.pedefeijao.com\/\"><strong>P\u00e9 de Feij\u00e3o<\/strong><\/a>, neg\u00f3cio socioambiental voltado \u00e0 educa\u00e7\u00e3o alimentar e \u00e0 agroecologia, conseguiu adaptar suas oficinas para formatos virtuais e h\u00edbridos, firmando novas parcerias com empresas e organiza\u00e7\u00f5es que ampliaram seu alcance e garantiram a continuidade dos projetos.<br><\/li>\n\n\n\n<li>A <a href=\"https:\/\/bebakiro.com\/?srsltid=AfmBOoqfu9MAI0FgfIcwhLdDk-1sdvPwX6-CqmQGz3gO_gr-y_JSM2cE\"><strong>Kiro<\/strong><\/a>, produtora de bebidas naturais e fermentadas, diversificou canais de distribui\u00e7\u00e3o, fortalecendo o <em>e-commerce<\/em> e mantendo a equipe empregada. Uma estrat\u00e9gia que n\u00e3o s\u00f3 garantiu a sobreviv\u00eancia como abriu espa\u00e7o para crescimento.<br><\/li>\n\n\n\n<li>O instituto <a href=\"https:\/\/www.todoblackepower.com\/\"><strong>Todo Black \u00e9 Power<\/strong><\/a>, especializado em cabelos crespos e cacheados, teve que se adaptar rapidamente ao cen\u00e1rio da pandemia. Com o recurso do CoVida20, reformulou sua opera\u00e7\u00e3o, manteve atendimentos e preservou empregos, reafirmando seu papel como refer\u00eancia na valoriza\u00e7\u00e3o da diversidade e no combate ao racismo.<br><\/li>\n\n\n\n<li>A <a href=\"https:\/\/exchangedobem.com\/\"><strong>Exchange do Bem<\/strong><\/a>, que trabalha com voluntariado internacional, o fechamento de fronteiras representou um golpe direto em seu modelo de atua\u00e7\u00e3o. O apoio financeiro possibilitou a cria\u00e7\u00e3o de programas online, e, posteriormente, retomando sua&nbsp; opera\u00e7\u00e3o de viagens de voluntariado e expandindo sua atua\u00e7\u00e3o para consultoria em a\u00e7\u00f5es de voluntariado corporativo.<br><\/li>\n\n\n\n<li>A <a href=\"https:\/\/moradigna.com.br\/\"><strong>Moradigna<\/strong><\/a>, voltada para reformas acess\u00edveis em habita\u00e7\u00f5es de baixa renda, acelerou sua transforma\u00e7\u00e3o digital e lan\u00e7ou a plataforma Moradigna Online, garantindo a continuidade dos atendimentos em um momento cr\u00edtico. Desde ent\u00e3o, j\u00e1 realizou mais de 4 mil reformas, impactando diretamente cerca de 12 mil pessoas.<\/li>\n<\/ul>\n\n\n\n<p>Preparamos um relat\u00f3rio completo sobre o programa, sua atua\u00e7\u00e3o e resultados. L\u00e1 voc\u00ea pode saber um pouco mais sobre os neg\u00f3cios apoiados. <em><a href=\"https:\/\/drive.google.com\/file\/d\/1cS4fKid5IniiSkRD0vEKASRlIYvmTslP\/view?usp=sharing\">Clique aqui para acessar o relat\u00f3rio<\/a><\/em><\/p>\n\n\n\n<p>A Tr\u00ea Investindo com Causa, ou apenas Tr\u00ea, \u00e9 uma associa\u00e7\u00e3o privada civil, sem fins lucrativos, democr\u00e1tica e pluralista, que cria solu\u00e7\u00f5es para gerar impacto positivo para a sociedade. O centro do prop\u00f3sito da Tr\u00ea \u00e9 a promo\u00e7\u00e3o da consci\u00eancia e o fluir saud\u00e1vel do dinheiro na constru\u00e7\u00e3o de uma nova economia.<\/p>\n\n\n\n<p>Trabalhamos para a constru\u00e7\u00e3o de uma Nova Economia, mais inclusiva, consciente e regenerativa \u2014 um modelo que reconhe\u00e7a as necessidades de todos e o valor de cada contribui\u00e7\u00e3o, sem deixar ningu\u00e9m para tr\u00e1s. Uma economia que fa\u00e7a o dinheiro circular de forma mais justa, conectando prosperidade individual com bem-estar coletivo e equil\u00edbrio ambiental.<\/p>\n\n\n\n<p>Acreditamos que o caminho para essa transforma\u00e7\u00e3o passa por parcerias genu\u00ednas \u2014 entre quem tem recursos e quem tem prop\u00f3sito, entre quem sonha e quem realiza. \u00c9 nessa converg\u00eancia que nascem os programas com causa: iniciativas que fazem o dinheiro fluir para onde ele gera vida, pertencimento e impacto real. Se voc\u00ea acredita que a sua organiza\u00e7\u00e3o pode fazer parte dessa constru\u00e7\u00e3o, estamos prontos para cocriar os pr\u00f3ximos cap\u00edtulos dessa Nova Economia \u2014 juntos!<\/p>\n\n\n\n<p><strong><a href=\"https:\/\/treinvestimentos.com.br\/\">Vem tomar SorveTr\u00ea com a gente.<\/a><\/strong><\/p>\n\n\n\n<p><em>A <\/em><a href=\"https:\/\/treinvestimentos.com.br\/\"><em>Tr\u00ea Investindo com Causa<\/em><\/a><em> estrutura e coordena programas de financiamento e fortalecimento para neg\u00f3cios com causa em parceria com diversas organiza\u00e7\u00f5es filantr\u00f3picas e privadas. A institui\u00e7\u00e3o j\u00e1 mobilizou mais de R$ 30 milh\u00f5es e j\u00e1 beneficiou mais de 100 neg\u00f3cios de impacto positivo.<\/em><\/p>\n\n\n\n<p><em>Junte-se a n\u00f3s nessa jornada por um futuro mais sustent\u00e1vel! Siga-nos no <\/em><a href=\"https:\/\/www.instagram.com\/treinvestindocomcausa\"><em>Instagram <\/em><\/a><em>e <\/em><a href=\"https:\/\/www.linkedin.com\/company\/treinvestindocomcausa\/posts\/?feedView=all\"><em>LinkedIn<\/em><\/a><em>, e inscreva-se em nossa <\/em><a href=\"https:\/\/treinvestimentos.com.br\/\"><em>newsletter<\/em><\/a><em> para acompanhar nossas iniciativas e oportunidades de impacto.<\/em><\/p>\n\n\n\n<p>Otavio Lourenc\u00e3o, Cofundador da Tr\u00ea<\/p>\n","protected":false},"excerpt":{"rendered":"<p>Por Otavio Lourenc\u00e3o, Cofundador da Tr\u00ea Em 2020, quando a incerteza era profunda e os neg\u00f3cios de impacto lutavam para sobreviver \u00e0 pandemia da Covid-19, nasceu o Programa CoVida20. Idealizado&#8230;<\/p>\n","protected":false},"author":152,"featured_media":7828,"comment_status":"open","ping_status":"open","sticky":false,"template":"","format":"standard","meta":{"give_campaign_id":0,"inline_featured_image":false,"footnotes":""},"categories":[4],"tags":[75,77,76,29],"class_list":{"0":"post-7418","1":"post","2":"type-post","3":"status-publish","4":"format-standard","5":"has-post-thumbnail","7":"category-causas","8":"tag-causas","9":"tag-medirparatransformar","10":"tag-sebraedf","11":"tag-sustentabilidade"},"yoast_head":"<!-- This site is optimized with the Yoast SEO plugin v27.5 - https:\/\/yoast.com\/product\/yoast-seo-wordpress\/ -->\n<title>5 anos do CoVida20: programa coletivo que fortaleceu neg\u00f3cios com causa e multiplicou impacto - Tr\u00ea Investindo com Causa<\/title>\n<meta name=\"robots\" content=\"noindex, follow\" \/>\n<meta property=\"og:locale\" content=\"pt_BR\" \/>\n<meta property=\"og:type\" content=\"article\" \/>\n<meta property=\"og:title\" content=\"5 anos do CoVida20: programa coletivo que fortaleceu neg\u00f3cios com causa e multiplicou impacto - Tr\u00ea Investindo com Causa\" \/>\n<meta property=\"og:description\" content=\"Por Otavio Lourenc\u00e3o, Cofundador da Tr\u00ea Em 2020, quando a incerteza era profunda e os neg\u00f3cios de impacto lutavam para sobreviver \u00e0 pandemia da Covid-19, nasceu o Programa CoVida20. Idealizado...\" \/>\n<meta property=\"og:url\" content=\"https:\/\/treinvestimentos.com.br\/antigo\/causas\/5-anos-do-covida20-programa-coletivo-que-fortaleceu-negocios-com-causa-e-multiplicou-impacto\/\" \/>\n<meta property=\"og:site_name\" content=\"Tr\u00ea Investindo com Causa\" \/>\n<meta property=\"article:published_time\" content=\"2025-11-23T21:46:00+00:00\" \/>\n<meta property=\"article:modified_time\" content=\"2025-12-18T11:06:02+00:00\" \/>\n<meta property=\"og:image\" content=\"https:\/\/treinvestimentos.com.br\/antigo\/wp-content\/uploads\/2025\/11\/capa-blog_Prancheta-1-scaled.jpg\" \/>\n\t<meta property=\"og:image:width\" content=\"2560\" \/>\n\t<meta property=\"og:image:height\" content=\"1440\" \/>\n\t<meta property=\"og:image:type\" content=\"image\/jpeg\" \/>\n<meta name=\"author\" content=\"Milena Moraes\" \/>\n<meta name=\"twitter:card\" content=\"summary_large_image\" \/>\n<meta name=\"twitter:label1\" content=\"Escrito por\" \/>\n\t<meta name=\"twitter:data1\" content=\"Milena Moraes\" \/>\n\t<meta name=\"twitter:label2\" content=\"Est. tempo de leitura\" \/>\n\t<meta name=\"twitter:data2\" content=\"5 minutos\" \/>\n<script type=\"application\/ld+json\" class=\"yoast-schema-graph\">{\"@context\":\"https:\\\/\\\/schema.org\",\"@graph\":[{\"@type\":\"Article\",\"@id\":\"https:\\\/\\\/treinvestimentos.com.br\\\/antigo\\\/causas\\\/5-anos-do-covida20-programa-coletivo-que-fortaleceu-negocios-com-causa-e-multiplicou-impacto\\\/#article\",\"isPartOf\":{\"@id\":\"https:\\\/\\\/treinvestimentos.com.br\\\/antigo\\\/causas\\\/5-anos-do-covida20-programa-coletivo-que-fortaleceu-negocios-com-causa-e-multiplicou-impacto\\\/\"},\"author\":{\"name\":\"Milena Moraes\",\"@id\":\"https:\\\/\\\/treinvestimentos.com.br\\\/antigo\\\/#\\\/schema\\\/person\\\/b0a4e82ce3ce39a58a59f15134916cb6\"},\"headline\":\"5 anos do CoVida20: programa coletivo que fortaleceu neg\u00f3cios com causa e multiplicou impacto\",\"datePublished\":\"2025-11-23T21:46:00+00:00\",\"dateModified\":\"2025-12-18T11:06:02+00:00\",\"mainEntityOfPage\":{\"@id\":\"https:\\\/\\\/treinvestimentos.com.br\\\/antigo\\\/causas\\\/5-anos-do-covida20-programa-coletivo-que-fortaleceu-negocios-com-causa-e-multiplicou-impacto\\\/\"},\"wordCount\":993,\"commentCount\":0,\"publisher\":{\"@id\":\"https:\\\/\\\/treinvestimentos.com.br\\\/antigo\\\/#organization\"},\"image\":{\"@id\":\"https:\\\/\\\/treinvestimentos.com.br\\\/antigo\\\/causas\\\/5-anos-do-covida20-programa-coletivo-que-fortaleceu-negocios-com-causa-e-multiplicou-impacto\\\/#primaryimage\"},\"thumbnailUrl\":\"https:\\\/\\\/treinvestimentos.com.br\\\/antigo\\\/wp-content\\\/uploads\\\/2025\\\/11\\\/capa-blog_Prancheta-1-scaled.jpg\",\"keywords\":[\"causas\",\"medirparatransformar\",\"sebraedf\",\"sustentabilidade\"],\"articleSection\":[\"Causas\"],\"inLanguage\":\"pt-BR\",\"potentialAction\":[{\"@type\":\"CommentAction\",\"name\":\"Comment\",\"target\":[\"https:\\\/\\\/treinvestimentos.com.br\\\/antigo\\\/causas\\\/5-anos-do-covida20-programa-coletivo-que-fortaleceu-negocios-com-causa-e-multiplicou-impacto\\\/#respond\"]}]},{\"@type\":\"WebPage\",\"@id\":\"https:\\\/\\\/treinvestimentos.com.br\\\/antigo\\\/causas\\\/5-anos-do-covida20-programa-coletivo-que-fortaleceu-negocios-com-causa-e-multiplicou-impacto\\\/\",\"url\":\"https:\\\/\\\/treinvestimentos.com.br\\\/antigo\\\/causas\\\/5-anos-do-covida20-programa-coletivo-que-fortaleceu-negocios-com-causa-e-multiplicou-impacto\\\/\",\"name\":\"5 anos do CoVida20: programa coletivo que fortaleceu neg\u00f3cios com causa e multiplicou impacto - Tr\u00ea Investindo com Causa\",\"isPartOf\":{\"@id\":\"https:\\\/\\\/treinvestimentos.com.br\\\/antigo\\\/#website\"},\"primaryImageOfPage\":{\"@id\":\"https:\\\/\\\/treinvestimentos.com.br\\\/antigo\\\/causas\\\/5-anos-do-covida20-programa-coletivo-que-fortaleceu-negocios-com-causa-e-multiplicou-impacto\\\/#primaryimage\"},\"image\":{\"@id\":\"https:\\\/\\\/treinvestimentos.com.br\\\/antigo\\\/causas\\\/5-anos-do-covida20-programa-coletivo-que-fortaleceu-negocios-com-causa-e-multiplicou-impacto\\\/#primaryimage\"},\"thumbnailUrl\":\"https:\\\/\\\/treinvestimentos.com.br\\\/antigo\\\/wp-content\\\/uploads\\\/2025\\\/11\\\/capa-blog_Prancheta-1-scaled.jpg\",\"datePublished\":\"2025-11-23T21:46:00+00:00\",\"dateModified\":\"2025-12-18T11:06:02+00:00\",\"breadcrumb\":{\"@id\":\"https:\\\/\\\/treinvestimentos.com.br\\\/antigo\\\/causas\\\/5-anos-do-covida20-programa-coletivo-que-fortaleceu-negocios-com-causa-e-multiplicou-impacto\\\/#breadcrumb\"},\"inLanguage\":\"pt-BR\",\"potentialAction\":[{\"@type\":\"ReadAction\",\"target\":[\"https:\\\/\\\/treinvestimentos.com.br\\\/antigo\\\/causas\\\/5-anos-do-covida20-programa-coletivo-que-fortaleceu-negocios-com-causa-e-multiplicou-impacto\\\/\"]}]},{\"@type\":\"ImageObject\",\"inLanguage\":\"pt-BR\",\"@id\":\"https:\\\/\\\/treinvestimentos.com.br\\\/antigo\\\/causas\\\/5-anos-do-covida20-programa-coletivo-que-fortaleceu-negocios-com-causa-e-multiplicou-impacto\\\/#primaryimage\",\"url\":\"https:\\\/\\\/treinvestimentos.com.br\\\/antigo\\\/wp-content\\\/uploads\\\/2025\\\/11\\\/capa-blog_Prancheta-1-scaled.jpg\",\"contentUrl\":\"https:\\\/\\\/treinvestimentos.com.br\\\/antigo\\\/wp-content\\\/uploads\\\/2025\\\/11\\\/capa-blog_Prancheta-1-scaled.jpg\",\"width\":2560,\"height\":1440},{\"@type\":\"BreadcrumbList\",\"@id\":\"https:\\\/\\\/treinvestimentos.com.br\\\/antigo\\\/causas\\\/5-anos-do-covida20-programa-coletivo-que-fortaleceu-negocios-com-causa-e-multiplicou-impacto\\\/#breadcrumb\",\"itemListElement\":[{\"@type\":\"ListItem\",\"position\":1,\"name\":\"In\u00edcio\",\"item\":\"https:\\\/\\\/treinvestimentos.com.br\\\/antigo\\\/\"},{\"@type\":\"ListItem\",\"position\":2,\"name\":\"5 anos do CoVida20: programa coletivo que fortaleceu neg\u00f3cios com causa e multiplicou impacto\"}]},{\"@type\":\"WebSite\",\"@id\":\"https:\\\/\\\/treinvestimentos.com.br\\\/antigo\\\/#website\",\"url\":\"https:\\\/\\\/treinvestimentos.com.br\\\/antigo\\\/\",\"name\":\"Tr\u00ea Investindo com Causa\",\"description\":\"Queremos popularizar o investimento em causas, promovendo uma amplia\u00e7\u00e3o da consci\u00eancia no uso do dinheiro e na co-constru\u00e7\u00e3o de uma nova economia.\",\"publisher\":{\"@id\":\"https:\\\/\\\/treinvestimentos.com.br\\\/antigo\\\/#organization\"},\"potentialAction\":[{\"@type\":\"SearchAction\",\"target\":{\"@type\":\"EntryPoint\",\"urlTemplate\":\"https:\\\/\\\/treinvestimentos.com.br\\\/antigo\\\/?s={search_term_string}\"},\"query-input\":{\"@type\":\"PropertyValueSpecification\",\"valueRequired\":true,\"valueName\":\"search_term_string\"}}],\"inLanguage\":\"pt-BR\"},{\"@type\":\"Organization\",\"@id\":\"https:\\\/\\\/treinvestimentos.com.br\\\/antigo\\\/#organization\",\"name\":\"Tr\u00ea Investindo com Causa\",\"url\":\"https:\\\/\\\/treinvestimentos.com.br\\\/antigo\\\/\",\"logo\":{\"@type\":\"ImageObject\",\"inLanguage\":\"pt-BR\",\"@id\":\"https:\\\/\\\/treinvestimentos.com.br\\\/antigo\\\/#\\\/schema\\\/logo\\\/image\\\/\",\"url\":\"https:\\\/\\\/treinvestimentos.com.br\\\/wp-content\\\/uploads\\\/2021\\\/08\\\/Logo-completo-Tre-azul.png\",\"contentUrl\":\"https:\\\/\\\/treinvestimentos.com.br\\\/wp-content\\\/uploads\\\/2021\\\/08\\\/Logo-completo-Tre-azul.png\",\"width\":1175,\"height\":311,\"caption\":\"Tr\u00ea Investindo com Causa\"},\"image\":{\"@id\":\"https:\\\/\\\/treinvestimentos.com.br\\\/antigo\\\/#\\\/schema\\\/logo\\\/image\\\/\"},\"sameAs\":[\"https:\\\/\\\/www.linkedin.com\\\/company\\\/treinvestindocomcausa\\\/?originalSubdomain=br\"]},{\"@type\":\"Person\",\"@id\":\"https:\\\/\\\/treinvestimentos.com.br\\\/antigo\\\/#\\\/schema\\\/person\\\/b0a4e82ce3ce39a58a59f15134916cb6\",\"name\":\"Milena Moraes\",\"image\":{\"@type\":\"ImageObject\",\"inLanguage\":\"pt-BR\",\"@id\":\"https:\\\/\\\/secure.gravatar.com\\\/avatar\\\/008a27b68dac139c6cbd0aa2724595e49bf0b65e965ae081528e0d76fe6d0d0b?s=96&d=mm&r=g\",\"url\":\"https:\\\/\\\/secure.gravatar.com\\\/avatar\\\/008a27b68dac139c6cbd0aa2724595e49bf0b65e965ae081528e0d76fe6d0d0b?s=96&d=mm&r=g\",\"contentUrl\":\"https:\\\/\\\/secure.gravatar.com\\\/avatar\\\/008a27b68dac139c6cbd0aa2724595e49bf0b65e965ae081528e0d76fe6d0d0b?s=96&d=mm&r=g\",\"caption\":\"Milena Moraes\"}}]}<\/script>\n<!-- \/ Yoast SEO plugin. -->","yoast_head_json":{"title":"5 anos do CoVida20: programa coletivo que fortaleceu neg\u00f3cios com causa e multiplicou impacto - Tr\u00ea Investindo com Causa","robots":{"index":"noindex","follow":"follow"},"og_locale":"pt_BR","og_type":"article","og_title":"5 anos do CoVida20: programa coletivo que fortaleceu neg\u00f3cios com causa e multiplicou impacto - Tr\u00ea Investindo com Causa","og_description":"Por Otavio Lourenc\u00e3o, Cofundador da Tr\u00ea Em 2020, quando a incerteza era profunda e os neg\u00f3cios de impacto lutavam para sobreviver \u00e0 pandemia da Covid-19, nasceu o Programa CoVida20. Idealizado...","og_url":"https:\/\/treinvestimentos.com.br\/antigo\/causas\/5-anos-do-covida20-programa-coletivo-que-fortaleceu-negocios-com-causa-e-multiplicou-impacto\/","og_site_name":"Tr\u00ea Investindo com Causa","article_published_time":"2025-11-23T21:46:00+00:00","article_modified_time":"2025-12-18T11:06:02+00:00","og_image":[{"width":2560,"height":1440,"url":"https:\/\/treinvestimentos.com.br\/antigo\/wp-content\/uploads\/2025\/11\/capa-blog_Prancheta-1-scaled.jpg","type":"image\/jpeg"}],"author":"Milena Moraes","twitter_card":"summary_large_image","twitter_misc":{"Escrito por":"Milena Moraes","Est. tempo de leitura":"5 minutos"},"schema":{"@context":"https:\/\/schema.org","@graph":[{"@type":"Article","@id":"https:\/\/treinvestimentos.com.br\/antigo\/causas\/5-anos-do-covida20-programa-coletivo-que-fortaleceu-negocios-com-causa-e-multiplicou-impacto\/#article","isPartOf":{"@id":"https:\/\/treinvestimentos.com.br\/antigo\/causas\/5-anos-do-covida20-programa-coletivo-que-fortaleceu-negocios-com-causa-e-multiplicou-impacto\/"},"author":{"name":"Milena Moraes","@id":"https:\/\/treinvestimentos.com.br\/antigo\/#\/schema\/person\/b0a4e82ce3ce39a58a59f15134916cb6"},"headline":"5 anos do CoVida20: programa coletivo que fortaleceu neg\u00f3cios com causa e multiplicou impacto","datePublished":"2025-11-23T21:46:00+00:00","dateModified":"2025-12-18T11:06:02+00:00","mainEntityOfPage":{"@id":"https:\/\/treinvestimentos.com.br\/antigo\/causas\/5-anos-do-covida20-programa-coletivo-que-fortaleceu-negocios-com-causa-e-multiplicou-impacto\/"},"wordCount":993,"commentCount":0,"publisher":{"@id":"https:\/\/treinvestimentos.com.br\/antigo\/#organization"},"image":{"@id":"https:\/\/treinvestimentos.com.br\/antigo\/causas\/5-anos-do-covida20-programa-coletivo-que-fortaleceu-negocios-com-causa-e-multiplicou-impacto\/#primaryimage"},"thumbnailUrl":"https:\/\/treinvestimentos.com.br\/antigo\/wp-content\/uploads\/2025\/11\/capa-blog_Prancheta-1-scaled.jpg","keywords":["causas","medirparatransformar","sebraedf","sustentabilidade"],"articleSection":["Causas"],"inLanguage":"pt-BR","potentialAction":[{"@type":"CommentAction","name":"Comment","target":["https:\/\/treinvestimentos.com.br\/antigo\/causas\/5-anos-do-covida20-programa-coletivo-que-fortaleceu-negocios-com-causa-e-multiplicou-impacto\/#respond"]}]},{"@type":"WebPage","@id":"https:\/\/treinvestimentos.com.br\/antigo\/causas\/5-anos-do-covida20-programa-coletivo-que-fortaleceu-negocios-com-causa-e-multiplicou-impacto\/","url":"https:\/\/treinvestimentos.com.br\/antigo\/causas\/5-anos-do-covida20-programa-coletivo-que-fortaleceu-negocios-com-causa-e-multiplicou-impacto\/","name":"5 anos do CoVida20: programa coletivo que fortaleceu neg\u00f3cios com causa e multiplicou impacto - Tr\u00ea Investindo com Causa","isPartOf":{"@id":"https:\/\/treinvestimentos.com.br\/antigo\/#website"},"primaryImageOfPage":{"@id":"https:\/\/treinvestimentos.com.br\/antigo\/causas\/5-anos-do-covida20-programa-coletivo-que-fortaleceu-negocios-com-causa-e-multiplicou-impacto\/#primaryimage"},"image":{"@id":"https:\/\/treinvestimentos.com.br\/antigo\/causas\/5-anos-do-covida20-programa-coletivo-que-fortaleceu-negocios-com-causa-e-multiplicou-impacto\/#primaryimage"},"thumbnailUrl":"https:\/\/treinvestimentos.com.br\/antigo\/wp-content\/uploads\/2025\/11\/capa-blog_Prancheta-1-scaled.jpg","datePublished":"2025-11-23T21:46:00+00:00","dateModified":"2025-12-18T11:06:02+00:00","breadcrumb":{"@id":"https:\/\/treinvestimentos.com.br\/antigo\/causas\/5-anos-do-covida20-programa-coletivo-que-fortaleceu-negocios-com-causa-e-multiplicou-impacto\/#breadcrumb"},"inLanguage":"pt-BR","potentialAction":[{"@type":"ReadAction","target":["https:\/\/treinvestimentos.com.br\/antigo\/causas\/5-anos-do-covida20-programa-coletivo-que-fortaleceu-negocios-com-causa-e-multiplicou-impacto\/"]}]},{"@type":"ImageObject","inLanguage":"pt-BR","@id":"https:\/\/treinvestimentos.com.br\/antigo\/causas\/5-anos-do-covida20-programa-coletivo-que-fortaleceu-negocios-com-causa-e-multiplicou-impacto\/#primaryimage","url":"https:\/\/treinvestimentos.com.br\/antigo\/wp-content\/uploads\/2025\/11\/capa-blog_Prancheta-1-scaled.jpg","contentUrl":"https:\/\/treinvestimentos.com.br\/antigo\/wp-content\/uploads\/2025\/11\/capa-blog_Prancheta-1-scaled.jpg","width":2560,"height":1440},{"@type":"BreadcrumbList","@id":"https:\/\/treinvestimentos.com.br\/antigo\/causas\/5-anos-do-covida20-programa-coletivo-que-fortaleceu-negocios-com-causa-e-multiplicou-impacto\/#breadcrumb","itemListElement":[{"@type":"ListItem","position":1,"name":"In\u00edcio","item":"https:\/\/treinvestimentos.com.br\/antigo\/"},{"@type":"ListItem","position":2,"name":"5 anos do CoVida20: programa coletivo que fortaleceu neg\u00f3cios com causa e multiplicou impacto"}]},{"@type":"WebSite","@id":"https:\/\/treinvestimentos.com.br\/antigo\/#website","url":"https:\/\/treinvestimentos.com.br\/antigo\/","name":"Tr\u00ea Investindo com Causa","description":"Queremos popularizar o investimento em causas, promovendo uma amplia\u00e7\u00e3o da consci\u00eancia no uso do dinheiro e na co-constru\u00e7\u00e3o de uma nova economia.","publisher":{"@id":"https:\/\/treinvestimentos.com.br\/antigo\/#organization"},"potentialAction":[{"@type":"SearchAction","target":{"@type":"EntryPoint","urlTemplate":"https:\/\/treinvestimentos.com.br\/antigo\/?s={search_term_string}"},"query-input":{"@type":"PropertyValueSpecification","valueRequired":true,"valueName":"search_term_string"}}],"inLanguage":"pt-BR"},{"@type":"Organization","@id":"https:\/\/treinvestimentos.com.br\/antigo\/#organization","name":"Tr\u00ea Investindo com Causa","url":"https:\/\/treinvestimentos.com.br\/antigo\/","logo":{"@type":"ImageObject","inLanguage":"pt-BR","@id":"https:\/\/treinvestimentos.com.br\/antigo\/#\/schema\/logo\/image\/","url":"https:\/\/treinvestimentos.com.br\/wp-content\/uploads\/2021\/08\/Logo-completo-Tre-azul.png","contentUrl":"https:\/\/treinvestimentos.com.br\/wp-content\/uploads\/2021\/08\/Logo-completo-Tre-azul.png","width":1175,"height":311,"caption":"Tr\u00ea Investindo com Causa"},"image":{"@id":"https:\/\/treinvestimentos.com.br\/antigo\/#\/schema\/logo\/image\/"},"sameAs":["https:\/\/www.linkedin.com\/company\/treinvestindocomcausa\/?originalSubdomain=br"]},{"@type":"Person","@id":"https:\/\/treinvestimentos.com.br\/antigo\/#\/schema\/person\/b0a4e82ce3ce39a58a59f15134916cb6","name":"Milena Moraes","image":{"@type":"ImageObject","inLanguage":"pt-BR","@id":"https:\/\/secure.gravatar.com\/avatar\/008a27b68dac139c6cbd0aa2724595e49bf0b65e965ae081528e0d76fe6d0d0b?s=96&d=mm&r=g","url":"https:\/\/secure.gravatar.com\/avatar\/008a27b68dac139c6cbd0aa2724595e49bf0b65e965ae081528e0d76fe6d0d0b?s=96&d=mm&r=g","contentUrl":"https:\/\/secure.gravatar.com\/avatar\/008a27b68dac139c6cbd0aa2724595e49bf0b65e965ae081528e0d76fe6d0d0b?s=96&d=mm&r=g","caption":"Milena Moraes"}}]}},"_links":{"self":[{"href":"https:\/\/treinvestimentos.com.br\/antigo\/wp-json\/wp\/v2\/posts\/7418","targetHints":{"allow":["GET"]}}],"collection":[{"href":"https:\/\/treinvestimentos.com.br\/antigo\/wp-json\/wp\/v2\/posts"}],"about":[{"href":"https:\/\/treinvestimentos.com.br\/antigo\/wp-json\/wp\/v2\/types\/post"}],"author":[{"embeddable":true,"href":"https:\/\/treinvestimentos.com.br\/antigo\/wp-json\/wp\/v2\/users\/152"}],"replies":[{"embeddable":true,"href":"https:\/\/treinvestimentos.com.br\/antigo\/wp-json\/wp\/v2\/comments?post=7418"}],"version-history":[{"count":8,"href":"https:\/\/treinvestimentos.com.br\/antigo\/wp-json\/wp\/v2\/posts\/7418\/revisions"}],"predecessor-version":[{"id":7846,"href":"https:\/\/treinvestimentos.com.br\/antigo\/wp-json\/wp\/v2\/posts\/7418\/revisions\/7846"}],"wp:featuredmedia":[{"embeddable":true,"href":"https:\/\/treinvestimentos.com.br\/antigo\/wp-json\/wp\/v2\/media\/7828"}],"wp:attachment":[{"href":"https:\/\/treinvestimentos.com.br\/antigo\/wp-json\/wp\/v2\/media?parent=7418"}],"wp:term":[{"taxonomy":"category","embeddable":true,"href":"https:\/\/treinvestimentos.com.br\/antigo\/wp-json\/wp\/v2\/categories?post=7418"},{"taxonomy":"post_tag","embeddable":true,"href":"https:\/\/treinvestimentos.com.br\/antigo\/wp-json\/wp\/v2\/tags?post=7418"}],"curies":[{"name":"wp","href":"https:\/\/api.w.org\/{rel}","templated":true}]}}