{"id":7130,"date":"2025-10-07T20:38:43","date_gmt":"2025-10-07T23:38:43","guid":{"rendered":"https:\/\/treinvestimentos.com.br\/?p=7130"},"modified":"2025-11-09T19:45:12","modified_gmt":"2025-11-09T22:45:12","slug":"fortalecer-para-transformar-tre-e-parceiros-impulsionam-negocios-de-impacto-no-distrito-federal","status":"publish","type":"post","link":"https:\/\/treinvestimentos.com.br\/antigo\/causas\/fortalecer-para-transformar-tre-e-parceiros-impulsionam-negocios-de-impacto-no-distrito-federal\/","title":{"rendered":"Fortalecer para transformar: Tr\u00ea e parceiros impulsionam neg\u00f3cios de impacto no Distrito Federal"},"content":{"rendered":"\n<p><em>Por Beatriz Gir\u00e3o | Tr\u00ea Investindo com Causa <\/em><\/p>\n\n\n\n<p>O Distrito Federal ganhou um novo impulso para fortalecer o ecossistema de impacto. A <strong>Consultoria de Mensura\u00e7\u00e3o de Impacto da Tr\u00ea, Medir para Transformar, <\/strong>contemplou dez neg\u00f3cios locais para embarcaram na <strong>Jornada de Mensura\u00e7\u00e3o de Impacto<\/strong> conduzida pela Tr\u00ea, em parceria com o <a href=\"https:\/\/sebrae.com.br\/sites\/PortalSebrae\/ufs\/df?codUf=7\">Sebrae do Distrito Federal<\/a> (DF) e a organiza\u00e7\u00e3o <a href=\"https:\/\/coalizaopeloimpacto.org.br\/\">Coaliz\u00e3o pelo Impacto<\/a>.<\/p>\n\n\n\n<figure class=\"wp-block-image size-full is-resized\"><img loading=\"lazy\" decoding=\"async\" width=\"640\" height=\"480\" src=\"https:\/\/treinvestimentos.com.br\/wp-content\/uploads\/2025\/10\/Tre-consultoria-1.jpg\" alt=\"\" class=\"wp-image-7132\" style=\"width:840px;height:auto\" srcset=\"https:\/\/treinvestimentos.com.br\/antigo\/wp-content\/uploads\/2025\/10\/Tre-consultoria-1.jpg 640w, https:\/\/treinvestimentos.com.br\/antigo\/wp-content\/uploads\/2025\/10\/Tre-consultoria-1-350x263.jpg 350w, https:\/\/treinvestimentos.com.br\/antigo\/wp-content\/uploads\/2025\/10\/Tre-consultoria-1-600x450.jpg 600w\" sizes=\"auto, (max-width: 640px) 100vw, 640px\" \/><\/figure>\n\n\n\n<p>No lan\u00e7amento, realizado no <a href=\"https:\/\/sebraelabdf.com.br\/\">SebraeLab<\/a> do DF, nossa equipe esteve presente com Mayane Burti, gestora de projetos, ao lado dos consultores F\u00e1bio Takara e Rodrigo Diz. <strong>Foi uma abertura inspiradora: uma turma 100% feminina, que simboliza a pot\u00eancia do empreendedorismo de impacto no estado<\/strong>.<\/p>\n\n\n\n<p>\u201c<em>Uma grata surpresa foi ver a sala repleta de mulheres. <\/em><strong><em>A Jornada come\u00e7ou em grande estilo, com muita conex\u00e3o e forma\u00e7\u00e3o de comunidade<\/em><\/strong><em>. At\u00e9 27 de novembro, esse grupo de &#8216;super-poderosas&#8217; vai focar em estruturar a mensura\u00e7\u00e3o de impacto de seus neg\u00f3cios, e certamente vir\u00e1 muita novidade boa por a\u00ed!<\/em>\u201d, destaca Mayane.<\/p>\n\n\n\n<p>A iniciativa soma a expertise de tr\u00eas frentes: o <strong>Sebrae-DF<\/strong>, refer\u00eancia no apoio a micro e pequenas empresas, trazendo capacita\u00e7\u00e3o e inova\u00e7\u00e3o; a <strong>Coaliz\u00e3o pelo Impacto<\/strong>, movimento nacional que conecta investidores, empreendedores e organiza\u00e7\u00f5es; e a <strong>Tr\u00ea<\/strong>, respons\u00e1vel por estruturar o programa e aplicar metodologias como a Mandala 5D &#8211; que permite aos neg\u00f3cios compreenderem de forma integral seus resultados e caminhos de evolu\u00e7\u00e3o.<\/p>\n\n\n\n<p>Para Isabela Patroc\u00ednio, gestora de Inova\u00e7\u00e3o e Sustentabilidade do Sebrae-DF, a consultoria chega em um momento decisivo:<\/p>\n\n\n\n<p><em>\u201cEstamos vivendo um momento em que os neg\u00f3cios de impacto do DF se fortalecem como um verdadeiro ecossistema.<\/em><strong><em> N\u00e3o basta falar apenas de prop\u00f3sito: precisamos traduzir o impacto em n\u00fameros.<\/em><\/strong><em> Esse \u00e9 o grande desafio \u2014 mostrar que, al\u00e9m de gerar lucro, esses neg\u00f3cios se medem pelo impacto positivo que causam.\u201d<\/em><\/p>\n\n\n\n<p>Com consultorias individuais, visitas in loco e a certifica\u00e7\u00e3o do <a href=\"https:\/\/treinvestimentos.com.br\/parceiros\/#certificacao\">Selo Tr\u00ea de Impacto<\/a> ao final da jornada, a proposta vai al\u00e9m da t\u00e9cnica:<strong> \u00e9 sobre formar comunidade, criar la\u00e7os de confian\u00e7a e fortalecer o movimento de impacto no pa\u00eds.<\/strong><\/p>\n\n\n\n<p>Confira mais informa\u00e7\u00f5es sobre a Jornada Medir para Transformar no <a href=\"https:\/\/www.conectaeco.com\/2025\/09\/consultoria-de-impacto-fortalece.html\"><strong>ConectaEco<\/strong><\/a><strong>.<\/strong><\/p>\n\n\n\n<p>A Jornada de Mensura\u00e7\u00e3o de Impacto Medir para Transformar refor\u00e7a a atua\u00e7\u00e3o dos servi\u00e7os de consultoria da Tr\u00ea. Neste projeto, diversas metodologias propriet\u00e1rias da Tr\u00ea, que s\u00e3o adaptadas \u00e0 realidade de pequenos e m\u00e9dios neg\u00f3cios de impacto positivo ser\u00e3o aplicadas em conjunto do Sebrae-DF. As mesmas ferramentas tamb\u00e9m comp\u00f5em os diferentes programas com causa estruturados e geridos pela Tr\u00ea para apoio e&nbsp; fortalecimento de neg\u00f3cios e iniciativas de financiamento coletivo, ampliando a capacidade de transforma\u00e7\u00e3o, sustentabilidade dos empreendimentos atendidos e contribuindo para o fluir saud\u00e1vel do dinheiro.<\/p>\n\n\n\n<p>Vamos conversar? Juntos, podemos construir caminhos para um futuro mais justo, acolhedor e cheio de possibilidades.&nbsp;<\/p>\n\n\n\n<p>Entre em contato conosco pelas nossas <a href=\"https:\/\/www.instagram.com\/treinvestindocomcausa\/\">redes sociais<\/a>, email ou <a href=\"https:\/\/api.whatsapp.com\/send\/?phone=5511952756491&amp;text&amp;type=phone_number&amp;app_absent=0\">WhatsApp<\/a>!&nbsp;<\/p>\n\n\n\n<p><em>A <\/em><a href=\"https:\/\/treinvestimentos.com.br\/\"><em>Tr\u00ea Investindo com Causa<\/em><\/a><em> estrutura e coordena programas de financiamento e fortalecimento para neg\u00f3cios com causa em parceria com diversas organiza\u00e7\u00f5es filantr\u00f3picas e privadas. A institui\u00e7\u00e3o j\u00e1 mobilizou mais de R$ 23 milh\u00f5es e j\u00e1 beneficiou mais de 80 neg\u00f3cios de impacto positivo.<\/em><\/p>\n\n\n\n<p><em>Junte-se a n\u00f3s nessa jornada por um futuro mais sustent\u00e1vel! Siga-nos no <\/em><a href=\"https:\/\/www.instagram.com\/treinvestindocomcausa\"><em>Instagram <\/em><\/a><em>e <\/em><a href=\"https:\/\/www.linkedin.com\/company\/treinvestindocomcausa\/posts\/?feedView=all\"><em>LinkedIn<\/em><\/a><em>, e inscreva-se em nossa <\/em><a href=\"https:\/\/treinvestimentos.com.br\/\"><em>newsletter<\/em><\/a><em> para acompanhar nossas iniciativas e oportunidades de impacto.<\/em><\/p>\n\n\n\n<p>Beatriz Gir\u00e3o<\/p>\n\n\n\n<p><em>Time Tr\u00ea de Marketing &amp; Comunica\u00e7\u00e3o<\/em><\/p>\n","protected":false},"excerpt":{"rendered":"<p>Por Beatriz Gir\u00e3o | Tr\u00ea Investindo com Causa O Distrito Federal ganhou um novo impulso para fortalecer o ecossistema de impacto. A Consultoria de Mensura\u00e7\u00e3o de Impacto da Tr\u00ea, Medir&#8230;<\/p>\n","protected":false},"author":152,"featured_media":7131,"comment_status":"open","ping_status":"open","sticky":false,"template":"","format":"standard","meta":{"give_campaign_id":0,"inline_featured_image":false,"footnotes":""},"categories":[4],"tags":[75,77,76,29],"class_list":{"0":"post-7130","1":"post","2":"type-post","3":"status-publish","4":"format-standard","5":"has-post-thumbnail","7":"category-causas","8":"tag-causas","9":"tag-medirparatransformar","10":"tag-sebraedf","11":"tag-sustentabilidade"},"yoast_head":"<!-- This site is optimized with the Yoast SEO plugin v27.5 - https:\/\/yoast.com\/product\/yoast-seo-wordpress\/ -->\n<title>Fortalecer para transformar: Tr\u00ea e parceiros impulsionam neg\u00f3cios de impacto no Distrito Federal - Tr\u00ea Investindo com Causa<\/title>\n<meta name=\"robots\" content=\"noindex, follow\" \/>\n<meta property=\"og:locale\" content=\"pt_BR\" \/>\n<meta property=\"og:type\" content=\"article\" \/>\n<meta property=\"og:title\" content=\"Fortalecer para transformar: Tr\u00ea e parceiros impulsionam neg\u00f3cios de impacto no Distrito Federal - Tr\u00ea Investindo com Causa\" \/>\n<meta property=\"og:description\" content=\"Por Beatriz Gir\u00e3o | Tr\u00ea Investindo com Causa O Distrito Federal ganhou um novo impulso para fortalecer o ecossistema de impacto. A Consultoria de Mensura\u00e7\u00e3o de Impacto da Tr\u00ea, Medir...\" \/>\n<meta property=\"og:url\" content=\"https:\/\/treinvestimentos.com.br\/antigo\/causas\/fortalecer-para-transformar-tre-e-parceiros-impulsionam-negocios-de-impacto-no-distrito-federal\/\" \/>\n<meta property=\"og:site_name\" content=\"Tr\u00ea Investindo com Causa\" \/>\n<meta property=\"article:published_time\" content=\"2025-10-07T23:38:43+00:00\" \/>\n<meta property=\"article:modified_time\" content=\"2025-11-09T22:45:12+00:00\" \/>\n<meta property=\"og:image\" content=\"https:\/\/treinvestimentos.com.br\/antigo\/wp-content\/uploads\/2025\/10\/Tre-consultoria.jpg\" \/>\n\t<meta property=\"og:image:width\" content=\"640\" \/>\n\t<meta property=\"og:image:height\" content=\"480\" \/>\n\t<meta property=\"og:image:type\" content=\"image\/jpeg\" \/>\n<meta name=\"author\" content=\"Milena Moraes\" \/>\n<meta name=\"twitter:card\" content=\"summary_large_image\" \/>\n<meta name=\"twitter:label1\" content=\"Escrito por\" \/>\n\t<meta name=\"twitter:data1\" content=\"Milena Moraes\" \/>\n\t<meta name=\"twitter:label2\" content=\"Est. tempo de leitura\" \/>\n\t<meta name=\"twitter:data2\" content=\"3 minutos\" \/>\n<script type=\"application\/ld+json\" class=\"yoast-schema-graph\">{\"@context\":\"https:\\\/\\\/schema.org\",\"@graph\":[{\"@type\":\"Article\",\"@id\":\"https:\\\/\\\/treinvestimentos.com.br\\\/antigo\\\/causas\\\/fortalecer-para-transformar-tre-e-parceiros-impulsionam-negocios-de-impacto-no-distrito-federal\\\/#article\",\"isPartOf\":{\"@id\":\"https:\\\/\\\/treinvestimentos.com.br\\\/antigo\\\/causas\\\/fortalecer-para-transformar-tre-e-parceiros-impulsionam-negocios-de-impacto-no-distrito-federal\\\/\"},\"author\":{\"name\":\"Milena Moraes\",\"@id\":\"https:\\\/\\\/treinvestimentos.com.br\\\/antigo\\\/#\\\/schema\\\/person\\\/b0a4e82ce3ce39a58a59f15134916cb6\"},\"headline\":\"Fortalecer para transformar: Tr\u00ea e parceiros impulsionam neg\u00f3cios de impacto no Distrito Federal\",\"datePublished\":\"2025-10-07T23:38:43+00:00\",\"dateModified\":\"2025-11-09T22:45:12+00:00\",\"mainEntityOfPage\":{\"@id\":\"https:\\\/\\\/treinvestimentos.com.br\\\/antigo\\\/causas\\\/fortalecer-para-transformar-tre-e-parceiros-impulsionam-negocios-de-impacto-no-distrito-federal\\\/\"},\"wordCount\":605,\"commentCount\":0,\"publisher\":{\"@id\":\"https:\\\/\\\/treinvestimentos.com.br\\\/antigo\\\/#organization\"},\"image\":{\"@id\":\"https:\\\/\\\/treinvestimentos.com.br\\\/antigo\\\/causas\\\/fortalecer-para-transformar-tre-e-parceiros-impulsionam-negocios-de-impacto-no-distrito-federal\\\/#primaryimage\"},\"thumbnailUrl\":\"https:\\\/\\\/treinvestimentos.com.br\\\/antigo\\\/wp-content\\\/uploads\\\/2025\\\/10\\\/Tre-consultoria.jpg\",\"keywords\":[\"causas\",\"medirparatransformar\",\"sebraedf\",\"sustentabilidade\"],\"articleSection\":[\"Causas\"],\"inLanguage\":\"pt-BR\",\"potentialAction\":[{\"@type\":\"CommentAction\",\"name\":\"Comment\",\"target\":[\"https:\\\/\\\/treinvestimentos.com.br\\\/antigo\\\/causas\\\/fortalecer-para-transformar-tre-e-parceiros-impulsionam-negocios-de-impacto-no-distrito-federal\\\/#respond\"]}]},{\"@type\":\"WebPage\",\"@id\":\"https:\\\/\\\/treinvestimentos.com.br\\\/antigo\\\/causas\\\/fortalecer-para-transformar-tre-e-parceiros-impulsionam-negocios-de-impacto-no-distrito-federal\\\/\",\"url\":\"https:\\\/\\\/treinvestimentos.com.br\\\/antigo\\\/causas\\\/fortalecer-para-transformar-tre-e-parceiros-impulsionam-negocios-de-impacto-no-distrito-federal\\\/\",\"name\":\"Fortalecer para transformar: Tr\u00ea e parceiros impulsionam neg\u00f3cios de impacto no Distrito Federal - Tr\u00ea Investindo com Causa\",\"isPartOf\":{\"@id\":\"https:\\\/\\\/treinvestimentos.com.br\\\/antigo\\\/#website\"},\"primaryImageOfPage\":{\"@id\":\"https:\\\/\\\/treinvestimentos.com.br\\\/antigo\\\/causas\\\/fortalecer-para-transformar-tre-e-parceiros-impulsionam-negocios-de-impacto-no-distrito-federal\\\/#primaryimage\"},\"image\":{\"@id\":\"https:\\\/\\\/treinvestimentos.com.br\\\/antigo\\\/causas\\\/fortalecer-para-transformar-tre-e-parceiros-impulsionam-negocios-de-impacto-no-distrito-federal\\\/#primaryimage\"},\"thumbnailUrl\":\"https:\\\/\\\/treinvestimentos.com.br\\\/antigo\\\/wp-content\\\/uploads\\\/2025\\\/10\\\/Tre-consultoria.jpg\",\"datePublished\":\"2025-10-07T23:38:43+00:00\",\"dateModified\":\"2025-11-09T22:45:12+00:00\",\"breadcrumb\":{\"@id\":\"https:\\\/\\\/treinvestimentos.com.br\\\/antigo\\\/causas\\\/fortalecer-para-transformar-tre-e-parceiros-impulsionam-negocios-de-impacto-no-distrito-federal\\\/#breadcrumb\"},\"inLanguage\":\"pt-BR\",\"potentialAction\":[{\"@type\":\"ReadAction\",\"target\":[\"https:\\\/\\\/treinvestimentos.com.br\\\/antigo\\\/causas\\\/fortalecer-para-transformar-tre-e-parceiros-impulsionam-negocios-de-impacto-no-distrito-federal\\\/\"]}]},{\"@type\":\"ImageObject\",\"inLanguage\":\"pt-BR\",\"@id\":\"https:\\\/\\\/treinvestimentos.com.br\\\/antigo\\\/causas\\\/fortalecer-para-transformar-tre-e-parceiros-impulsionam-negocios-de-impacto-no-distrito-federal\\\/#primaryimage\",\"url\":\"https:\\\/\\\/treinvestimentos.com.br\\\/antigo\\\/wp-content\\\/uploads\\\/2025\\\/10\\\/Tre-consultoria.jpg\",\"contentUrl\":\"https:\\\/\\\/treinvestimentos.com.br\\\/antigo\\\/wp-content\\\/uploads\\\/2025\\\/10\\\/Tre-consultoria.jpg\",\"width\":640,\"height\":480},{\"@type\":\"BreadcrumbList\",\"@id\":\"https:\\\/\\\/treinvestimentos.com.br\\\/antigo\\\/causas\\\/fortalecer-para-transformar-tre-e-parceiros-impulsionam-negocios-de-impacto-no-distrito-federal\\\/#breadcrumb\",\"itemListElement\":[{\"@type\":\"ListItem\",\"position\":1,\"name\":\"In\u00edcio\",\"item\":\"https:\\\/\\\/treinvestimentos.com.br\\\/antigo\\\/\"},{\"@type\":\"ListItem\",\"position\":2,\"name\":\"Fortalecer para transformar: Tr\u00ea e parceiros impulsionam neg\u00f3cios de impacto no Distrito Federal\"}]},{\"@type\":\"WebSite\",\"@id\":\"https:\\\/\\\/treinvestimentos.com.br\\\/antigo\\\/#website\",\"url\":\"https:\\\/\\\/treinvestimentos.com.br\\\/antigo\\\/\",\"name\":\"Tr\u00ea Investindo com Causa\",\"description\":\"Queremos popularizar o investimento em causas, promovendo uma amplia\u00e7\u00e3o da consci\u00eancia no uso do dinheiro e na co-constru\u00e7\u00e3o de uma nova economia.\",\"publisher\":{\"@id\":\"https:\\\/\\\/treinvestimentos.com.br\\\/antigo\\\/#organization\"},\"potentialAction\":[{\"@type\":\"SearchAction\",\"target\":{\"@type\":\"EntryPoint\",\"urlTemplate\":\"https:\\\/\\\/treinvestimentos.com.br\\\/antigo\\\/?s={search_term_string}\"},\"query-input\":{\"@type\":\"PropertyValueSpecification\",\"valueRequired\":true,\"valueName\":\"search_term_string\"}}],\"inLanguage\":\"pt-BR\"},{\"@type\":\"Organization\",\"@id\":\"https:\\\/\\\/treinvestimentos.com.br\\\/antigo\\\/#organization\",\"name\":\"Tr\u00ea Investindo com Causa\",\"url\":\"https:\\\/\\\/treinvestimentos.com.br\\\/antigo\\\/\",\"logo\":{\"@type\":\"ImageObject\",\"inLanguage\":\"pt-BR\",\"@id\":\"https:\\\/\\\/treinvestimentos.com.br\\\/antigo\\\/#\\\/schema\\\/logo\\\/image\\\/\",\"url\":\"https:\\\/\\\/treinvestimentos.com.br\\\/wp-content\\\/uploads\\\/2021\\\/08\\\/Logo-completo-Tre-azul.png\",\"contentUrl\":\"https:\\\/\\\/treinvestimentos.com.br\\\/wp-content\\\/uploads\\\/2021\\\/08\\\/Logo-completo-Tre-azul.png\",\"width\":1175,\"height\":311,\"caption\":\"Tr\u00ea Investindo com Causa\"},\"image\":{\"@id\":\"https:\\\/\\\/treinvestimentos.com.br\\\/antigo\\\/#\\\/schema\\\/logo\\\/image\\\/\"},\"sameAs\":[\"https:\\\/\\\/www.linkedin.com\\\/company\\\/treinvestindocomcausa\\\/?originalSubdomain=br\"]},{\"@type\":\"Person\",\"@id\":\"https:\\\/\\\/treinvestimentos.com.br\\\/antigo\\\/#\\\/schema\\\/person\\\/b0a4e82ce3ce39a58a59f15134916cb6\",\"name\":\"Milena Moraes\",\"image\":{\"@type\":\"ImageObject\",\"inLanguage\":\"pt-BR\",\"@id\":\"https:\\\/\\\/secure.gravatar.com\\\/avatar\\\/008a27b68dac139c6cbd0aa2724595e49bf0b65e965ae081528e0d76fe6d0d0b?s=96&d=mm&r=g\",\"url\":\"https:\\\/\\\/secure.gravatar.com\\\/avatar\\\/008a27b68dac139c6cbd0aa2724595e49bf0b65e965ae081528e0d76fe6d0d0b?s=96&d=mm&r=g\",\"contentUrl\":\"https:\\\/\\\/secure.gravatar.com\\\/avatar\\\/008a27b68dac139c6cbd0aa2724595e49bf0b65e965ae081528e0d76fe6d0d0b?s=96&d=mm&r=g\",\"caption\":\"Milena Moraes\"}}]}<\/script>\n<!-- \/ Yoast SEO plugin. -->","yoast_head_json":{"title":"Fortalecer para transformar: Tr\u00ea e parceiros impulsionam neg\u00f3cios de impacto no Distrito Federal - Tr\u00ea Investindo com Causa","robots":{"index":"noindex","follow":"follow"},"og_locale":"pt_BR","og_type":"article","og_title":"Fortalecer para transformar: Tr\u00ea e parceiros impulsionam neg\u00f3cios de impacto no Distrito Federal - Tr\u00ea Investindo com Causa","og_description":"Por Beatriz Gir\u00e3o | Tr\u00ea Investindo com Causa O Distrito Federal ganhou um novo impulso para fortalecer o ecossistema de impacto. A Consultoria de Mensura\u00e7\u00e3o de Impacto da Tr\u00ea, Medir...","og_url":"https:\/\/treinvestimentos.com.br\/antigo\/causas\/fortalecer-para-transformar-tre-e-parceiros-impulsionam-negocios-de-impacto-no-distrito-federal\/","og_site_name":"Tr\u00ea Investindo com Causa","article_published_time":"2025-10-07T23:38:43+00:00","article_modified_time":"2025-11-09T22:45:12+00:00","og_image":[{"width":640,"height":480,"url":"https:\/\/treinvestimentos.com.br\/antigo\/wp-content\/uploads\/2025\/10\/Tre-consultoria.jpg","type":"image\/jpeg"}],"author":"Milena Moraes","twitter_card":"summary_large_image","twitter_misc":{"Escrito por":"Milena Moraes","Est. tempo de leitura":"3 minutos"},"schema":{"@context":"https:\/\/schema.org","@graph":[{"@type":"Article","@id":"https:\/\/treinvestimentos.com.br\/antigo\/causas\/fortalecer-para-transformar-tre-e-parceiros-impulsionam-negocios-de-impacto-no-distrito-federal\/#article","isPartOf":{"@id":"https:\/\/treinvestimentos.com.br\/antigo\/causas\/fortalecer-para-transformar-tre-e-parceiros-impulsionam-negocios-de-impacto-no-distrito-federal\/"},"author":{"name":"Milena Moraes","@id":"https:\/\/treinvestimentos.com.br\/antigo\/#\/schema\/person\/b0a4e82ce3ce39a58a59f15134916cb6"},"headline":"Fortalecer para transformar: Tr\u00ea e parceiros impulsionam neg\u00f3cios de impacto no Distrito Federal","datePublished":"2025-10-07T23:38:43+00:00","dateModified":"2025-11-09T22:45:12+00:00","mainEntityOfPage":{"@id":"https:\/\/treinvestimentos.com.br\/antigo\/causas\/fortalecer-para-transformar-tre-e-parceiros-impulsionam-negocios-de-impacto-no-distrito-federal\/"},"wordCount":605,"commentCount":0,"publisher":{"@id":"https:\/\/treinvestimentos.com.br\/antigo\/#organization"},"image":{"@id":"https:\/\/treinvestimentos.com.br\/antigo\/causas\/fortalecer-para-transformar-tre-e-parceiros-impulsionam-negocios-de-impacto-no-distrito-federal\/#primaryimage"},"thumbnailUrl":"https:\/\/treinvestimentos.com.br\/antigo\/wp-content\/uploads\/2025\/10\/Tre-consultoria.jpg","keywords":["causas","medirparatransformar","sebraedf","sustentabilidade"],"articleSection":["Causas"],"inLanguage":"pt-BR","potentialAction":[{"@type":"CommentAction","name":"Comment","target":["https:\/\/treinvestimentos.com.br\/antigo\/causas\/fortalecer-para-transformar-tre-e-parceiros-impulsionam-negocios-de-impacto-no-distrito-federal\/#respond"]}]},{"@type":"WebPage","@id":"https:\/\/treinvestimentos.com.br\/antigo\/causas\/fortalecer-para-transformar-tre-e-parceiros-impulsionam-negocios-de-impacto-no-distrito-federal\/","url":"https:\/\/treinvestimentos.com.br\/antigo\/causas\/fortalecer-para-transformar-tre-e-parceiros-impulsionam-negocios-de-impacto-no-distrito-federal\/","name":"Fortalecer para transformar: Tr\u00ea e parceiros impulsionam neg\u00f3cios de impacto no Distrito Federal - Tr\u00ea Investindo com Causa","isPartOf":{"@id":"https:\/\/treinvestimentos.com.br\/antigo\/#website"},"primaryImageOfPage":{"@id":"https:\/\/treinvestimentos.com.br\/antigo\/causas\/fortalecer-para-transformar-tre-e-parceiros-impulsionam-negocios-de-impacto-no-distrito-federal\/#primaryimage"},"image":{"@id":"https:\/\/treinvestimentos.com.br\/antigo\/causas\/fortalecer-para-transformar-tre-e-parceiros-impulsionam-negocios-de-impacto-no-distrito-federal\/#primaryimage"},"thumbnailUrl":"https:\/\/treinvestimentos.com.br\/antigo\/wp-content\/uploads\/2025\/10\/Tre-consultoria.jpg","datePublished":"2025-10-07T23:38:43+00:00","dateModified":"2025-11-09T22:45:12+00:00","breadcrumb":{"@id":"https:\/\/treinvestimentos.com.br\/antigo\/causas\/fortalecer-para-transformar-tre-e-parceiros-impulsionam-negocios-de-impacto-no-distrito-federal\/#breadcrumb"},"inLanguage":"pt-BR","potentialAction":[{"@type":"ReadAction","target":["https:\/\/treinvestimentos.com.br\/antigo\/causas\/fortalecer-para-transformar-tre-e-parceiros-impulsionam-negocios-de-impacto-no-distrito-federal\/"]}]},{"@type":"ImageObject","inLanguage":"pt-BR","@id":"https:\/\/treinvestimentos.com.br\/antigo\/causas\/fortalecer-para-transformar-tre-e-parceiros-impulsionam-negocios-de-impacto-no-distrito-federal\/#primaryimage","url":"https:\/\/treinvestimentos.com.br\/antigo\/wp-content\/uploads\/2025\/10\/Tre-consultoria.jpg","contentUrl":"https:\/\/treinvestimentos.com.br\/antigo\/wp-content\/uploads\/2025\/10\/Tre-consultoria.jpg","width":640,"height":480},{"@type":"BreadcrumbList","@id":"https:\/\/treinvestimentos.com.br\/antigo\/causas\/fortalecer-para-transformar-tre-e-parceiros-impulsionam-negocios-de-impacto-no-distrito-federal\/#breadcrumb","itemListElement":[{"@type":"ListItem","position":1,"name":"In\u00edcio","item":"https:\/\/treinvestimentos.com.br\/antigo\/"},{"@type":"ListItem","position":2,"name":"Fortalecer para transformar: Tr\u00ea e parceiros impulsionam neg\u00f3cios de impacto no Distrito Federal"}]},{"@type":"WebSite","@id":"https:\/\/treinvestimentos.com.br\/antigo\/#website","url":"https:\/\/treinvestimentos.com.br\/antigo\/","name":"Tr\u00ea Investindo com Causa","description":"Queremos popularizar o investimento em causas, promovendo uma amplia\u00e7\u00e3o da consci\u00eancia no uso do dinheiro e na co-constru\u00e7\u00e3o de uma nova economia.","publisher":{"@id":"https:\/\/treinvestimentos.com.br\/antigo\/#organization"},"potentialAction":[{"@type":"SearchAction","target":{"@type":"EntryPoint","urlTemplate":"https:\/\/treinvestimentos.com.br\/antigo\/?s={search_term_string}"},"query-input":{"@type":"PropertyValueSpecification","valueRequired":true,"valueName":"search_term_string"}}],"inLanguage":"pt-BR"},{"@type":"Organization","@id":"https:\/\/treinvestimentos.com.br\/antigo\/#organization","name":"Tr\u00ea Investindo com Causa","url":"https:\/\/treinvestimentos.com.br\/antigo\/","logo":{"@type":"ImageObject","inLanguage":"pt-BR","@id":"https:\/\/treinvestimentos.com.br\/antigo\/#\/schema\/logo\/image\/","url":"https:\/\/treinvestimentos.com.br\/wp-content\/uploads\/2021\/08\/Logo-completo-Tre-azul.png","contentUrl":"https:\/\/treinvestimentos.com.br\/wp-content\/uploads\/2021\/08\/Logo-completo-Tre-azul.png","width":1175,"height":311,"caption":"Tr\u00ea Investindo com Causa"},"image":{"@id":"https:\/\/treinvestimentos.com.br\/antigo\/#\/schema\/logo\/image\/"},"sameAs":["https:\/\/www.linkedin.com\/company\/treinvestindocomcausa\/?originalSubdomain=br"]},{"@type":"Person","@id":"https:\/\/treinvestimentos.com.br\/antigo\/#\/schema\/person\/b0a4e82ce3ce39a58a59f15134916cb6","name":"Milena Moraes","image":{"@type":"ImageObject","inLanguage":"pt-BR","@id":"https:\/\/secure.gravatar.com\/avatar\/008a27b68dac139c6cbd0aa2724595e49bf0b65e965ae081528e0d76fe6d0d0b?s=96&d=mm&r=g","url":"https:\/\/secure.gravatar.com\/avatar\/008a27b68dac139c6cbd0aa2724595e49bf0b65e965ae081528e0d76fe6d0d0b?s=96&d=mm&r=g","contentUrl":"https:\/\/secure.gravatar.com\/avatar\/008a27b68dac139c6cbd0aa2724595e49bf0b65e965ae081528e0d76fe6d0d0b?s=96&d=mm&r=g","caption":"Milena Moraes"}}]}},"_links":{"self":[{"href":"https:\/\/treinvestimentos.com.br\/antigo\/wp-json\/wp\/v2\/posts\/7130","targetHints":{"allow":["GET"]}}],"collection":[{"href":"https:\/\/treinvestimentos.com.br\/antigo\/wp-json\/wp\/v2\/posts"}],"about":[{"href":"https:\/\/treinvestimentos.com.br\/antigo\/wp-json\/wp\/v2\/types\/post"}],"author":[{"embeddable":true,"href":"https:\/\/treinvestimentos.com.br\/antigo\/wp-json\/wp\/v2\/users\/152"}],"replies":[{"embeddable":true,"href":"https:\/\/treinvestimentos.com.br\/antigo\/wp-json\/wp\/v2\/comments?post=7130"}],"version-history":[{"count":1,"href":"https:\/\/treinvestimentos.com.br\/antigo\/wp-json\/wp\/v2\/posts\/7130\/revisions"}],"predecessor-version":[{"id":7133,"href":"https:\/\/treinvestimentos.com.br\/antigo\/wp-json\/wp\/v2\/posts\/7130\/revisions\/7133"}],"wp:featuredmedia":[{"embeddable":true,"href":"https:\/\/treinvestimentos.com.br\/antigo\/wp-json\/wp\/v2\/media\/7131"}],"wp:attachment":[{"href":"https:\/\/treinvestimentos.com.br\/antigo\/wp-json\/wp\/v2\/media?parent=7130"}],"wp:term":[{"taxonomy":"category","embeddable":true,"href":"https:\/\/treinvestimentos.com.br\/antigo\/wp-json\/wp\/v2\/categories?post=7130"},{"taxonomy":"post_tag","embeddable":true,"href":"https:\/\/treinvestimentos.com.br\/antigo\/wp-json\/wp\/v2\/tags?post=7130"}],"curies":[{"name":"wp","href":"https:\/\/api.w.org\/{rel}","templated":true}]}}