{"id":7106,"date":"2025-09-22T09:27:44","date_gmt":"2025-09-22T12:27:44","guid":{"rendered":"https:\/\/treinvestimentos.com.br\/?p=7106"},"modified":"2025-09-23T08:23:44","modified_gmt":"2025-09-23T11:23:44","slug":"capitulo-14-lapis-de-cor-recanto-de-conhecimento-e-acolhimento","status":"publish","type":"post","link":"https:\/\/treinvestimentos.com.br\/antigo\/nossas-historias\/capitulo-14-lapis-de-cor-recanto-de-conhecimento-e-acolhimento\/","title":{"rendered":"Cap\u00edtulo 14: L\u00e1pis de Cor &#8211; Recanto de conhecimento e acolhimento"},"content":{"rendered":"\n<p><em>Por Beatriz Gir\u00e3o | Tr\u00ea Investindo com Causa <\/em><\/p>\n\n\n\n<p>Um sonho de menina que encontrou ra\u00edzes e floresceu no cora\u00e7\u00e3o da Rocinha, na Zona Sul do Rio de Janeiro. Assim come\u00e7a a hist\u00f3ria de Elzete Misquito, fundadora e diretora da<strong> Escola Recanto L\u00e1pis de Cor, que h\u00e1 26 anos transforma vidas por meio da educa\u00e7\u00e3o.<\/strong><\/p>\n\n\n\n<p>Desde jovem, Elzete nutria o desejo de ter sua pr\u00f3pria escola. Ao concluir o ensino m\u00e9dio, iniciou seu trabalho na recep\u00e7\u00e3o de uma escola e, ali, o carinho pelas crian\u00e7as reacendeu e fortaleceu esse sonho.&nbsp;<\/p>\n\n\n\n<p>\u201c<em>Isso me motivou a fazer a forma\u00e7\u00e3o de professora, especializa\u00e7\u00f5es em administra\u00e7\u00e3o escolar e educa\u00e7\u00e3o especial, sempre sem parar de estudar<\/em>\u201d, conta Elzete, com a certeza que <strong>aprender \u00e9 o caminho para ensinar melhor.<\/strong><\/p>\n\n\n\n<figure class=\"wp-block-image size-full\"><img loading=\"lazy\" decoding=\"async\" width=\"1000\" height=\"500\" src=\"https:\/\/treinvestimentos.com.br\/wp-content\/uploads\/2025\/09\/Prancheta-8-1.jpg\" alt=\"\" class=\"wp-image-7112\" srcset=\"https:\/\/treinvestimentos.com.br\/antigo\/wp-content\/uploads\/2025\/09\/Prancheta-8-1.jpg 1000w, https:\/\/treinvestimentos.com.br\/antigo\/wp-content\/uploads\/2025\/09\/Prancheta-8-1-350x175.jpg 350w, https:\/\/treinvestimentos.com.br\/antigo\/wp-content\/uploads\/2025\/09\/Prancheta-8-1-768x384.jpg 768w, https:\/\/treinvestimentos.com.br\/antigo\/wp-content\/uploads\/2025\/09\/Prancheta-8-1-670x335.jpg 670w, https:\/\/treinvestimentos.com.br\/antigo\/wp-content\/uploads\/2025\/09\/Prancheta-8-1-600x300.jpg 600w\" sizes=\"auto, (max-width: 1000px) 100vw, 1000px\" \/><\/figure>\n\n\n\n<p>Antes de abrir a L\u00e1pis de Cor, Elzete recebeu o convite de uma colega para montar uma escolinha na Rocinha. O projeto n\u00e3o prosperou, mas a paix\u00e3o pela educa\u00e7\u00e3o permaneceu. \u201c<em>Nos impactou muito, porque <strong>quer\u00edamos mesmo era ensinar, buscar realiza\u00e7\u00e3o profissional, n\u00e3o tanto o dinheiro<\/strong><\/em>\u201d, conta Elzete.<\/p>\n\n\n\n<p>Foi ent\u00e3o que Mauro, marido de Elzete, captou uma oportunidade em um pr\u00e9dio em constru\u00e7\u00e3o na via principal da comunidade. <strong>Com o apoio da fam\u00edlia e de alunos que a acompanhavam desde a primeira experi\u00eancia, nasceu o <\/strong><a href=\"https:\/\/www.instagram.com\/escolarecantolapisdecor\/\"><strong>Recanto L\u00e1pis de Cor<\/strong><\/a> \u2013 nome tamb\u00e9m inspirado por Mauro.<\/p>\n\n\n\n<blockquote class=\"wp-block-quote is-layout-flow wp-block-quote-is-layout-flow\">\n<p><em>\u201cMeu sonho era fazer uma ONG, porque <\/em><strong><em>o meu desejo era trabalhar com as crian\u00e7as da comunidade, aquelas realmente vulner\u00e1veis, cujas fam\u00edlias precisavam dessa ajuda. <\/em><\/strong><em>Fui atr\u00e1s de apoio e n\u00e3o consegui, ent\u00e3o guardei essa documenta\u00e7\u00e3o. Depois, fui para a iniciativa privada. Com isso, pude ajudar algumas crian\u00e7as que n\u00e3o tinham condi\u00e7\u00f5es de pagar, oferecendo bolsas de estudo. E assim, a cada ano, o n\u00famero de crian\u00e7as foi crescendo\u201d<\/em>, compartilha Elzete.<\/p>\n<\/blockquote>\n\n\n\n<figure class=\"wp-block-image size-full\"><img loading=\"lazy\" decoding=\"async\" width=\"1000\" height=\"500\" src=\"https:\/\/treinvestimentos.com.br\/wp-content\/uploads\/2025\/09\/Prancheta-1.jpg\" alt=\"\" class=\"wp-image-7108\" srcset=\"https:\/\/treinvestimentos.com.br\/antigo\/wp-content\/uploads\/2025\/09\/Prancheta-1.jpg 1000w, https:\/\/treinvestimentos.com.br\/antigo\/wp-content\/uploads\/2025\/09\/Prancheta-1-350x175.jpg 350w, https:\/\/treinvestimentos.com.br\/antigo\/wp-content\/uploads\/2025\/09\/Prancheta-1-768x384.jpg 768w, https:\/\/treinvestimentos.com.br\/antigo\/wp-content\/uploads\/2025\/09\/Prancheta-1-670x335.jpg 670w, https:\/\/treinvestimentos.com.br\/antigo\/wp-content\/uploads\/2025\/09\/Prancheta-1-600x300.jpg 600w\" sizes=\"auto, (max-width: 1000px) 100vw, 1000px\" \/><\/figure>\n\n\n\n<h3 class=\"wp-block-heading\"><strong>Os desafios de uma educa\u00e7\u00e3o acess\u00edvel com prop\u00f3sito<\/strong><\/h3>\n\n\n\n<p>Desde o in\u00edcio, a caminhada foi marcada por desafios. A regulariza\u00e7\u00e3o da documenta\u00e7\u00e3o da escola, conquistada em 1999, foi um processo longo e dif\u00edcil, mas fundamental para garantir a continuidade do sonho. <strong>A cada obst\u00e1culo, a determina\u00e7\u00e3o de Elzete e o apoio de sua rede de afeto mantiveram o projeto vivo<\/strong>: <em>\u201cEu n\u00e3o tive apoio nenhum. A vontade que eu tive na ocasi\u00e3o era desistir, mas meu esposo, minha m\u00e3e, meu pai e minhas irm\u00e3s falaram: <\/em><strong><em>\u2018Voc\u00ea n\u00e3o pode desistir<\/em><\/strong><em>\u2019\u201d.&nbsp;<\/em><\/p>\n\n\n\n<p>Ao longo dos anos, a L\u00e1pis de Cor viveu per\u00edodos de crescimento e tamb\u00e9m enfrentou crises profundas. Em 2018, a migra\u00e7\u00e3o de alunos para escolas p\u00fablicas reduziu significativamente o n\u00famero de matr\u00edculas, <strong>mas a L\u00e1pis de Cor resistiu e manteve as portas abertas.<\/strong><\/p>\n\n\n\n<p>Logo depois, em 2020, a pandemia da Covid-19 trouxe novos impactos: ensino remoto, d\u00edvidas acumuladas e perda de alunos.<\/p>\n\n\n\n<p><em>\u201cFiquei com menos da metade dos alunos e muitas d\u00edvidas. <\/em><strong><em>Pensei em fechar, mas fomos levando, mesmo com o n\u00famero reduzido de pagantes. <\/em><\/strong><em>Fomos negociando, aqui e ali, jogando algumas coisas para frente. Outras n\u00e3o tiveram negocia\u00e7\u00e3o, como, por exemplo, o aluguel da escola. N\u00e3o conseguimos redu\u00e7\u00e3o. Assim, nos meses em que a escola ficou fechada, trabalhamos de casa, online, e tivemos que arcar com esse valor\u201d<\/em>, conta Elzete.<\/p>\n\n\n\n<p>Em 2024, diante de um cen\u00e1rio financeiro cr\u00edtico, Elzete quase encerrou as atividades da escola: \u201c<em>Eu estava decidida a fechar a escola, o que me deixou muito triste e depressiva\u201d.<\/em><\/p>\n\n\n\n<figure class=\"wp-block-image size-full\"><img loading=\"lazy\" decoding=\"async\" width=\"1000\" height=\"500\" src=\"https:\/\/treinvestimentos.com.br\/wp-content\/uploads\/2025\/09\/Prancheta-8.jpg\" alt=\"\" class=\"wp-image-7109\" srcset=\"https:\/\/treinvestimentos.com.br\/antigo\/wp-content\/uploads\/2025\/09\/Prancheta-8.jpg 1000w, https:\/\/treinvestimentos.com.br\/antigo\/wp-content\/uploads\/2025\/09\/Prancheta-8-350x175.jpg 350w, https:\/\/treinvestimentos.com.br\/antigo\/wp-content\/uploads\/2025\/09\/Prancheta-8-768x384.jpg 768w, https:\/\/treinvestimentos.com.br\/antigo\/wp-content\/uploads\/2025\/09\/Prancheta-8-670x335.jpg 670w, https:\/\/treinvestimentos.com.br\/antigo\/wp-content\/uploads\/2025\/09\/Prancheta-8-600x300.jpg 600w\" sizes=\"auto, (max-width: 1000px) 100vw, 1000px\" \/><\/figure>\n\n\n\n<p><em>\u200b\u200b<\/em>Nesse momento, a rede de apoio de Elzete e da L\u00e1pis de Cor se fortaleceu. Maria Jos\u00e9, mentora financeira indicada por Ana Fontes, falou sobre o <a href=\"https:\/\/multiplicaeducacao.com.br\/\"><strong>Programa Multiplica Educa\u00e7\u00e3o<\/strong><\/a><strong>, idealizado pela Tr\u00ea em parceria com a <\/strong><a href=\"https:\/\/www.credsystem.com.br\/\"><strong>credsystem<\/strong><\/a> e motivou que fizesse a inscri\u00e7\u00e3o no programa.\u00a0 Ainda desconfiada, sabendo que n\u00e3o tinha condi\u00e7\u00f5es de assumir mais um empr\u00e9stimo, Elzete se surpreendeu ao entender o prop\u00f3sito do Programa: <em>\u201cEu fui totalmente incr\u00e9dula, mas logo percebi que<\/em><strong><em> o objetivo era dar as m\u00e3os e me levantar diante de uma situa\u00e7\u00e3o dif\u00edcil\u201d<\/em><\/strong>.<\/p>\n\n\n\n<p>Lan\u00e7ado em 2024, o <strong>Multiplica Educa\u00e7\u00e3o \u00e9 uma iniciativa que apoia empreendimentos e organiza\u00e7\u00f5es voltados a ampliar o acesso \u00e0 educa\u00e7\u00e3o de qualidade para as classes C, D e E<\/strong>.&nbsp; Com dura\u00e7\u00e3o prevista at\u00e9 2027, a Tr\u00ea e a Credsytem&nbsp; buscam fortalecer esses neg\u00f3cios para que ampliem seu impacto social, oferecendo uma jornada que inclui diagn\u00f3stico de oportunidades, mentorias especializadas e acesso a capital incentivado (cr\u00e9dito sem juros). Dez iniciativas foram selecionadas para participar dessa edi\u00e7\u00e3o e j\u00e1 est\u00e3o em processo de desenvolvimento, entre elas, a L\u00e1pis de Cor.&nbsp;<\/p>\n\n\n\n<p>Ao ser aceita no Multiplica Educa\u00e7\u00e3o, Elzete entrou em contato com os mentores Maria Jos\u00e9 e Daniel, da credsystem, recebeu orienta\u00e7\u00e3o na escola e viu novas perspectivas:<\/p>\n\n\n\n<p><em>\u201cEu estava de cabe\u00e7a baixa e agora ergui a cabe\u00e7a.<\/em><strong><em> Aprendi a enxergar a import\u00e2ncia n\u00e3o s\u00f3 do que n\u00f3s fomos, mas que ainda somos. <\/em><\/strong><em>Vejo nesse projeto uma iniciativa muito importante, principalmente para mim, que realmente tinha tomado a decis\u00e3o de fechar a escola.<\/em><strong><em> Recebi uma m\u00e3o estendida para o trabalho da escola. \u00c9 uma luz no fim do t\u00fanel\u201d, <\/em><\/strong>relata Elzete.<br>Com mentoria de Daniel e Maria Jos\u00e9 a escola come\u00e7ou a se estruturar novamente, <strong>enxergando possibilidades de recupera\u00e7\u00e3o, crescimento<\/strong> e recebendo o acolhimento que Elzete sempre dedicou aos alunos, mas que n\u00e3o havia recebido para seu neg\u00f3cio: <em>\u201c<\/em><strong><em>Daniel e Maria Jos\u00e9 me d\u00e3o uma inje\u00e7\u00e3o de \u00e2nimo, alegria, esperan\u00e7a e motiva\u00e7\u00e3o\u201d.<\/em><\/strong><\/p>\n\n\n\n<figure class=\"wp-block-image size-full\"><img loading=\"lazy\" decoding=\"async\" width=\"1000\" height=\"500\" src=\"https:\/\/treinvestimentos.com.br\/wp-content\/uploads\/2025\/09\/Prancheta-15.jpg\" alt=\"\" class=\"wp-image-7110\" srcset=\"https:\/\/treinvestimentos.com.br\/antigo\/wp-content\/uploads\/2025\/09\/Prancheta-15.jpg 1000w, https:\/\/treinvestimentos.com.br\/antigo\/wp-content\/uploads\/2025\/09\/Prancheta-15-350x175.jpg 350w, https:\/\/treinvestimentos.com.br\/antigo\/wp-content\/uploads\/2025\/09\/Prancheta-15-768x384.jpg 768w, https:\/\/treinvestimentos.com.br\/antigo\/wp-content\/uploads\/2025\/09\/Prancheta-15-670x335.jpg 670w, https:\/\/treinvestimentos.com.br\/antigo\/wp-content\/uploads\/2025\/09\/Prancheta-15-600x300.jpg 600w\" sizes=\"auto, (max-width: 1000px) 100vw, 1000px\" \/><\/figure>\n\n\n\n<h3 class=\"wp-block-heading\"><strong>Impacto medido por hist\u00f3rias<\/strong><\/h3>\n\n\n\n<p>O impacto da L\u00e1pis de Cor se revela e exemplifica em hist\u00f3rias como a de Samuel:&nbsp;<\/p>\n\n\n\n<p>Natural de Manaus (AM), vive na Rocinha com sua m\u00e3e e n\u00e3o tinha sido alfabetizado aos 8 anos. Com dificuldades em outras escolas, sem apoio da dire\u00e7\u00e3o e com uma rotina complexa pela alta carga de trabalho da m\u00e3e, Elzete prop\u00f4s matricul\u00e1-lo na L\u00e1pis de Cor com bolsa integral.<strong>&nbsp;<\/strong><\/p>\n\n\n\n<p>Na nova escola, Samuel encontrou um ambiente acolhedor, com ensino gratuito, alimenta\u00e7\u00e3o adequada e acompanhamento individualizado. Vindo de uma institui\u00e7\u00e3o que n\u00e3o o atendia de forma inclusiva, chegou sem saber ler ou escrever. Em menos de um ano na L\u00e1pis de Cor, aos 9 anos, j\u00e1 aprendeu a ler, realiza contas b\u00e1sicas de matem\u00e1tica e se alimenta melhor.&nbsp;<\/p>\n\n\n\n<figure class=\"wp-block-image size-full\"><img loading=\"lazy\" decoding=\"async\" width=\"1000\" height=\"500\" src=\"https:\/\/treinvestimentos.com.br\/wp-content\/uploads\/2025\/09\/Prancheta-11.jpg\" alt=\"\" class=\"wp-image-7107\" srcset=\"https:\/\/treinvestimentos.com.br\/antigo\/wp-content\/uploads\/2025\/09\/Prancheta-11.jpg 1000w, https:\/\/treinvestimentos.com.br\/antigo\/wp-content\/uploads\/2025\/09\/Prancheta-11-350x175.jpg 350w, https:\/\/treinvestimentos.com.br\/antigo\/wp-content\/uploads\/2025\/09\/Prancheta-11-768x384.jpg 768w, https:\/\/treinvestimentos.com.br\/antigo\/wp-content\/uploads\/2025\/09\/Prancheta-11-670x335.jpg 670w, https:\/\/treinvestimentos.com.br\/antigo\/wp-content\/uploads\/2025\/09\/Prancheta-11-600x300.jpg 600w\" sizes=\"auto, (max-width: 1000px) 100vw, 1000px\" \/><\/figure>\n\n\n\n<p>\u201c<em>Essa viv\u00eancia real mostra claramente o quanto uma educa\u00e7\u00e3o acolhedora, aliada a suporte alimentar e atividades f\u00edsicas, faz diferen\u00e7a no desenvolvimento das crian\u00e7as<\/em>\u201d, conta Elzete.<\/p>\n\n\n\n<h3 class=\"wp-block-heading\"><strong>Multidisciplinar na educa\u00e7\u00e3o e no acolhimento&nbsp;<\/strong><\/h3>\n\n\n\n<p>Ao longo de sua hist\u00f3ria, a L\u00e1pis de Cor tamb\u00e9m contou com uma equipe multidisciplinar, com psic\u00f3logos, fonoaudi\u00f3logos e professores de ingl\u00eas, que <strong>apoiava n\u00e3o apenas os alunos, mas tamb\u00e9m as fam\u00edlias e professores da escola.<\/strong> As crises financeiras suspenderam esses servi\u00e7os, mas Elzete sonha em retom\u00e1-los, consciente de que sa\u00fade e educa\u00e7\u00e3o caminham juntas no desenvolvimento infantil.<\/p>\n\n\n\n<p><em>\u201cSabemos da dificuldade que os pais t\u00eam para conseguir vaga para os seus filhos. <\/em><strong><em>Para uma crian\u00e7a autista, com TDAH, hiperatividade, n\u00e3o \u00e9 toda escola que prop\u00f5e realizar um trabalho de excel\u00eancia, igual para todos, sem diferencia\u00e7\u00e3o<\/em><\/strong><em>\u201d,<\/em><strong><em> <\/em><\/strong>compartilha Elzete.<\/p>\n\n\n\n<p><strong>Mais do que uma escola, a L\u00e1pis de Cor \u00e9 um espa\u00e7o de v\u00ednculo, afeto e transforma\u00e7\u00e3o.<\/strong> Elzete se orgulha de ver filhos de ex-alunos, que ela chama carinhosamente de &#8220;netos&#8221;, estudando ali.<strong> Sua presen\u00e7a \u00e9 constante: mesmo dedicada \u00e0 gest\u00e3o, n\u00e3o hesita em deixar a mesa para sentar-se com as crian\u00e7as, brincar, ouvir e ensinar:<\/strong><\/p>\n\n\n\n<p><em>\u201cEu sou muito envolvida com a escola. Embora eu tenha tomado a decis\u00e3o de sair da sala de aula para me dedicar mais \u00e0 gest\u00e3o,<\/em><strong><em> n\u00e3o consigo ficar longe dos alunos. <\/em><\/strong><em>Muitas vezes, abandono tarefas administrativas para ajudar um professor ou um aluno que precisa, porque, <\/em><strong><em>para mim, estar com as crian\u00e7as \u00e9 essencial. Sou emotiva e tenho uma conex\u00e3o intensa com eles<\/em><\/strong><em>. Por exemplo, uma m\u00e3e de um aluno autista me contou que o filho fala comigo para se acalmar quando fica nervoso\u201d,<\/em> conta Elzete.<\/p>\n\n\n\n<figure class=\"wp-block-image size-full\"><img loading=\"lazy\" decoding=\"async\" width=\"1000\" height=\"500\" src=\"https:\/\/treinvestimentos.com.br\/wp-content\/uploads\/2025\/09\/Prancheta-10.jpg\" alt=\"\" class=\"wp-image-7111\" srcset=\"https:\/\/treinvestimentos.com.br\/antigo\/wp-content\/uploads\/2025\/09\/Prancheta-10.jpg 1000w, https:\/\/treinvestimentos.com.br\/antigo\/wp-content\/uploads\/2025\/09\/Prancheta-10-350x175.jpg 350w, https:\/\/treinvestimentos.com.br\/antigo\/wp-content\/uploads\/2025\/09\/Prancheta-10-768x384.jpg 768w, https:\/\/treinvestimentos.com.br\/antigo\/wp-content\/uploads\/2025\/09\/Prancheta-10-670x335.jpg 670w, https:\/\/treinvestimentos.com.br\/antigo\/wp-content\/uploads\/2025\/09\/Prancheta-10-600x300.jpg 600w\" sizes=\"auto, (max-width: 1000px) 100vw, 1000px\" \/><\/figure>\n\n\n\n<h3 class=\"wp-block-heading\"><strong>Recanto que multiplica impacto<\/strong><\/h3>\n\n\n\n<p>Hoje, com o apoio do Programa Multiplica Educa\u00e7\u00e3o, a escola caminha para recuperar estabilidade financeira, melhorar sua estrutura f\u00edsica e atrair mais alunos. <strong>Para Elzete, esse trabalho \u00e9 mais do que profiss\u00e3o: \u00e9 miss\u00e3o de vida.<\/strong> E, mesmo nos momentos mais desafiadores, ela reafirma seu compromisso: <strong>continuar oferecendo uma educa\u00e7\u00e3o de qualidade, capaz de transformar realidades na Rocinha.<\/strong><\/p>\n\n\n\n<p>Com o apoio do Multiplica, a L\u00e1pis de Cor busca estabilidade e crescimento:&nbsp;<\/p>\n\n\n\n<p><em>\u201cEu estava de cabe\u00e7a baixa e agora ergui a cabe\u00e7a. <\/em><strong><em>Aprendi que ainda somos importantes para a comunidade.<\/em><\/strong><em> <\/em><strong><em>Eu acredito que a educa\u00e7\u00e3o de qualidade pode transformar vidas, assim como j\u00e1 transformou a minha e a de tantas crian\u00e7as.<\/em><\/strong><em> Por isso, mesmo nos momentos mais dif\u00edceis, n\u00e3o posso desistir. <\/em><strong><em>Aprendi que \u00e9 importante tamb\u00e9m estender a m\u00e3o para receber ajuda e apoio para seguir em frente\u201d<\/em><\/strong>, relata Elzete.<\/p>\n\n\n\n<p>A mensagem que Elzete busca transmitir \u00e9 de gratid\u00e3o por todo apoio recebido e a esperan\u00e7a de que, com uni\u00e3o e trabalho conjunto, a escola Recanto L\u00e1pis de Cor, que h\u00e1 26 anos, segue viva impactando a vida de crian\u00e7as e fam\u00edlias da Rocinha.<\/p>\n\n\n\n<h3 class=\"wp-block-heading\"><strong>Quem aprende ensina e quem ensina aprende<\/strong><\/h3>\n\n\n\n<p>A Escola Recanto L\u00e1pis de Cor segue firme na miss\u00e3o de<strong> transformar realidades por meio de uma educa\u00e7\u00e3o acolhedora e de qualidade<\/strong>. Se voc\u00ea quiser acompanhar de perto o dia a dia da escola, as conquistas das crian\u00e7as, dos professores e as a\u00e7\u00f5es que movimentam a comunidade da Rocinha, siga o perfil nas <a href=\"https:\/\/www.instagram.com\/escolarecantolapisdecor\/\">redes sociais<\/a> e ajude a multiplicar essa rede de apoio.<\/p>\n\n\n\n<p>O Multiplica Educa\u00e7\u00e3o acredita no poder de iniciativas como a L\u00e1pis de Cor para gerar impacto social duradouro.<strong> Se voc\u00ea conhece ou tem um neg\u00f3cio de educa\u00e7\u00e3o que poderia se beneficiar dessa jornada, venha caminhar com a gente.<\/strong><\/p>\n\n\n\n<p>Vamos conversar? Juntos, podemos construir caminhos para um futuro mais justo, acolhedor e cheio de possibilidades. Entre em contato conosco pelas nossas <a href=\"https:\/\/www.instagram.com\/treinvestindocomcausa\/\">redes sociais<\/a>, <a href=\"mailto:falecom@treinvestimentos.com.br\">email<\/a> ou <a href=\"https:\/\/api.whatsapp.com\/send\/?phone=5511952756491&amp;text&amp;type=phone_number&amp;app_absent=0\">WhatsApp<\/a>!&nbsp;<\/p>\n\n\n\n<hr class=\"wp-block-separator has-alpha-channel-opacity\"\/>\n\n\n\n<p><em>A <\/em><a href=\"https:\/\/treinvestimentos.com.br\/\"><em>Tr\u00ea Investindo com Causa<\/em><\/a><em> estrutura e coordena programas de financiamento e fortalecimento para neg\u00f3cios com causa em parceria com diversas organiza\u00e7\u00f5es filantr\u00f3picas e privadas. A institui\u00e7\u00e3o j\u00e1 mobilizou mais de R$ 23 milh\u00f5es e j\u00e1 beneficiou mais de 80 neg\u00f3cios de impacto positivo.<\/em><\/p>\n\n\n\n<p><em>Junte-se a n\u00f3s nessa jornada por um futuro mais sustent\u00e1vel! Siga-nos no <\/em><a href=\"https:\/\/www.instagram.com\/treinvestindocomcausa\"><em>Instagram <\/em><\/a><em>e <\/em><a href=\"https:\/\/www.linkedin.com\/company\/treinvestindocomcausa\/posts\/?feedView=all\"><em>LinkedIn<\/em><\/a><em>, e inscreva-se em nossa <\/em><a href=\"https:\/\/treinvestimentos.com.br\/\"><em>newsletter<\/em><\/a><em> para acompanhar nossas iniciativas e oportunidades de impacto.<\/em><\/p>\n\n\n\n<p>Beatriz Gir\u00e3o<\/p>\n\n\n\n<p><em>Time Tr\u00ea de Marketing &amp; Comunica\u00e7\u00e3o<\/em><\/p>\n","protected":false},"excerpt":{"rendered":"<p>Por Beatriz Gir\u00e3o | Tr\u00ea Investindo com Causa Um sonho de menina que encontrou ra\u00edzes e floresceu no cora\u00e7\u00e3o da Rocinha, na Zona Sul do Rio de Janeiro. Assim come\u00e7a&#8230;<\/p>\n","protected":false},"author":152,"featured_media":7117,"comment_status":"open","ping_status":"open","sticky":false,"template":"","format":"standard","meta":{"give_campaign_id":0,"inline_featured_image":false,"footnotes":""},"categories":[45],"tags":[46],"class_list":{"0":"post-7106","1":"post","2":"type-post","3":"status-publish","4":"format-standard","5":"has-post-thumbnail","7":"category-nossas-historias","8":"tag-nossas-historias"},"yoast_head":"<!-- This site is optimized with the Yoast SEO plugin v27.5 - https:\/\/yoast.com\/product\/yoast-seo-wordpress\/ -->\n<title>Cap\u00edtulo 14: L\u00e1pis de Cor - Recanto de conhecimento e acolhimento - Tr\u00ea Investindo com Causa<\/title>\n<meta name=\"robots\" content=\"noindex, follow\" \/>\n<meta property=\"og:locale\" content=\"pt_BR\" \/>\n<meta property=\"og:type\" content=\"article\" \/>\n<meta property=\"og:title\" content=\"Cap\u00edtulo 14: L\u00e1pis de Cor - Recanto de conhecimento e acolhimento - Tr\u00ea Investindo com Causa\" \/>\n<meta property=\"og:description\" content=\"Por Beatriz Gir\u00e3o | Tr\u00ea Investindo com Causa Um sonho de menina que encontrou ra\u00edzes e floresceu no cora\u00e7\u00e3o da Rocinha, na Zona Sul do Rio de Janeiro. Assim come\u00e7a...\" \/>\n<meta property=\"og:url\" content=\"https:\/\/treinvestimentos.com.br\/antigo\/nossas-historias\/capitulo-14-lapis-de-cor-recanto-de-conhecimento-e-acolhimento\/\" \/>\n<meta property=\"og:site_name\" content=\"Tr\u00ea Investindo com Causa\" \/>\n<meta property=\"article:published_time\" content=\"2025-09-22T12:27:44+00:00\" \/>\n<meta property=\"article:modified_time\" content=\"2025-09-23T11:23:44+00:00\" \/>\n<meta property=\"og:image\" content=\"https:\/\/treinvestimentos.com.br\/antigo\/wp-content\/uploads\/2025\/09\/pexels-cdc-library-3992949-scaled.jpg\" \/>\n\t<meta property=\"og:image:width\" content=\"2560\" \/>\n\t<meta property=\"og:image:height\" content=\"1703\" \/>\n\t<meta property=\"og:image:type\" content=\"image\/jpeg\" \/>\n<meta name=\"author\" content=\"Milena Moraes\" \/>\n<meta name=\"twitter:card\" content=\"summary_large_image\" \/>\n<meta name=\"twitter:label1\" content=\"Escrito por\" \/>\n\t<meta name=\"twitter:data1\" content=\"Milena Moraes\" \/>\n\t<meta name=\"twitter:label2\" content=\"Est. tempo de leitura\" \/>\n\t<meta name=\"twitter:data2\" content=\"9 minutos\" \/>\n<script type=\"application\/ld+json\" class=\"yoast-schema-graph\">{\"@context\":\"https:\\\/\\\/schema.org\",\"@graph\":[{\"@type\":\"Article\",\"@id\":\"https:\\\/\\\/treinvestimentos.com.br\\\/antigo\\\/nossas-historias\\\/capitulo-14-lapis-de-cor-recanto-de-conhecimento-e-acolhimento\\\/#article\",\"isPartOf\":{\"@id\":\"https:\\\/\\\/treinvestimentos.com.br\\\/antigo\\\/nossas-historias\\\/capitulo-14-lapis-de-cor-recanto-de-conhecimento-e-acolhimento\\\/\"},\"author\":{\"name\":\"Milena Moraes\",\"@id\":\"https:\\\/\\\/treinvestimentos.com.br\\\/antigo\\\/#\\\/schema\\\/person\\\/b0a4e82ce3ce39a58a59f15134916cb6\"},\"headline\":\"Cap\u00edtulo 14: L\u00e1pis de Cor &#8211; Recanto de conhecimento e acolhimento\",\"datePublished\":\"2025-09-22T12:27:44+00:00\",\"dateModified\":\"2025-09-23T11:23:44+00:00\",\"mainEntityOfPage\":{\"@id\":\"https:\\\/\\\/treinvestimentos.com.br\\\/antigo\\\/nossas-historias\\\/capitulo-14-lapis-de-cor-recanto-de-conhecimento-e-acolhimento\\\/\"},\"wordCount\":1855,\"commentCount\":0,\"publisher\":{\"@id\":\"https:\\\/\\\/treinvestimentos.com.br\\\/antigo\\\/#organization\"},\"image\":{\"@id\":\"https:\\\/\\\/treinvestimentos.com.br\\\/antigo\\\/nossas-historias\\\/capitulo-14-lapis-de-cor-recanto-de-conhecimento-e-acolhimento\\\/#primaryimage\"},\"thumbnailUrl\":\"https:\\\/\\\/treinvestimentos.com.br\\\/antigo\\\/wp-content\\\/uploads\\\/2025\\\/09\\\/pexels-cdc-library-3992949-scaled.jpg\",\"keywords\":[\"Nossas Hist\u00f3rias\"],\"articleSection\":[\"Nossas Hist\u00f3rias\"],\"inLanguage\":\"pt-BR\",\"potentialAction\":[{\"@type\":\"CommentAction\",\"name\":\"Comment\",\"target\":[\"https:\\\/\\\/treinvestimentos.com.br\\\/antigo\\\/nossas-historias\\\/capitulo-14-lapis-de-cor-recanto-de-conhecimento-e-acolhimento\\\/#respond\"]}]},{\"@type\":\"WebPage\",\"@id\":\"https:\\\/\\\/treinvestimentos.com.br\\\/antigo\\\/nossas-historias\\\/capitulo-14-lapis-de-cor-recanto-de-conhecimento-e-acolhimento\\\/\",\"url\":\"https:\\\/\\\/treinvestimentos.com.br\\\/antigo\\\/nossas-historias\\\/capitulo-14-lapis-de-cor-recanto-de-conhecimento-e-acolhimento\\\/\",\"name\":\"Cap\u00edtulo 14: L\u00e1pis de Cor - Recanto de conhecimento e acolhimento - Tr\u00ea Investindo com Causa\",\"isPartOf\":{\"@id\":\"https:\\\/\\\/treinvestimentos.com.br\\\/antigo\\\/#website\"},\"primaryImageOfPage\":{\"@id\":\"https:\\\/\\\/treinvestimentos.com.br\\\/antigo\\\/nossas-historias\\\/capitulo-14-lapis-de-cor-recanto-de-conhecimento-e-acolhimento\\\/#primaryimage\"},\"image\":{\"@id\":\"https:\\\/\\\/treinvestimentos.com.br\\\/antigo\\\/nossas-historias\\\/capitulo-14-lapis-de-cor-recanto-de-conhecimento-e-acolhimento\\\/#primaryimage\"},\"thumbnailUrl\":\"https:\\\/\\\/treinvestimentos.com.br\\\/antigo\\\/wp-content\\\/uploads\\\/2025\\\/09\\\/pexels-cdc-library-3992949-scaled.jpg\",\"datePublished\":\"2025-09-22T12:27:44+00:00\",\"dateModified\":\"2025-09-23T11:23:44+00:00\",\"breadcrumb\":{\"@id\":\"https:\\\/\\\/treinvestimentos.com.br\\\/antigo\\\/nossas-historias\\\/capitulo-14-lapis-de-cor-recanto-de-conhecimento-e-acolhimento\\\/#breadcrumb\"},\"inLanguage\":\"pt-BR\",\"potentialAction\":[{\"@type\":\"ReadAction\",\"target\":[\"https:\\\/\\\/treinvestimentos.com.br\\\/antigo\\\/nossas-historias\\\/capitulo-14-lapis-de-cor-recanto-de-conhecimento-e-acolhimento\\\/\"]}]},{\"@type\":\"ImageObject\",\"inLanguage\":\"pt-BR\",\"@id\":\"https:\\\/\\\/treinvestimentos.com.br\\\/antigo\\\/nossas-historias\\\/capitulo-14-lapis-de-cor-recanto-de-conhecimento-e-acolhimento\\\/#primaryimage\",\"url\":\"https:\\\/\\\/treinvestimentos.com.br\\\/antigo\\\/wp-content\\\/uploads\\\/2025\\\/09\\\/pexels-cdc-library-3992949-scaled.jpg\",\"contentUrl\":\"https:\\\/\\\/treinvestimentos.com.br\\\/antigo\\\/wp-content\\\/uploads\\\/2025\\\/09\\\/pexels-cdc-library-3992949-scaled.jpg\",\"width\":2560,\"height\":1703},{\"@type\":\"BreadcrumbList\",\"@id\":\"https:\\\/\\\/treinvestimentos.com.br\\\/antigo\\\/nossas-historias\\\/capitulo-14-lapis-de-cor-recanto-de-conhecimento-e-acolhimento\\\/#breadcrumb\",\"itemListElement\":[{\"@type\":\"ListItem\",\"position\":1,\"name\":\"In\u00edcio\",\"item\":\"https:\\\/\\\/treinvestimentos.com.br\\\/antigo\\\/\"},{\"@type\":\"ListItem\",\"position\":2,\"name\":\"Cap\u00edtulo 14: L\u00e1pis de Cor &#8211; Recanto de conhecimento e acolhimento\"}]},{\"@type\":\"WebSite\",\"@id\":\"https:\\\/\\\/treinvestimentos.com.br\\\/antigo\\\/#website\",\"url\":\"https:\\\/\\\/treinvestimentos.com.br\\\/antigo\\\/\",\"name\":\"Tr\u00ea Investindo com Causa\",\"description\":\"Queremos popularizar o investimento em causas, promovendo uma amplia\u00e7\u00e3o da consci\u00eancia no uso do dinheiro e na co-constru\u00e7\u00e3o de uma nova economia.\",\"publisher\":{\"@id\":\"https:\\\/\\\/treinvestimentos.com.br\\\/antigo\\\/#organization\"},\"potentialAction\":[{\"@type\":\"SearchAction\",\"target\":{\"@type\":\"EntryPoint\",\"urlTemplate\":\"https:\\\/\\\/treinvestimentos.com.br\\\/antigo\\\/?s={search_term_string}\"},\"query-input\":{\"@type\":\"PropertyValueSpecification\",\"valueRequired\":true,\"valueName\":\"search_term_string\"}}],\"inLanguage\":\"pt-BR\"},{\"@type\":\"Organization\",\"@id\":\"https:\\\/\\\/treinvestimentos.com.br\\\/antigo\\\/#organization\",\"name\":\"Tr\u00ea Investindo com Causa\",\"url\":\"https:\\\/\\\/treinvestimentos.com.br\\\/antigo\\\/\",\"logo\":{\"@type\":\"ImageObject\",\"inLanguage\":\"pt-BR\",\"@id\":\"https:\\\/\\\/treinvestimentos.com.br\\\/antigo\\\/#\\\/schema\\\/logo\\\/image\\\/\",\"url\":\"https:\\\/\\\/treinvestimentos.com.br\\\/wp-content\\\/uploads\\\/2021\\\/08\\\/Logo-completo-Tre-azul.png\",\"contentUrl\":\"https:\\\/\\\/treinvestimentos.com.br\\\/wp-content\\\/uploads\\\/2021\\\/08\\\/Logo-completo-Tre-azul.png\",\"width\":1175,\"height\":311,\"caption\":\"Tr\u00ea Investindo com Causa\"},\"image\":{\"@id\":\"https:\\\/\\\/treinvestimentos.com.br\\\/antigo\\\/#\\\/schema\\\/logo\\\/image\\\/\"},\"sameAs\":[\"https:\\\/\\\/www.linkedin.com\\\/company\\\/treinvestindocomcausa\\\/?originalSubdomain=br\"]},{\"@type\":\"Person\",\"@id\":\"https:\\\/\\\/treinvestimentos.com.br\\\/antigo\\\/#\\\/schema\\\/person\\\/b0a4e82ce3ce39a58a59f15134916cb6\",\"name\":\"Milena Moraes\",\"image\":{\"@type\":\"ImageObject\",\"inLanguage\":\"pt-BR\",\"@id\":\"https:\\\/\\\/secure.gravatar.com\\\/avatar\\\/008a27b68dac139c6cbd0aa2724595e49bf0b65e965ae081528e0d76fe6d0d0b?s=96&d=mm&r=g\",\"url\":\"https:\\\/\\\/secure.gravatar.com\\\/avatar\\\/008a27b68dac139c6cbd0aa2724595e49bf0b65e965ae081528e0d76fe6d0d0b?s=96&d=mm&r=g\",\"contentUrl\":\"https:\\\/\\\/secure.gravatar.com\\\/avatar\\\/008a27b68dac139c6cbd0aa2724595e49bf0b65e965ae081528e0d76fe6d0d0b?s=96&d=mm&r=g\",\"caption\":\"Milena Moraes\"}}]}<\/script>\n<!-- \/ Yoast SEO plugin. -->","yoast_head_json":{"title":"Cap\u00edtulo 14: L\u00e1pis de Cor - Recanto de conhecimento e acolhimento - Tr\u00ea Investindo com Causa","robots":{"index":"noindex","follow":"follow"},"og_locale":"pt_BR","og_type":"article","og_title":"Cap\u00edtulo 14: L\u00e1pis de Cor - Recanto de conhecimento e acolhimento - Tr\u00ea Investindo com Causa","og_description":"Por Beatriz Gir\u00e3o | Tr\u00ea Investindo com Causa Um sonho de menina que encontrou ra\u00edzes e floresceu no cora\u00e7\u00e3o da Rocinha, na Zona Sul do Rio de Janeiro. Assim come\u00e7a...","og_url":"https:\/\/treinvestimentos.com.br\/antigo\/nossas-historias\/capitulo-14-lapis-de-cor-recanto-de-conhecimento-e-acolhimento\/","og_site_name":"Tr\u00ea Investindo com Causa","article_published_time":"2025-09-22T12:27:44+00:00","article_modified_time":"2025-09-23T11:23:44+00:00","og_image":[{"width":2560,"height":1703,"url":"https:\/\/treinvestimentos.com.br\/antigo\/wp-content\/uploads\/2025\/09\/pexels-cdc-library-3992949-scaled.jpg","type":"image\/jpeg"}],"author":"Milena Moraes","twitter_card":"summary_large_image","twitter_misc":{"Escrito por":"Milena Moraes","Est. tempo de leitura":"9 minutos"},"schema":{"@context":"https:\/\/schema.org","@graph":[{"@type":"Article","@id":"https:\/\/treinvestimentos.com.br\/antigo\/nossas-historias\/capitulo-14-lapis-de-cor-recanto-de-conhecimento-e-acolhimento\/#article","isPartOf":{"@id":"https:\/\/treinvestimentos.com.br\/antigo\/nossas-historias\/capitulo-14-lapis-de-cor-recanto-de-conhecimento-e-acolhimento\/"},"author":{"name":"Milena Moraes","@id":"https:\/\/treinvestimentos.com.br\/antigo\/#\/schema\/person\/b0a4e82ce3ce39a58a59f15134916cb6"},"headline":"Cap\u00edtulo 14: L\u00e1pis de Cor &#8211; Recanto de conhecimento e acolhimento","datePublished":"2025-09-22T12:27:44+00:00","dateModified":"2025-09-23T11:23:44+00:00","mainEntityOfPage":{"@id":"https:\/\/treinvestimentos.com.br\/antigo\/nossas-historias\/capitulo-14-lapis-de-cor-recanto-de-conhecimento-e-acolhimento\/"},"wordCount":1855,"commentCount":0,"publisher":{"@id":"https:\/\/treinvestimentos.com.br\/antigo\/#organization"},"image":{"@id":"https:\/\/treinvestimentos.com.br\/antigo\/nossas-historias\/capitulo-14-lapis-de-cor-recanto-de-conhecimento-e-acolhimento\/#primaryimage"},"thumbnailUrl":"https:\/\/treinvestimentos.com.br\/antigo\/wp-content\/uploads\/2025\/09\/pexels-cdc-library-3992949-scaled.jpg","keywords":["Nossas Hist\u00f3rias"],"articleSection":["Nossas Hist\u00f3rias"],"inLanguage":"pt-BR","potentialAction":[{"@type":"CommentAction","name":"Comment","target":["https:\/\/treinvestimentos.com.br\/antigo\/nossas-historias\/capitulo-14-lapis-de-cor-recanto-de-conhecimento-e-acolhimento\/#respond"]}]},{"@type":"WebPage","@id":"https:\/\/treinvestimentos.com.br\/antigo\/nossas-historias\/capitulo-14-lapis-de-cor-recanto-de-conhecimento-e-acolhimento\/","url":"https:\/\/treinvestimentos.com.br\/antigo\/nossas-historias\/capitulo-14-lapis-de-cor-recanto-de-conhecimento-e-acolhimento\/","name":"Cap\u00edtulo 14: L\u00e1pis de Cor - Recanto de conhecimento e acolhimento - Tr\u00ea Investindo com Causa","isPartOf":{"@id":"https:\/\/treinvestimentos.com.br\/antigo\/#website"},"primaryImageOfPage":{"@id":"https:\/\/treinvestimentos.com.br\/antigo\/nossas-historias\/capitulo-14-lapis-de-cor-recanto-de-conhecimento-e-acolhimento\/#primaryimage"},"image":{"@id":"https:\/\/treinvestimentos.com.br\/antigo\/nossas-historias\/capitulo-14-lapis-de-cor-recanto-de-conhecimento-e-acolhimento\/#primaryimage"},"thumbnailUrl":"https:\/\/treinvestimentos.com.br\/antigo\/wp-content\/uploads\/2025\/09\/pexels-cdc-library-3992949-scaled.jpg","datePublished":"2025-09-22T12:27:44+00:00","dateModified":"2025-09-23T11:23:44+00:00","breadcrumb":{"@id":"https:\/\/treinvestimentos.com.br\/antigo\/nossas-historias\/capitulo-14-lapis-de-cor-recanto-de-conhecimento-e-acolhimento\/#breadcrumb"},"inLanguage":"pt-BR","potentialAction":[{"@type":"ReadAction","target":["https:\/\/treinvestimentos.com.br\/antigo\/nossas-historias\/capitulo-14-lapis-de-cor-recanto-de-conhecimento-e-acolhimento\/"]}]},{"@type":"ImageObject","inLanguage":"pt-BR","@id":"https:\/\/treinvestimentos.com.br\/antigo\/nossas-historias\/capitulo-14-lapis-de-cor-recanto-de-conhecimento-e-acolhimento\/#primaryimage","url":"https:\/\/treinvestimentos.com.br\/antigo\/wp-content\/uploads\/2025\/09\/pexels-cdc-library-3992949-scaled.jpg","contentUrl":"https:\/\/treinvestimentos.com.br\/antigo\/wp-content\/uploads\/2025\/09\/pexels-cdc-library-3992949-scaled.jpg","width":2560,"height":1703},{"@type":"BreadcrumbList","@id":"https:\/\/treinvestimentos.com.br\/antigo\/nossas-historias\/capitulo-14-lapis-de-cor-recanto-de-conhecimento-e-acolhimento\/#breadcrumb","itemListElement":[{"@type":"ListItem","position":1,"name":"In\u00edcio","item":"https:\/\/treinvestimentos.com.br\/antigo\/"},{"@type":"ListItem","position":2,"name":"Cap\u00edtulo 14: L\u00e1pis de Cor &#8211; Recanto de conhecimento e acolhimento"}]},{"@type":"WebSite","@id":"https:\/\/treinvestimentos.com.br\/antigo\/#website","url":"https:\/\/treinvestimentos.com.br\/antigo\/","name":"Tr\u00ea Investindo com Causa","description":"Queremos popularizar o investimento em causas, promovendo uma amplia\u00e7\u00e3o da consci\u00eancia no uso do dinheiro e na co-constru\u00e7\u00e3o de uma nova economia.","publisher":{"@id":"https:\/\/treinvestimentos.com.br\/antigo\/#organization"},"potentialAction":[{"@type":"SearchAction","target":{"@type":"EntryPoint","urlTemplate":"https:\/\/treinvestimentos.com.br\/antigo\/?s={search_term_string}"},"query-input":{"@type":"PropertyValueSpecification","valueRequired":true,"valueName":"search_term_string"}}],"inLanguage":"pt-BR"},{"@type":"Organization","@id":"https:\/\/treinvestimentos.com.br\/antigo\/#organization","name":"Tr\u00ea Investindo com Causa","url":"https:\/\/treinvestimentos.com.br\/antigo\/","logo":{"@type":"ImageObject","inLanguage":"pt-BR","@id":"https:\/\/treinvestimentos.com.br\/antigo\/#\/schema\/logo\/image\/","url":"https:\/\/treinvestimentos.com.br\/wp-content\/uploads\/2021\/08\/Logo-completo-Tre-azul.png","contentUrl":"https:\/\/treinvestimentos.com.br\/wp-content\/uploads\/2021\/08\/Logo-completo-Tre-azul.png","width":1175,"height":311,"caption":"Tr\u00ea Investindo com Causa"},"image":{"@id":"https:\/\/treinvestimentos.com.br\/antigo\/#\/schema\/logo\/image\/"},"sameAs":["https:\/\/www.linkedin.com\/company\/treinvestindocomcausa\/?originalSubdomain=br"]},{"@type":"Person","@id":"https:\/\/treinvestimentos.com.br\/antigo\/#\/schema\/person\/b0a4e82ce3ce39a58a59f15134916cb6","name":"Milena Moraes","image":{"@type":"ImageObject","inLanguage":"pt-BR","@id":"https:\/\/secure.gravatar.com\/avatar\/008a27b68dac139c6cbd0aa2724595e49bf0b65e965ae081528e0d76fe6d0d0b?s=96&d=mm&r=g","url":"https:\/\/secure.gravatar.com\/avatar\/008a27b68dac139c6cbd0aa2724595e49bf0b65e965ae081528e0d76fe6d0d0b?s=96&d=mm&r=g","contentUrl":"https:\/\/secure.gravatar.com\/avatar\/008a27b68dac139c6cbd0aa2724595e49bf0b65e965ae081528e0d76fe6d0d0b?s=96&d=mm&r=g","caption":"Milena Moraes"}}]}},"_links":{"self":[{"href":"https:\/\/treinvestimentos.com.br\/antigo\/wp-json\/wp\/v2\/posts\/7106","targetHints":{"allow":["GET"]}}],"collection":[{"href":"https:\/\/treinvestimentos.com.br\/antigo\/wp-json\/wp\/v2\/posts"}],"about":[{"href":"https:\/\/treinvestimentos.com.br\/antigo\/wp-json\/wp\/v2\/types\/post"}],"author":[{"embeddable":true,"href":"https:\/\/treinvestimentos.com.br\/antigo\/wp-json\/wp\/v2\/users\/152"}],"replies":[{"embeddable":true,"href":"https:\/\/treinvestimentos.com.br\/antigo\/wp-json\/wp\/v2\/comments?post=7106"}],"version-history":[{"count":10,"href":"https:\/\/treinvestimentos.com.br\/antigo\/wp-json\/wp\/v2\/posts\/7106\/revisions"}],"predecessor-version":[{"id":7128,"href":"https:\/\/treinvestimentos.com.br\/antigo\/wp-json\/wp\/v2\/posts\/7106\/revisions\/7128"}],"wp:featuredmedia":[{"embeddable":true,"href":"https:\/\/treinvestimentos.com.br\/antigo\/wp-json\/wp\/v2\/media\/7117"}],"wp:attachment":[{"href":"https:\/\/treinvestimentos.com.br\/antigo\/wp-json\/wp\/v2\/media?parent=7106"}],"wp:term":[{"taxonomy":"category","embeddable":true,"href":"https:\/\/treinvestimentos.com.br\/antigo\/wp-json\/wp\/v2\/categories?post=7106"},{"taxonomy":"post_tag","embeddable":true,"href":"https:\/\/treinvestimentos.com.br\/antigo\/wp-json\/wp\/v2\/tags?post=7106"}],"curies":[{"name":"wp","href":"https:\/\/api.w.org\/{rel}","templated":true}]}}