{"id":7060,"date":"2025-06-11T14:59:36","date_gmt":"2025-06-11T17:59:36","guid":{"rendered":"https:\/\/treinvestimentos.com.br\/?p=7060"},"modified":"2025-06-11T15:55:23","modified_gmt":"2025-06-11T18:55:23","slug":"capitulo-13-cafe-epico-onde-o-sabor-encontra-o-proposito","status":"publish","type":"post","link":"https:\/\/treinvestimentos.com.br\/antigo\/nossas-historias\/capitulo-13-cafe-epico-onde-o-sabor-encontra-o-proposito\/","title":{"rendered":"Cap\u00edtulo 13: Caf\u00e9 \u00c9pico &#8211; Onde o sabor encontra o prop\u00f3sito"},"content":{"rendered":"\n<p><em>Por Beatriz Gir\u00e3o | Tr\u00ea Investindo com Causa <\/em><\/p>\n\n\n\n<p>Entre buzinas e cal\u00e7adas quentes do Rio de Janeiro, um aroma persistente e acolhedor anuncia que ali nasceu algo especial. <strong>N\u00e3o \u00e9 apenas caf\u00e9: \u00e9 uma hist\u00f3ria de amor, cultura e transforma\u00e7\u00e3o.&nbsp;<\/strong><\/p>\n\n\n\n<p>O Caf\u00e9 \u00c9pico surgiu do encontro improv\u00e1vel entre uma assist\u00eancia t\u00e9cnica de m\u00e1quinas e um sonho maior: <strong>oferecer mais do que uma bebida, entregar experi\u00eancias que conectam pessoas, valorizam quem planta e inspiram quem consome<\/strong>.&nbsp;<\/p>\n\n\n\n<p>Uma jornada que completa <strong>uma<\/strong> <strong>d\u00e9cada de impacto<\/strong> e hoje conta com cinco unidades espalhadas pelo Rio de Janeiro nos bairros da G\u00e1vea, Maracan\u00e3, Leblon, Ipanema e Centro.<\/p>\n\n\n\n<figure class=\"wp-block-image size-full\"><img loading=\"lazy\" decoding=\"async\" width=\"1000\" height=\"500\" src=\"https:\/\/treinvestimentos.com.br\/wp-content\/uploads\/2025\/06\/Prancheta-1.jpg\" alt=\"\" class=\"wp-image-7061\" srcset=\"https:\/\/treinvestimentos.com.br\/antigo\/wp-content\/uploads\/2025\/06\/Prancheta-1.jpg 1000w, https:\/\/treinvestimentos.com.br\/antigo\/wp-content\/uploads\/2025\/06\/Prancheta-1-350x175.jpg 350w, https:\/\/treinvestimentos.com.br\/antigo\/wp-content\/uploads\/2025\/06\/Prancheta-1-768x384.jpg 768w, https:\/\/treinvestimentos.com.br\/antigo\/wp-content\/uploads\/2025\/06\/Prancheta-1-670x335.jpg 670w, https:\/\/treinvestimentos.com.br\/antigo\/wp-content\/uploads\/2025\/06\/Prancheta-1-600x300.jpg 600w\" sizes=\"auto, (max-width: 1000px) 100vw, 1000px\" \/><\/figure>\n\n\n\n<p>\u00c0 frente dessa jornada est\u00e3o Alexandre e N\u00edvia, <strong>um casal que viu no caf\u00e9 uma ferramenta de mudan\u00e7a <\/strong>e decidiu us\u00e1-la para construir, gr\u00e3o a gr\u00e3o, um neg\u00f3cio que mistura afeto, justi\u00e7a social e impacto positivo.<\/p>\n\n\n\n<h3 class=\"wp-block-heading\"><strong>Paix\u00f5es que viram neg\u00f3cios sustent\u00e1veis:<\/strong><\/h3>\n\n\n\n<p>Para Alexandre e Nivia, <strong>cultura e caf\u00e9 s\u00e3o uma combina\u00e7\u00e3o intr\u00ednseca<\/strong>. Ao cursarem Produ\u00e7\u00e3o Cultural no Instituto Federal do Rio de Janeiro, se aproximaram por compartilharem das mesmas paix\u00f5es, o que logo floresceu em um amor e parceria de vida do casal.&nbsp;<\/p>\n\n\n\n<p>Fundadores da Ar\u00e1bica Servi\u00e7os, empresa de assist\u00eancia t\u00e9cnica para m\u00e1quinas de caf\u00e9, Alexandre e N\u00edvia entenderam o grande potencial do mercado de caf\u00e9. Pelo contato pr\u00f3ximo e confian\u00e7a dos clientes, perceberam que muitos consumidores investiam em m\u00e1quinas de alta qualidade, mas usavam gr\u00e3os de baixo padr\u00e3o, prejudicando o funcionamento dos produtos, causando manuten\u00e7\u00f5es frequentes. A paix\u00e3o por caf\u00e9 de qualidade e bom atendimento ao p\u00fablico do casal os incentivava a come\u00e7ar o pr\u00f3prio neg\u00f3cio no ramo. Uma cafeteria disruptiva, que fornecia uma experi\u00eancia cultural junto a sabores \u00fanicos de caf\u00e9.&nbsp;<\/p>\n\n\n\n<figure class=\"wp-block-image size-full\"><img loading=\"lazy\" decoding=\"async\" width=\"1000\" height=\"500\" src=\"https:\/\/treinvestimentos.com.br\/wp-content\/uploads\/2025\/06\/Prancheta-10.jpg\" alt=\"\" class=\"wp-image-7063\" srcset=\"https:\/\/treinvestimentos.com.br\/antigo\/wp-content\/uploads\/2025\/06\/Prancheta-10.jpg 1000w, https:\/\/treinvestimentos.com.br\/antigo\/wp-content\/uploads\/2025\/06\/Prancheta-10-350x175.jpg 350w, https:\/\/treinvestimentos.com.br\/antigo\/wp-content\/uploads\/2025\/06\/Prancheta-10-768x384.jpg 768w, https:\/\/treinvestimentos.com.br\/antigo\/wp-content\/uploads\/2025\/06\/Prancheta-10-670x335.jpg 670w, https:\/\/treinvestimentos.com.br\/antigo\/wp-content\/uploads\/2025\/06\/Prancheta-10-600x300.jpg 600w\" sizes=\"auto, (max-width: 1000px) 100vw, 1000px\" \/><\/figure>\n\n\n\n<p><em>\u201c<strong>O Alexandre sempre teve uma veia acad\u00eamica muito forte \u2014 sempre pesquisando, lendo, buscando entender mais sobre o universo do caf\u00e9.<\/strong> Antes de fundar a Ar\u00e1bica, ele trabalhava com uma marca italiana conhecida, prestando assist\u00eancia t\u00e9cnica para as m\u00e1quinas de caf\u00e9 aqui no Brasil. Quando decidiu sair, abriu sua pr\u00f3pria empresa, focada em assist\u00eancia t\u00e9cnica e mergulhada no mundo do caf\u00e9. J\u00e1 por volta de 2012, ele percebeu, <strong>atrav\u00e9s de estudos e observa\u00e7\u00e3o de mercado, que o consumo de caf\u00e9s de melhor qualidade estava crescendo mais r\u00e1pido do que o de caf\u00e9s tradicionais ou extra fortes. Foi a\u00ed que ele viu o potencial real de trabalhar com caf\u00e9s especiais<\/strong>\u201d<\/em>, conta N\u00edvia.<\/p>\n\n\n\n<p>O Caf\u00e9 \u00c9pico come\u00e7ou com uma revenda de caf\u00e9, mas atritos com os fornecedores sobre a qualidade dos gr\u00e3os os levaram a internalizar a opera\u00e7\u00e3o de sele\u00e7\u00e3o e torra do caf\u00e9. Assim, em 2014, Alexandre e Nivia realizaram sua primeira torra de caf\u00e9 especial, tornando-se a primeira torrefa\u00e7\u00e3o especializada no Rio de Janeiro. A qualidade dos gr\u00e3os, m\u00e1quinas especializadas e o bom atendimento com os clientes fez com que o neg\u00f3cio ganhasse destaque e crescesse se tornando uma refer\u00eancia no ramo da capital carioca, que completa uma d\u00e9cada de exist\u00eancia em 2025.<\/p>\n\n\n\n<h3 class=\"wp-block-heading\"><strong>Valores que pautam a qualidade<\/strong><\/h3>\n\n\n\n<p>Com a expans\u00e3o do neg\u00f3cio, duas unidades do Caf\u00e9 \u00c9pico estavam consolidadas no Rio de Janeiro, Alexandre e Nivia sempre se preocuparam em refletir os valores do neg\u00f3cio em cada sede. Pautado na empregabilidade justa e rela\u00e7\u00e3o digna com funcion\u00e1rios e produtores parceiros, a aten\u00e7\u00e3o do neg\u00f3cio vai al\u00e9m do produto, preserva uma rela\u00e7\u00e3o e conex\u00e3o humana com todos que passam pelas cafeterias &#8211; tais valores s\u00e3o reconhecidos e admirados por clientes e colaboradores do Caf\u00e9 \u00c9pico.&nbsp;<\/p>\n\n\n\n<figure class=\"wp-block-image size-full\"><img loading=\"lazy\" decoding=\"async\" width=\"1000\" height=\"500\" src=\"https:\/\/treinvestimentos.com.br\/wp-content\/uploads\/2025\/06\/Prancheta-15.png\" alt=\"\" class=\"wp-image-7066\" srcset=\"https:\/\/treinvestimentos.com.br\/antigo\/wp-content\/uploads\/2025\/06\/Prancheta-15.png 1000w, https:\/\/treinvestimentos.com.br\/antigo\/wp-content\/uploads\/2025\/06\/Prancheta-15-350x175.png 350w, https:\/\/treinvestimentos.com.br\/antigo\/wp-content\/uploads\/2025\/06\/Prancheta-15-768x384.png 768w, https:\/\/treinvestimentos.com.br\/antigo\/wp-content\/uploads\/2025\/06\/Prancheta-15-670x335.png 670w, https:\/\/treinvestimentos.com.br\/antigo\/wp-content\/uploads\/2025\/06\/Prancheta-15-600x300.png 600w\" sizes=\"auto, (max-width: 1000px) 100vw, 1000px\" \/><\/figure>\n\n\n\n<p><em>\u200b\u200b\u201cO Caf\u00e9 \u00c9pico nasceu com a vis\u00e3o de ser uma empresa que oferece todas as solu\u00e7\u00f5es para quem precisa de caf\u00e9 \u2014 pensamos caf\u00e9 em todas as etapas. Mas, al\u00e9m disso, <strong>buscamos ser reconhecidos como uma empresa justa, tanto pelos clientes quanto pelos nossos colaboradores<\/strong>. Na cadeia do caf\u00e9, \u00e9 comum o produtor, que passa o ano inteiro na lavoura, ser prejudicado na hora da colheita, quando compradores pressionam para baixar o pre\u00e7o. N\u00f3s fazemos diferente: <strong>mantemos rela\u00e7\u00f5es consistentes com produtores, comprando de forma regular e pagando valores acima da m\u00e9dia do mercado.<\/strong> Isso garante previsibilidade para o produtor e incentiva o cuidado com a qualidade do caf\u00e9. <strong>Mesmo estando longe fisicamente, nossa rela\u00e7\u00e3o \u00e9 pessoal \u2014 queremos que ele saiba que pode contar com o Caf\u00e9 \u00c9pico todos os anos<\/strong>&#8220;, <\/em>conta Alexandre e Nivia.<\/p>\n\n\n\n<p>A jornada do Caf\u00e9 \u00c9pico n\u00e3o foi isenta de desafios. No in\u00edcio de 2020, uma nova unidade no bairro da G\u00e1vea dentro do Museu Hist\u00f3rico do Rio de Janeiro havia sido inaugurada. Um local estrat\u00e9gico e que materializava a uni\u00e3o da paix\u00e3o que uniu o casal: caf\u00e9 e cultura. Mesmo com o sucesso da inaugura\u00e7\u00e3o, dois dias ap\u00f3s a abertura da cafeteria, as restri\u00e7\u00f5es causadas pela pandemia da Covid-19 fizeram com que as portas rec\u00e9m abertas fossem temporariamente fechadas.&nbsp;<\/p>\n\n\n\n<figure class=\"wp-block-image size-full\"><img loading=\"lazy\" decoding=\"async\" width=\"1000\" height=\"500\" src=\"https:\/\/treinvestimentos.com.br\/wp-content\/uploads\/2025\/06\/Prancheta-8.jpg\" alt=\"\" class=\"wp-image-7062\" srcset=\"https:\/\/treinvestimentos.com.br\/antigo\/wp-content\/uploads\/2025\/06\/Prancheta-8.jpg 1000w, https:\/\/treinvestimentos.com.br\/antigo\/wp-content\/uploads\/2025\/06\/Prancheta-8-350x175.jpg 350w, https:\/\/treinvestimentos.com.br\/antigo\/wp-content\/uploads\/2025\/06\/Prancheta-8-768x384.jpg 768w, https:\/\/treinvestimentos.com.br\/antigo\/wp-content\/uploads\/2025\/06\/Prancheta-8-670x335.jpg 670w, https:\/\/treinvestimentos.com.br\/antigo\/wp-content\/uploads\/2025\/06\/Prancheta-8-600x300.jpg 600w\" sizes=\"auto, (max-width: 1000px) 100vw, 1000px\" \/><\/figure>\n\n\n\n<h3 class=\"wp-block-heading\"><strong>CoVida20: Tr\u00ea &amp; Caf\u00e9 \u00c9pico&nbsp;<\/strong><\/h3>\n\n\n\n<p>Em meio a crise global do v\u00edrus da Covid, a adaptabilidade e a resili\u00eancia foram cruciais para manter o Caf\u00e9 \u00c9pico funcionando. O apoio do Programa <a href=\"https:\/\/covida20.com.br\/\">CoVida20<\/a>, desenvolvido em parceria entre a <a href=\"https:\/\/treinvestimentos.com.br\/\">Tr\u00ea<\/a>, <a href=\"https:\/\/sistemabbrasil.org\/\">Sistema B<\/a>, <a href=\"https:\/\/ccbrasil.cc\/\">Capitalismo Consciente<\/a> e <a href=\"https:\/\/din4mo.com\/\">Din4mo<\/a>, forneceu apoio financeiro para que o neg\u00f3cio seguisse ativo.&nbsp;<\/p>\n\n\n\n<p><strong>O <\/strong><a href=\"https:\/\/covida20.com.br\/\"><strong>CoVida20<\/strong><\/a><strong> foi um Programa de financiamento para neg\u00f3cios de impacto comprometidos com a manuten\u00e7\u00e3o de emprego e renda durante a pandemia.<\/strong> O Programa reuniu diferentes perfis de investidores e doadores para oferecer aos neg\u00f3cios empr\u00e9stimos em condi\u00e7\u00f5es acess\u00edveis e coerentes com o momento atual, <strong>visando manter neg\u00f3cios vivos durante a crise global.<\/strong><\/p>\n\n\n\n<p>O financiamento coletivo e o apoio estrat\u00e9gico da Tr\u00ea foram essenciais para superar os desafios financeiros e de mercado. <strong>Com os recursos financeiros do Programa o Caf\u00e9 \u00c9pico intensificou sua presen\u00e7a online e no e-commerce, o que foi fundamental para continuar atendendo os clientes e mantendo os funcion\u00e1rios.&nbsp;<\/strong><\/p>\n\n\n\n<p><em>\u201cDurante a pandemia, <strong>conseguimos atravessar todo o per\u00edodo sem demitir ningu\u00e9m. Isso s\u00f3 foi poss\u00edvel gra\u00e7as ao apoio da comunidade <\/strong>\u2014 das pessoas que continuaram comprando online, dos nossos clientes e parceiros. Foi um momento dif\u00edcil,<strong> mas esse suporte fez toda a diferen\u00e7a para que a gente pudesse manter nossa equipe unida e seguir em frente<\/strong>, mesmo diante dos desafios causados pela Covid-19&#8243;<\/em>, relata o casal.<\/p>\n\n\n\n<p>Ao participar do CoVida20 os ganhos do Caf\u00e9 \u00c9pico foram al\u00e9m do financeiro, mas a equipe entrou em contato com outros neg\u00f3cios do ecossistema de impacto socioambiental positivo se tornando pertencente \u00e0 comunidade &#8211; uma conex\u00e3o valiosa que apoia, acolhe e celebra junto.<\/p>\n\n\n\n<p><em>\u201cAl\u00e9m do apoio financeiro, que foi essencial para manter a empresa funcionando e preservar os empregos, <strong>o principal impacto foi perceber que n\u00e3o estamos sozinhos \u2014 que existem outras pessoas e empresas realmente comprometidas em fazer um trabalho mais justo e respons\u00e1vel.<\/strong> A gente n\u00e3o sabia onde essas pessoas estavam, mas, a partir da\u00ed, come\u00e7amos a fazer parte de uma rede que atua de forma menos predat\u00f3ria. <strong>Isso ampliou nossa vis\u00e3o e nos conectou com iniciativas inspiradoras<\/strong>. Foi incr\u00edvel perceber que h\u00e1 tanta gente construindo alternativas mais sustent\u00e1veis. Para n\u00f3s isso teve e segue tendo um impacto enorme&#8221;<\/em>, relatam Alexandre e Nivia.<\/p>\n\n\n\n<h3 class=\"wp-block-heading\"><strong>O futuro \u00e9 \u00c9pico<\/strong><\/h3>\n\n\n\n<p>O impacto e atua\u00e7\u00e3o do Caf\u00e9 \u00c9pico na comunidade \u00e9 not\u00e1vel. Como parte de seus princ\u00edpios, o neg\u00f3cio promove a <strong>mobilidade social, oferecendo oportunidades de qualifica\u00e7\u00e3o e crescimento profissional <\/strong>para seus funcion\u00e1rios, fazendo com que a <strong>qualidade dos produtos e a justi\u00e7a nas rela\u00e7\u00f5es com funcion\u00e1rios e produtores sejam valores fundamentais<\/strong>.<\/p>\n\n\n\n<p><em>&#8220;A m\u00e9dia salarial da nossa empresa \u00e9 superior \u00e0 m\u00e9dia da regi\u00e3o, e <strong>mantemos rela\u00e7\u00f5es justas com os produtores,<\/strong> visitando-os regularmente e apoiando-os em momentos de necessidade&#8221;<\/em>, explica o casal.\u00a0<\/p>\n\n\n\n<p>A sustentabilidade de produ\u00e7\u00e3o e sustenta\u00e7\u00e3o do com\u00e9rcio ganham destaque no Caf\u00e9 \u00c9pico. Ao se preocupar com o meio ambiente, o neg\u00f3cio utiliza embalagens recicl\u00e1veis e compost\u00e1veis, al\u00e9m de investir em pr\u00e1ticas sustent\u00e1veis, como a redu\u00e7\u00e3o de res\u00edduos e a promo\u00e7\u00e3o de uma cadeia de suprimentos respons\u00e1vel. Alexandre e Nivia explicam: <strong>&#8220;Buscamos constantemente inovar e melhorar nossas pr\u00e1ticas para minimizar o impacto ambiental&#8221;<\/strong>.<\/p>\n\n\n\n<p>As iniciativas sustent\u00e1veis do Caf\u00e9 \u00c9pico se materializaram quando o neg\u00f3cio recebeu o <a href=\"https:\/\/treinvestimentos.com.br\/parceiros\/\">Selo Tr\u00ea<\/a> de Certifica\u00e7\u00e3o de Impacto. Os certificados s\u00e3o direcionados a neg\u00f3cios que geram impacto positivo a partir de uma avalia\u00e7\u00e3o inspirada em ferramentas mundialmente reconhecidas (Iris+, ODS, IMP), para garantir a qualidade e o n\u00edvel de maturidade do impacto gerado pelo neg\u00f3cio.<\/p>\n\n\n\n<p>Atualmente o Caf\u00e9 \u00c9pico possui o <a href=\"https:\/\/treinvestimentos.com.br\/parceiros\/\">Selo N\u00edvel Nascente<\/a>, que indica que o neg\u00f3cio est\u00e1 come\u00e7ando a gerar o impacto pretendido, mas ainda com desafios para mensur\u00e1-lo. <strong>O impacto \u00e9 uma inten\u00e7\u00e3o, um fluir ainda t\u00edmido, mas sem essa inten\u00e7\u00e3o, nada ocorre.<\/strong><\/p>\n\n\n\n<p>Para o Caf\u00e9 \u00c9pico, o futuro \u00e9 repleto de afeto, carinho, prop\u00f3sito e conex\u00f5es com clientes, colaboradores e quem mais visitar uma das quatro unidades presentes no Rio de Janeiro.<\/p>\n\n\n\n<figure class=\"wp-block-image size-full\"><img loading=\"lazy\" decoding=\"async\" width=\"1000\" height=\"500\" src=\"https:\/\/treinvestimentos.com.br\/wp-content\/uploads\/2025\/06\/Prancheta-14.png\" alt=\"\" class=\"wp-image-7065\" srcset=\"https:\/\/treinvestimentos.com.br\/antigo\/wp-content\/uploads\/2025\/06\/Prancheta-14.png 1000w, https:\/\/treinvestimentos.com.br\/antigo\/wp-content\/uploads\/2025\/06\/Prancheta-14-350x175.png 350w, https:\/\/treinvestimentos.com.br\/antigo\/wp-content\/uploads\/2025\/06\/Prancheta-14-768x384.png 768w, https:\/\/treinvestimentos.com.br\/antigo\/wp-content\/uploads\/2025\/06\/Prancheta-14-670x335.png 670w, https:\/\/treinvestimentos.com.br\/antigo\/wp-content\/uploads\/2025\/06\/Prancheta-14-600x300.png 600w\" sizes=\"auto, (max-width: 1000px) 100vw, 1000px\" \/><\/figure>\n\n\n\n<p><em>\u201cQuando pensamos no futuro do Caf\u00e9 \u00c9pico, <strong>o desejo \u00e9 que a marca seja lembrada com carinho e afeto pelos nossos clientes <\/strong>\u2014 n\u00e3o s\u00f3 pela qualidade do caf\u00e9 em si, mas pelas experi\u00eancias e hist\u00f3rias que constru\u00edmos ao redor dele. <strong>Queremos seguir criando conex\u00f5es verdadeiras, que fa\u00e7am com que cada x\u00edcara tenha um significado especial.<\/strong> A vis\u00e3o \u00e9 de um neg\u00f3cio que vai al\u00e9m do produto: <strong>que deixa uma mem\u00f3ria boa, um sentimento de pertencimento e prop\u00f3sito em quem consome e compartilha esse caf\u00e9<\/strong>\u201d,<\/em> conta Alexandre e Nivia.<\/p>\n\n\n\n<p>A jornada do Caf\u00e9 \u00c9pico \u00e9 permeada por desafios, trocas, conex\u00f5es e muita gratid\u00e3o. Seja pelos colaboradores, clientes, fornecedores, amigos, familiares, doadores e participantes do CoVida20.&nbsp;<\/p>\n\n\n\n<p><em>\u201c<strong>Quer\u00edamos poder sentar e tomar um caf\u00e9 com cada pessoa que se interessou pela nossa jornada <\/strong>\u2014 n\u00e3o s\u00f3 quem investiu, mas quem acreditou, quem se conectou de alguma forma. <strong>Seria especial ter esse momento de troca, de conversa, de entender como essa pessoa est\u00e1, o que a gente pode fazer para apoiar, para reconhecer a ajuda que ela nos deu<\/strong>. Criar esse v\u00ednculo mais pr\u00f3ximo \u00e9 algo que realmente me importa\u201d<\/em>, compartilha e convida o casal.<\/p>\n\n\n\n<h3 class=\"wp-block-heading\"><strong>Mais do que uma bebida, o caf\u00e9 \u00e9 uma companhia&nbsp;<\/strong><\/h3>\n\n\n\n<p>O Caf\u00e9 \u00c9pico busca estar presente em momentos com significado. Que cada pessoa que passe pelas cafeterias lembrem da experi\u00eancia, n\u00e3o apenas pela qualidade do produto, mas pelo <strong>afeto, conex\u00f5es e forma como o neg\u00f3cio se relaciona com cada pessoa ao longo da jornada,<\/strong> <strong>do campo \u00e0 x\u00edcara<\/strong>.&nbsp;<\/p>\n\n\n\n<figure class=\"wp-block-image size-full\"><img loading=\"lazy\" decoding=\"async\" width=\"1000\" height=\"500\" src=\"https:\/\/treinvestimentos.com.br\/wp-content\/uploads\/2025\/06\/Prancheta-11.jpg\" alt=\"\" class=\"wp-image-7064\" srcset=\"https:\/\/treinvestimentos.com.br\/antigo\/wp-content\/uploads\/2025\/06\/Prancheta-11.jpg 1000w, https:\/\/treinvestimentos.com.br\/antigo\/wp-content\/uploads\/2025\/06\/Prancheta-11-350x175.jpg 350w, https:\/\/treinvestimentos.com.br\/antigo\/wp-content\/uploads\/2025\/06\/Prancheta-11-768x384.jpg 768w, https:\/\/treinvestimentos.com.br\/antigo\/wp-content\/uploads\/2025\/06\/Prancheta-11-670x335.jpg 670w, https:\/\/treinvestimentos.com.br\/antigo\/wp-content\/uploads\/2025\/06\/Prancheta-11-600x300.jpg 600w\" sizes=\"auto, (max-width: 1000px) 100vw, 1000px\" \/><\/figure>\n\n\n\n<p>Em um mercado onde muitos oferecem um bom caf\u00e9, o \u00c9pico se destaca por algo maior: <strong>por ser um neg\u00f3cio que entende profundamente esse universo e, acima de tudo, se importa genuinamente com as pessoas que o constroem todos os dias.<\/strong><\/p>\n\n\n\n<h3 class=\"wp-block-heading\"><strong>Aceita um caf\u00e9?<\/strong><\/h3>\n\n\n\n<p>Ficou com vontade de experimentar um caf\u00e9 \u00c9pico? O Rio de Janeiro conta com cinco unidades espalhadas pela capital carioca &#8211; nos bairros da G\u00e1vea, Maracan\u00e3, Leblon, Ipanema e Centro &#8211; escolha uma (ou v\u00e1rias) para uma visita! Para quem est\u00e1 longe do Rio, o neg\u00f3cio tamb\u00e9m conta com uma variedade de produtos em e-commerce para que cada um possa ter uma experi\u00eancia \u00e9pica em qualquer lugar do Brasil.&nbsp;<\/p>\n\n\n\n<p>Acesse as <a href=\"https:\/\/www.instagram.com\/cafeepico.oficial\/\">redes sociais<\/a> do <a href=\"https:\/\/www.cafeepico.com.br\/loja\">Caf\u00e9 \u00c9pico<\/a> e acompanhe a jornada e celebra\u00e7\u00e3o de 10 anos de exist\u00eancia do neg\u00f3cio.<\/p>\n\n\n\n<p>Se voc\u00ea carrega uma causa no cora\u00e7\u00e3o, conhece algum neg\u00f3cio que se encaixa em algum de nossos programas, ou busca desenvolver seu pr\u00f3prio programa que impulsiona neg\u00f3cios com causa, saiba que <strong>a Tr\u00ea est\u00e1 aqui para caminhar ao seu lado! Nosso papel \u00e9 transformar ideias de sonhos em comum atrav\u00e9s de programas, como o Covida20, para apoiar iniciativas como a do Caf\u00e9 \u00c9pico em movimentos reais, com impacto socioambiental e legado duradouro.&nbsp;<\/strong><\/p>\n\n\n\n<p>Vamos conversar? Juntos, podemos construir caminhos para um futuro mais justo, acolhedor e cheio de possibilidades. Entre em contato conosco pelas nossas <a href=\"https:\/\/www.instagram.com\/treinvestindocomcausa\/\">redes sociais<\/a>, <a href=\"mailto:falecom@treinvestimentos.com.br\">email<\/a> ou <a href=\"https:\/\/api.whatsapp.com\/send\/?phone=5511993522808\">WhatsApp!&nbsp;<\/a><\/p>\n\n\n\n<hr class=\"wp-block-separator has-alpha-channel-opacity\"\/>\n\n\n\n<p><em>A <\/em><a href=\"https:\/\/treinvestimentos.com.br\/\"><em>Tr\u00ea Investindo com Causa<\/em><\/a><em> estrutura e coordena programas de financiamento e fortalecimento para neg\u00f3cios com causa em parceria com diversas organiza\u00e7\u00f5es filantr\u00f3picas e privadas. A institui\u00e7\u00e3o j\u00e1 mobilizou mais de R$ 23 milh\u00f5es e j\u00e1 beneficiou mais de 80 neg\u00f3cios de impacto positivo.<\/em><\/p>\n\n\n\n<p><em>Junte-se a n\u00f3s nessa jornada por um futuro mais sustent\u00e1vel! Siga-nos no <\/em><a href=\"https:\/\/www.instagram.com\/treinvestindocomcausa\"><em>Instagram <\/em><\/a><em>e <\/em><a href=\"https:\/\/www.linkedin.com\/company\/treinvestindocomcausa\/posts\/?feedView=all\"><em>LinkedIn<\/em><\/a><em>, e inscreva-se em nossa <\/em><a href=\"https:\/\/treinvestimentos.com.br\/\"><em>newsletter<\/em><\/a><em> para acompanhar nossas iniciativas e oportunidades de impacto.<\/em><\/p>\n\n\n\n<p>Beatriz Gir\u00e3o<\/p>\n\n\n\n<p><em>Time Tr\u00ea de Marketing &amp; Comunica\u00e7\u00e3o<\/em><\/p>\n","protected":false},"excerpt":{"rendered":"<p>Por Beatriz Gir\u00e3o | Tr\u00ea Investindo com Causa Entre buzinas e cal\u00e7adas quentes do Rio de Janeiro, um aroma persistente e acolhedor anuncia que ali nasceu algo especial. N\u00e3o \u00e9&#8230;<\/p>\n","protected":false},"author":152,"featured_media":7079,"comment_status":"open","ping_status":"open","sticky":false,"template":"","format":"standard","meta":{"give_campaign_id":0,"inline_featured_image":false,"footnotes":""},"categories":[45],"tags":[46],"class_list":{"0":"post-7060","1":"post","2":"type-post","3":"status-publish","4":"format-standard","5":"has-post-thumbnail","7":"category-nossas-historias","8":"tag-nossas-historias"},"yoast_head":"<!-- This site is optimized with the Yoast SEO plugin v27.5 - https:\/\/yoast.com\/product\/yoast-seo-wordpress\/ -->\n<title>Cap\u00edtulo 13: Caf\u00e9 \u00c9pico - Onde o sabor encontra o prop\u00f3sito - Tr\u00ea Investindo com Causa<\/title>\n<meta name=\"robots\" content=\"noindex, follow\" \/>\n<meta property=\"og:locale\" content=\"pt_BR\" \/>\n<meta property=\"og:type\" content=\"article\" \/>\n<meta property=\"og:title\" content=\"Cap\u00edtulo 13: Caf\u00e9 \u00c9pico - Onde o sabor encontra o prop\u00f3sito - Tr\u00ea Investindo com Causa\" \/>\n<meta property=\"og:description\" content=\"Por Beatriz Gir\u00e3o | Tr\u00ea Investindo com Causa Entre buzinas e cal\u00e7adas quentes do Rio de Janeiro, um aroma persistente e acolhedor anuncia que ali nasceu algo especial. N\u00e3o \u00e9...\" \/>\n<meta property=\"og:url\" content=\"https:\/\/treinvestimentos.com.br\/antigo\/nossas-historias\/capitulo-13-cafe-epico-onde-o-sabor-encontra-o-proposito\/\" \/>\n<meta property=\"og:site_name\" content=\"Tr\u00ea Investindo com Causa\" \/>\n<meta property=\"article:published_time\" content=\"2025-06-11T17:59:36+00:00\" \/>\n<meta property=\"article:modified_time\" content=\"2025-06-11T18:55:23+00:00\" \/>\n<meta property=\"og:image\" content=\"https:\/\/treinvestimentos.com.br\/antigo\/wp-content\/uploads\/2025\/06\/pexels-igor-haritanovich-814387-1695052-scaled.jpg\" \/>\n\t<meta property=\"og:image:width\" content=\"2560\" \/>\n\t<meta property=\"og:image:height\" content=\"1707\" \/>\n\t<meta property=\"og:image:type\" content=\"image\/jpeg\" \/>\n<meta name=\"author\" content=\"Milena Moraes\" \/>\n<meta name=\"twitter:card\" content=\"summary_large_image\" \/>\n<meta name=\"twitter:label1\" content=\"Escrito por\" \/>\n\t<meta name=\"twitter:data1\" content=\"Milena Moraes\" \/>\n\t<meta name=\"twitter:label2\" content=\"Est. tempo de leitura\" \/>\n\t<meta name=\"twitter:data2\" content=\"11 minutos\" \/>\n<script type=\"application\/ld+json\" class=\"yoast-schema-graph\">{\"@context\":\"https:\\\/\\\/schema.org\",\"@graph\":[{\"@type\":\"Article\",\"@id\":\"https:\\\/\\\/treinvestimentos.com.br\\\/antigo\\\/nossas-historias\\\/capitulo-13-cafe-epico-onde-o-sabor-encontra-o-proposito\\\/#article\",\"isPartOf\":{\"@id\":\"https:\\\/\\\/treinvestimentos.com.br\\\/antigo\\\/nossas-historias\\\/capitulo-13-cafe-epico-onde-o-sabor-encontra-o-proposito\\\/\"},\"author\":{\"name\":\"Milena Moraes\",\"@id\":\"https:\\\/\\\/treinvestimentos.com.br\\\/antigo\\\/#\\\/schema\\\/person\\\/b0a4e82ce3ce39a58a59f15134916cb6\"},\"headline\":\"Cap\u00edtulo 13: Caf\u00e9 \u00c9pico &#8211; Onde o sabor encontra o prop\u00f3sito\",\"datePublished\":\"2025-06-11T17:59:36+00:00\",\"dateModified\":\"2025-06-11T18:55:23+00:00\",\"mainEntityOfPage\":{\"@id\":\"https:\\\/\\\/treinvestimentos.com.br\\\/antigo\\\/nossas-historias\\\/capitulo-13-cafe-epico-onde-o-sabor-encontra-o-proposito\\\/\"},\"wordCount\":2197,\"commentCount\":0,\"publisher\":{\"@id\":\"https:\\\/\\\/treinvestimentos.com.br\\\/antigo\\\/#organization\"},\"image\":{\"@id\":\"https:\\\/\\\/treinvestimentos.com.br\\\/antigo\\\/nossas-historias\\\/capitulo-13-cafe-epico-onde-o-sabor-encontra-o-proposito\\\/#primaryimage\"},\"thumbnailUrl\":\"https:\\\/\\\/treinvestimentos.com.br\\\/antigo\\\/wp-content\\\/uploads\\\/2025\\\/06\\\/pexels-igor-haritanovich-814387-1695052-scaled.jpg\",\"keywords\":[\"Nossas Hist\u00f3rias\"],\"articleSection\":[\"Nossas Hist\u00f3rias\"],\"inLanguage\":\"pt-BR\",\"potentialAction\":[{\"@type\":\"CommentAction\",\"name\":\"Comment\",\"target\":[\"https:\\\/\\\/treinvestimentos.com.br\\\/antigo\\\/nossas-historias\\\/capitulo-13-cafe-epico-onde-o-sabor-encontra-o-proposito\\\/#respond\"]}]},{\"@type\":\"WebPage\",\"@id\":\"https:\\\/\\\/treinvestimentos.com.br\\\/antigo\\\/nossas-historias\\\/capitulo-13-cafe-epico-onde-o-sabor-encontra-o-proposito\\\/\",\"url\":\"https:\\\/\\\/treinvestimentos.com.br\\\/antigo\\\/nossas-historias\\\/capitulo-13-cafe-epico-onde-o-sabor-encontra-o-proposito\\\/\",\"name\":\"Cap\u00edtulo 13: Caf\u00e9 \u00c9pico - Onde o sabor encontra o prop\u00f3sito - Tr\u00ea Investindo com Causa\",\"isPartOf\":{\"@id\":\"https:\\\/\\\/treinvestimentos.com.br\\\/antigo\\\/#website\"},\"primaryImageOfPage\":{\"@id\":\"https:\\\/\\\/treinvestimentos.com.br\\\/antigo\\\/nossas-historias\\\/capitulo-13-cafe-epico-onde-o-sabor-encontra-o-proposito\\\/#primaryimage\"},\"image\":{\"@id\":\"https:\\\/\\\/treinvestimentos.com.br\\\/antigo\\\/nossas-historias\\\/capitulo-13-cafe-epico-onde-o-sabor-encontra-o-proposito\\\/#primaryimage\"},\"thumbnailUrl\":\"https:\\\/\\\/treinvestimentos.com.br\\\/antigo\\\/wp-content\\\/uploads\\\/2025\\\/06\\\/pexels-igor-haritanovich-814387-1695052-scaled.jpg\",\"datePublished\":\"2025-06-11T17:59:36+00:00\",\"dateModified\":\"2025-06-11T18:55:23+00:00\",\"breadcrumb\":{\"@id\":\"https:\\\/\\\/treinvestimentos.com.br\\\/antigo\\\/nossas-historias\\\/capitulo-13-cafe-epico-onde-o-sabor-encontra-o-proposito\\\/#breadcrumb\"},\"inLanguage\":\"pt-BR\",\"potentialAction\":[{\"@type\":\"ReadAction\",\"target\":[\"https:\\\/\\\/treinvestimentos.com.br\\\/antigo\\\/nossas-historias\\\/capitulo-13-cafe-epico-onde-o-sabor-encontra-o-proposito\\\/\"]}]},{\"@type\":\"ImageObject\",\"inLanguage\":\"pt-BR\",\"@id\":\"https:\\\/\\\/treinvestimentos.com.br\\\/antigo\\\/nossas-historias\\\/capitulo-13-cafe-epico-onde-o-sabor-encontra-o-proposito\\\/#primaryimage\",\"url\":\"https:\\\/\\\/treinvestimentos.com.br\\\/antigo\\\/wp-content\\\/uploads\\\/2025\\\/06\\\/pexels-igor-haritanovich-814387-1695052-scaled.jpg\",\"contentUrl\":\"https:\\\/\\\/treinvestimentos.com.br\\\/antigo\\\/wp-content\\\/uploads\\\/2025\\\/06\\\/pexels-igor-haritanovich-814387-1695052-scaled.jpg\",\"width\":2560,\"height\":1707},{\"@type\":\"BreadcrumbList\",\"@id\":\"https:\\\/\\\/treinvestimentos.com.br\\\/antigo\\\/nossas-historias\\\/capitulo-13-cafe-epico-onde-o-sabor-encontra-o-proposito\\\/#breadcrumb\",\"itemListElement\":[{\"@type\":\"ListItem\",\"position\":1,\"name\":\"In\u00edcio\",\"item\":\"https:\\\/\\\/treinvestimentos.com.br\\\/antigo\\\/\"},{\"@type\":\"ListItem\",\"position\":2,\"name\":\"Cap\u00edtulo 13: Caf\u00e9 \u00c9pico &#8211; Onde o sabor encontra o prop\u00f3sito\"}]},{\"@type\":\"WebSite\",\"@id\":\"https:\\\/\\\/treinvestimentos.com.br\\\/antigo\\\/#website\",\"url\":\"https:\\\/\\\/treinvestimentos.com.br\\\/antigo\\\/\",\"name\":\"Tr\u00ea Investindo com Causa\",\"description\":\"Queremos popularizar o investimento em causas, promovendo uma amplia\u00e7\u00e3o da consci\u00eancia no uso do dinheiro e na co-constru\u00e7\u00e3o de uma nova economia.\",\"publisher\":{\"@id\":\"https:\\\/\\\/treinvestimentos.com.br\\\/antigo\\\/#organization\"},\"potentialAction\":[{\"@type\":\"SearchAction\",\"target\":{\"@type\":\"EntryPoint\",\"urlTemplate\":\"https:\\\/\\\/treinvestimentos.com.br\\\/antigo\\\/?s={search_term_string}\"},\"query-input\":{\"@type\":\"PropertyValueSpecification\",\"valueRequired\":true,\"valueName\":\"search_term_string\"}}],\"inLanguage\":\"pt-BR\"},{\"@type\":\"Organization\",\"@id\":\"https:\\\/\\\/treinvestimentos.com.br\\\/antigo\\\/#organization\",\"name\":\"Tr\u00ea Investindo com Causa\",\"url\":\"https:\\\/\\\/treinvestimentos.com.br\\\/antigo\\\/\",\"logo\":{\"@type\":\"ImageObject\",\"inLanguage\":\"pt-BR\",\"@id\":\"https:\\\/\\\/treinvestimentos.com.br\\\/antigo\\\/#\\\/schema\\\/logo\\\/image\\\/\",\"url\":\"https:\\\/\\\/treinvestimentos.com.br\\\/wp-content\\\/uploads\\\/2021\\\/08\\\/Logo-completo-Tre-azul.png\",\"contentUrl\":\"https:\\\/\\\/treinvestimentos.com.br\\\/wp-content\\\/uploads\\\/2021\\\/08\\\/Logo-completo-Tre-azul.png\",\"width\":1175,\"height\":311,\"caption\":\"Tr\u00ea Investindo com Causa\"},\"image\":{\"@id\":\"https:\\\/\\\/treinvestimentos.com.br\\\/antigo\\\/#\\\/schema\\\/logo\\\/image\\\/\"},\"sameAs\":[\"https:\\\/\\\/www.linkedin.com\\\/company\\\/treinvestindocomcausa\\\/?originalSubdomain=br\"]},{\"@type\":\"Person\",\"@id\":\"https:\\\/\\\/treinvestimentos.com.br\\\/antigo\\\/#\\\/schema\\\/person\\\/b0a4e82ce3ce39a58a59f15134916cb6\",\"name\":\"Milena Moraes\",\"image\":{\"@type\":\"ImageObject\",\"inLanguage\":\"pt-BR\",\"@id\":\"https:\\\/\\\/secure.gravatar.com\\\/avatar\\\/008a27b68dac139c6cbd0aa2724595e49bf0b65e965ae081528e0d76fe6d0d0b?s=96&d=mm&r=g\",\"url\":\"https:\\\/\\\/secure.gravatar.com\\\/avatar\\\/008a27b68dac139c6cbd0aa2724595e49bf0b65e965ae081528e0d76fe6d0d0b?s=96&d=mm&r=g\",\"contentUrl\":\"https:\\\/\\\/secure.gravatar.com\\\/avatar\\\/008a27b68dac139c6cbd0aa2724595e49bf0b65e965ae081528e0d76fe6d0d0b?s=96&d=mm&r=g\",\"caption\":\"Milena Moraes\"}}]}<\/script>\n<!-- \/ Yoast SEO plugin. -->","yoast_head_json":{"title":"Cap\u00edtulo 13: Caf\u00e9 \u00c9pico - Onde o sabor encontra o prop\u00f3sito - Tr\u00ea Investindo com Causa","robots":{"index":"noindex","follow":"follow"},"og_locale":"pt_BR","og_type":"article","og_title":"Cap\u00edtulo 13: Caf\u00e9 \u00c9pico - Onde o sabor encontra o prop\u00f3sito - Tr\u00ea Investindo com Causa","og_description":"Por Beatriz Gir\u00e3o | Tr\u00ea Investindo com Causa Entre buzinas e cal\u00e7adas quentes do Rio de Janeiro, um aroma persistente e acolhedor anuncia que ali nasceu algo especial. N\u00e3o \u00e9...","og_url":"https:\/\/treinvestimentos.com.br\/antigo\/nossas-historias\/capitulo-13-cafe-epico-onde-o-sabor-encontra-o-proposito\/","og_site_name":"Tr\u00ea Investindo com Causa","article_published_time":"2025-06-11T17:59:36+00:00","article_modified_time":"2025-06-11T18:55:23+00:00","og_image":[{"width":2560,"height":1707,"url":"https:\/\/treinvestimentos.com.br\/antigo\/wp-content\/uploads\/2025\/06\/pexels-igor-haritanovich-814387-1695052-scaled.jpg","type":"image\/jpeg"}],"author":"Milena Moraes","twitter_card":"summary_large_image","twitter_misc":{"Escrito por":"Milena Moraes","Est. tempo de leitura":"11 minutos"},"schema":{"@context":"https:\/\/schema.org","@graph":[{"@type":"Article","@id":"https:\/\/treinvestimentos.com.br\/antigo\/nossas-historias\/capitulo-13-cafe-epico-onde-o-sabor-encontra-o-proposito\/#article","isPartOf":{"@id":"https:\/\/treinvestimentos.com.br\/antigo\/nossas-historias\/capitulo-13-cafe-epico-onde-o-sabor-encontra-o-proposito\/"},"author":{"name":"Milena Moraes","@id":"https:\/\/treinvestimentos.com.br\/antigo\/#\/schema\/person\/b0a4e82ce3ce39a58a59f15134916cb6"},"headline":"Cap\u00edtulo 13: Caf\u00e9 \u00c9pico &#8211; Onde o sabor encontra o prop\u00f3sito","datePublished":"2025-06-11T17:59:36+00:00","dateModified":"2025-06-11T18:55:23+00:00","mainEntityOfPage":{"@id":"https:\/\/treinvestimentos.com.br\/antigo\/nossas-historias\/capitulo-13-cafe-epico-onde-o-sabor-encontra-o-proposito\/"},"wordCount":2197,"commentCount":0,"publisher":{"@id":"https:\/\/treinvestimentos.com.br\/antigo\/#organization"},"image":{"@id":"https:\/\/treinvestimentos.com.br\/antigo\/nossas-historias\/capitulo-13-cafe-epico-onde-o-sabor-encontra-o-proposito\/#primaryimage"},"thumbnailUrl":"https:\/\/treinvestimentos.com.br\/antigo\/wp-content\/uploads\/2025\/06\/pexels-igor-haritanovich-814387-1695052-scaled.jpg","keywords":["Nossas Hist\u00f3rias"],"articleSection":["Nossas Hist\u00f3rias"],"inLanguage":"pt-BR","potentialAction":[{"@type":"CommentAction","name":"Comment","target":["https:\/\/treinvestimentos.com.br\/antigo\/nossas-historias\/capitulo-13-cafe-epico-onde-o-sabor-encontra-o-proposito\/#respond"]}]},{"@type":"WebPage","@id":"https:\/\/treinvestimentos.com.br\/antigo\/nossas-historias\/capitulo-13-cafe-epico-onde-o-sabor-encontra-o-proposito\/","url":"https:\/\/treinvestimentos.com.br\/antigo\/nossas-historias\/capitulo-13-cafe-epico-onde-o-sabor-encontra-o-proposito\/","name":"Cap\u00edtulo 13: Caf\u00e9 \u00c9pico - Onde o sabor encontra o prop\u00f3sito - Tr\u00ea Investindo com Causa","isPartOf":{"@id":"https:\/\/treinvestimentos.com.br\/antigo\/#website"},"primaryImageOfPage":{"@id":"https:\/\/treinvestimentos.com.br\/antigo\/nossas-historias\/capitulo-13-cafe-epico-onde-o-sabor-encontra-o-proposito\/#primaryimage"},"image":{"@id":"https:\/\/treinvestimentos.com.br\/antigo\/nossas-historias\/capitulo-13-cafe-epico-onde-o-sabor-encontra-o-proposito\/#primaryimage"},"thumbnailUrl":"https:\/\/treinvestimentos.com.br\/antigo\/wp-content\/uploads\/2025\/06\/pexels-igor-haritanovich-814387-1695052-scaled.jpg","datePublished":"2025-06-11T17:59:36+00:00","dateModified":"2025-06-11T18:55:23+00:00","breadcrumb":{"@id":"https:\/\/treinvestimentos.com.br\/antigo\/nossas-historias\/capitulo-13-cafe-epico-onde-o-sabor-encontra-o-proposito\/#breadcrumb"},"inLanguage":"pt-BR","potentialAction":[{"@type":"ReadAction","target":["https:\/\/treinvestimentos.com.br\/antigo\/nossas-historias\/capitulo-13-cafe-epico-onde-o-sabor-encontra-o-proposito\/"]}]},{"@type":"ImageObject","inLanguage":"pt-BR","@id":"https:\/\/treinvestimentos.com.br\/antigo\/nossas-historias\/capitulo-13-cafe-epico-onde-o-sabor-encontra-o-proposito\/#primaryimage","url":"https:\/\/treinvestimentos.com.br\/antigo\/wp-content\/uploads\/2025\/06\/pexels-igor-haritanovich-814387-1695052-scaled.jpg","contentUrl":"https:\/\/treinvestimentos.com.br\/antigo\/wp-content\/uploads\/2025\/06\/pexels-igor-haritanovich-814387-1695052-scaled.jpg","width":2560,"height":1707},{"@type":"BreadcrumbList","@id":"https:\/\/treinvestimentos.com.br\/antigo\/nossas-historias\/capitulo-13-cafe-epico-onde-o-sabor-encontra-o-proposito\/#breadcrumb","itemListElement":[{"@type":"ListItem","position":1,"name":"In\u00edcio","item":"https:\/\/treinvestimentos.com.br\/antigo\/"},{"@type":"ListItem","position":2,"name":"Cap\u00edtulo 13: Caf\u00e9 \u00c9pico &#8211; Onde o sabor encontra o prop\u00f3sito"}]},{"@type":"WebSite","@id":"https:\/\/treinvestimentos.com.br\/antigo\/#website","url":"https:\/\/treinvestimentos.com.br\/antigo\/","name":"Tr\u00ea Investindo com Causa","description":"Queremos popularizar o investimento em causas, promovendo uma amplia\u00e7\u00e3o da consci\u00eancia no uso do dinheiro e na co-constru\u00e7\u00e3o de uma nova economia.","publisher":{"@id":"https:\/\/treinvestimentos.com.br\/antigo\/#organization"},"potentialAction":[{"@type":"SearchAction","target":{"@type":"EntryPoint","urlTemplate":"https:\/\/treinvestimentos.com.br\/antigo\/?s={search_term_string}"},"query-input":{"@type":"PropertyValueSpecification","valueRequired":true,"valueName":"search_term_string"}}],"inLanguage":"pt-BR"},{"@type":"Organization","@id":"https:\/\/treinvestimentos.com.br\/antigo\/#organization","name":"Tr\u00ea Investindo com Causa","url":"https:\/\/treinvestimentos.com.br\/antigo\/","logo":{"@type":"ImageObject","inLanguage":"pt-BR","@id":"https:\/\/treinvestimentos.com.br\/antigo\/#\/schema\/logo\/image\/","url":"https:\/\/treinvestimentos.com.br\/wp-content\/uploads\/2021\/08\/Logo-completo-Tre-azul.png","contentUrl":"https:\/\/treinvestimentos.com.br\/wp-content\/uploads\/2021\/08\/Logo-completo-Tre-azul.png","width":1175,"height":311,"caption":"Tr\u00ea Investindo com Causa"},"image":{"@id":"https:\/\/treinvestimentos.com.br\/antigo\/#\/schema\/logo\/image\/"},"sameAs":["https:\/\/www.linkedin.com\/company\/treinvestindocomcausa\/?originalSubdomain=br"]},{"@type":"Person","@id":"https:\/\/treinvestimentos.com.br\/antigo\/#\/schema\/person\/b0a4e82ce3ce39a58a59f15134916cb6","name":"Milena Moraes","image":{"@type":"ImageObject","inLanguage":"pt-BR","@id":"https:\/\/secure.gravatar.com\/avatar\/008a27b68dac139c6cbd0aa2724595e49bf0b65e965ae081528e0d76fe6d0d0b?s=96&d=mm&r=g","url":"https:\/\/secure.gravatar.com\/avatar\/008a27b68dac139c6cbd0aa2724595e49bf0b65e965ae081528e0d76fe6d0d0b?s=96&d=mm&r=g","contentUrl":"https:\/\/secure.gravatar.com\/avatar\/008a27b68dac139c6cbd0aa2724595e49bf0b65e965ae081528e0d76fe6d0d0b?s=96&d=mm&r=g","caption":"Milena Moraes"}}]}},"_links":{"self":[{"href":"https:\/\/treinvestimentos.com.br\/antigo\/wp-json\/wp\/v2\/posts\/7060","targetHints":{"allow":["GET"]}}],"collection":[{"href":"https:\/\/treinvestimentos.com.br\/antigo\/wp-json\/wp\/v2\/posts"}],"about":[{"href":"https:\/\/treinvestimentos.com.br\/antigo\/wp-json\/wp\/v2\/types\/post"}],"author":[{"embeddable":true,"href":"https:\/\/treinvestimentos.com.br\/antigo\/wp-json\/wp\/v2\/users\/152"}],"replies":[{"embeddable":true,"href":"https:\/\/treinvestimentos.com.br\/antigo\/wp-json\/wp\/v2\/comments?post=7060"}],"version-history":[{"count":19,"href":"https:\/\/treinvestimentos.com.br\/antigo\/wp-json\/wp\/v2\/posts\/7060\/revisions"}],"predecessor-version":[{"id":7094,"href":"https:\/\/treinvestimentos.com.br\/antigo\/wp-json\/wp\/v2\/posts\/7060\/revisions\/7094"}],"wp:featuredmedia":[{"embeddable":true,"href":"https:\/\/treinvestimentos.com.br\/antigo\/wp-json\/wp\/v2\/media\/7079"}],"wp:attachment":[{"href":"https:\/\/treinvestimentos.com.br\/antigo\/wp-json\/wp\/v2\/media?parent=7060"}],"wp:term":[{"taxonomy":"category","embeddable":true,"href":"https:\/\/treinvestimentos.com.br\/antigo\/wp-json\/wp\/v2\/categories?post=7060"},{"taxonomy":"post_tag","embeddable":true,"href":"https:\/\/treinvestimentos.com.br\/antigo\/wp-json\/wp\/v2\/tags?post=7060"}],"curies":[{"name":"wp","href":"https:\/\/api.w.org\/{rel}","templated":true}]}}