{"id":6977,"date":"2025-04-24T10:25:44","date_gmt":"2025-04-24T13:25:44","guid":{"rendered":"https:\/\/treinvestimentos.com.br\/?p=6977"},"modified":"2025-04-25T12:57:38","modified_gmt":"2025-04-25T15:57:38","slug":"capitulo-12-moradigna-reformando-casas-reconstruindo-historias","status":"publish","type":"post","link":"https:\/\/treinvestimentos.com.br\/antigo\/nossas-historias\/capitulo-12-moradigna-reformando-casas-reconstruindo-historias\/","title":{"rendered":"Cap\u00edtulo 12: Moradigna &#8211; Reformando casas, reconstruindo hist\u00f3rias"},"content":{"rendered":"\n<p><em>Por Beatriz Gir\u00e3o | Tr\u00ea Investindo com Causa <\/em><\/p>\n\n\n\n<h3 class=\"wp-block-heading\">Moradias sem lar&nbsp;<\/h3>\n\n\n\n<p>Matheus Cardoso cresceu no Jardim Pantanal, uma comunidade no extremo leste de S\u00e3o Paulo, com um inc\u00f4modo: as reformas em sua regi\u00e3o, por mais frequentes que fossem, eram sempre recorrentes e prec\u00e1rias, com alta demanda e pareciam n\u00e3o apresentar resultados que durassem a longo prazo. Ao compreender as raz\u00f5es dessa necessidade constante, <strong>sentiu-se motivado a desenvolver um neg\u00f3cio que oferecesse solu\u00e7\u00f5es de reforma duradouras e que melhorassem efetivamente&nbsp; a vida das fam\u00edlias da comunidade<\/strong>.<\/p>\n\n\n\n<figure class=\"wp-block-image size-full\"><img loading=\"lazy\" decoding=\"async\" width=\"1000\" height=\"500\" src=\"https:\/\/treinvestimentos.com.br\/wp-content\/uploads\/2025\/04\/Prancheta-1.jpg\" alt=\"\" class=\"wp-image-7015\" srcset=\"https:\/\/treinvestimentos.com.br\/antigo\/wp-content\/uploads\/2025\/04\/Prancheta-1.jpg 1000w, https:\/\/treinvestimentos.com.br\/antigo\/wp-content\/uploads\/2025\/04\/Prancheta-1-350x175.jpg 350w, https:\/\/treinvestimentos.com.br\/antigo\/wp-content\/uploads\/2025\/04\/Prancheta-1-768x384.jpg 768w, https:\/\/treinvestimentos.com.br\/antigo\/wp-content\/uploads\/2025\/04\/Prancheta-1-670x335.jpg 670w, https:\/\/treinvestimentos.com.br\/antigo\/wp-content\/uploads\/2025\/04\/Prancheta-1-600x300.jpg 600w\" sizes=\"auto, (max-width: 1000px) 100vw, 1000px\" \/><\/figure>\n\n\n\n<p>Ainda na universidade, em 2015, enquanto cursava engenharia civil na Universidade Presbiteriana Mackenzie como aluno do Prouni, Matheus teve seu primeiro contato com o empreendedorismo por meio de uma palestra acad\u00eamica. O desejo de retribuir \u00e0 comunidade onde cresceu e de levar solu\u00e7\u00f5es para moradias insalubres se intensificou ao conhecer o ecossistema de impacto socioambiental positivo. Foi ent\u00e3o que percebeu sua miss\u00e3o: <strong>garantir que as pessoas pudessem viver com dignidade em suas pr\u00f3prias casas<\/strong>.<\/p>\n\n\n\n<p>Assim nasceu o Moradigna, como uma solu\u00e7\u00e3o para melhorar a qualidade de vida de fam\u00edlias em comunidades por meio de reformas completas, acess\u00edveis e sustent\u00e1veis, oferecendo solu\u00e7\u00f5es definitivas para os desafios das moradias insalubres.<\/p>\n\n\n\n<blockquote class=\"wp-block-quote is-layout-flow wp-block-quote-is-layout-flow\">\n<p>\u201cSempre havia alguma reforma acontecendo na comunidade. Eu via casas que j\u00e1 tinham passado por v\u00e1rias interven\u00e7\u00f5es, mas nenhuma era definitivamente eficiente. \u00c9 um movimento pulsante que fez parte da minha realidade\u201d, conta Matheus.<\/p>\n<\/blockquote>\n\n\n\n<h3 class=\"wp-block-heading\">CoVida20: Tr\u00ea &amp; Moradigna<\/h3>\n\n\n\n<p>Na vis\u00e3o do Matheus, empreender \u00e9 como entrar sozinho no mar, guiando-se apenas pelos sentidos imediatos: tato, olfato, vis\u00e3o (ou a falta dela) e aten\u00e7\u00e3o aos ru\u00eddos das ondas e do vento. <strong>Matheus se viu sozinho nessa jornada, mas essa solid\u00e3o foi passageira. A rede do ecossistema de impacto o acolheu para que o Moradigna ganhasse vida.<\/strong> Mesmo com apoio, em 2020, durante a pandemia da Covid-19, os desafios para pequenos e novos empreendedores se intensificaram. <strong>Como continuar pedindo licen\u00e7a para entrar na casa das pessoas se a locomo\u00e7\u00e3o estava restrita?<\/strong> Na pandemia, a miss\u00e3o do Moradigna se tornou ainda mais urgente. <strong>As pessoas precisavam permanecer em casa por seguran\u00e7a, mas muitos lares n\u00e3o ofereciam essa prote\u00e7\u00e3o. <\/strong>A falta de infraestrutura comprometia a sa\u00fade das fam\u00edlias, causando problemas recorrentes que iam al\u00e9m do v\u00edrus da Covid-19.<\/p>\n\n\n\n<figure class=\"wp-block-embed is-type-video is-provider-youtube wp-block-embed-youtube wp-embed-aspect-16-9 wp-has-aspect-ratio\"><div class=\"wp-block-embed__wrapper\">\n<iframe loading=\"lazy\" title=\"Moradigna - Matheus\" width=\"1080\" height=\"608\" src=\"https:\/\/www.youtube.com\/embed\/si187EUmo-Q?feature=oembed\" frameborder=\"0\" allow=\"accelerometer; autoplay; clipboard-write; encrypted-media; gyroscope; picture-in-picture; web-share\" referrerpolicy=\"strict-origin-when-cross-origin\" allowfullscreen><\/iframe>\n<\/div><\/figure>\n\n\n\n<p class=\"has-text-align-center has-small-font-size\">V\u00eddeo publicado em 2020 durante as inscri\u00e7\u00f5es para o CoVida20<\/p>\n\n\n\n<blockquote class=\"wp-block-quote is-layout-flow wp-block-quote-is-layout-flow\">\n<p>\u201cUma casa com infiltra\u00e7\u00e3o, falta de saneamento b\u00e1sico, estrutura fr\u00e1gil, sem ventila\u00e7\u00e3o e sem isolamento t\u00e9rmico s\u00e3o fatores prejudiciais n\u00e3o apenas \u00e0 sa\u00fade f\u00edsica, mas tamb\u00e9m mental. O lar \u00e9 um ref\u00fagio onde buscamos conforto e paz, e sua influ\u00eancia em nossa sa\u00fade n\u00e3o pode ser subestimada\u201d, compartilha Matheus.<\/p>\n<\/blockquote>\n\n\n\n<p>Diante desse cen\u00e1rio, em 2020, a miss\u00e3o de Matheus ganhou ainda mais for\u00e7a: <strong>melhorar a qualidade de vida das fam\u00edlias para que a sa\u00fade fosse preservada dentro de casa, em vez de comprometida<\/strong>. Se a amea\u00e7a do v\u00edrus estava do lado de fora, ele precisava garantir que o lar das fam\u00edlias fosse um ambiente seguro e acolhedor.<\/p>\n\n\n\n<figure class=\"wp-block-image size-full\"><img loading=\"lazy\" decoding=\"async\" width=\"1000\" height=\"500\" src=\"https:\/\/treinvestimentos.com.br\/wp-content\/uploads\/2025\/04\/Prancheta-14.png\" alt=\"\" class=\"wp-image-7050\" srcset=\"https:\/\/treinvestimentos.com.br\/antigo\/wp-content\/uploads\/2025\/04\/Prancheta-14.png 1000w, https:\/\/treinvestimentos.com.br\/antigo\/wp-content\/uploads\/2025\/04\/Prancheta-14-350x175.png 350w, https:\/\/treinvestimentos.com.br\/antigo\/wp-content\/uploads\/2025\/04\/Prancheta-14-768x384.png 768w, https:\/\/treinvestimentos.com.br\/antigo\/wp-content\/uploads\/2025\/04\/Prancheta-14-670x335.png 670w, https:\/\/treinvestimentos.com.br\/antigo\/wp-content\/uploads\/2025\/04\/Prancheta-14-600x300.png 600w\" sizes=\"auto, (max-width: 1000px) 100vw, 1000px\" \/><\/figure>\n\n\n\n<p>Por seu contato com o ecossistema de impacto, o engenheiro j\u00e1 conhecia a Tr\u00ea. Com a abertura para o <a href=\"https:\/\/covida20.com.br\/\"><strong>Programa CoVida20<\/strong><\/a>, desenvolvido em parceria entre a Tr\u00ea, <a href=\"https:\/\/sistemabbrasil.org\/\">Sistema B<\/a>, <a href=\"https:\/\/ccbrasil.cc\/\">Capitalismo Consciente<\/a> e <a href=\"https:\/\/din4mo.com\/\">Din4mo<\/a>, <strong>Matheus enxergou uma oportunidade de fortalecer seu neg\u00f3cio e continuar garantindo moradias dignas para fam\u00edlias de comunidades.<\/strong><\/p>\n\n\n\n<p>Com o apoio do Programa CoVida20, o Moradigna se transformou em diversos aspectos, mas o que se destaca e que <strong>ficou como legado para o neg\u00f3cio <\/strong>foi a transforma\u00e7\u00e3o do que antes era feito no boca a boca para uma <strong>plataforma digital.&nbsp;<\/strong><\/p>\n\n\n\n<blockquote class=\"wp-block-quote is-layout-flow wp-block-quote-is-layout-flow\">\n<p>\u201cSenti que era um risco muito grande. O medo de o mercado nunca voltar ao normal ou de a empresa deixar de existir daquele jeito causava receio. <strong>Por isso, nossa tese era que precis\u00e1vamos de algo estrat\u00e9gico. <\/strong>Decidimos antecipar o lan\u00e7amento do Moradigna Online para aquele momento, em que tudo precisava ser feito a dist\u00e2ncia\u201d, relata Matheus.<\/p>\n<\/blockquote>\n\n\n\n<p>Al\u00e9m de acelerar o processo de digitaliza\u00e7\u00e3o do Moradigna \u2014 que se tornou o principal meio de divulga\u00e7\u00e3o e comunica\u00e7\u00e3o do neg\u00f3cio \u2014, <strong>o CoVida20 cumpriu seu prop\u00f3sito como programa: garantir que neg\u00f3cios socioambientais continuassem vivos e gerando impacto positivo.<\/strong><\/p>\n\n\n\n<blockquote class=\"wp-block-quote is-layout-flow wp-block-quote-is-layout-flow\">\n<p>\u201c<strong>A rela\u00e7\u00e3o com a Tr\u00ea foi fundamental para definirmos o que entendemos como um modelo saud\u00e1vel de empr\u00e9stimo e financiamento social.<\/strong> Mesmo diante dos desafios, como atrasos e eventuais turbul\u00eancias do momento, sempre mantivemos uma rela\u00e7\u00e3o tranquila e transparente. Sab\u00edamos que aquele aporte tinha um prop\u00f3sito: continuar gerando impacto socioambiental positivo. <strong>Hoje, o Moradigna se consolidou como um dos principais neg\u00f3cios sociais do pa\u00eds<\/strong>&#8220;, conta Matheus.<\/p>\n<\/blockquote>\n\n\n\n<h3 class=\"wp-block-heading\">Moradigna como um catalisador social nacional<\/h3>\n\n\n\n<p>Moradigna completa uma d\u00e9cada de exist\u00eancia neste ano e <strong>segue crescendo! <\/strong>O neg\u00f3cio, que come\u00e7ou atuando nas periferias da capital paulista, hoje est\u00e1 presente em cinco capitais: S\u00e3o Paulo (SP), Rio de Janeiro (RJ), Salvador (BA), Vit\u00f3ria (ES) e Recife (PE).&nbsp;<\/p>\n\n\n\n<p>Nos seus dez anos de hist\u00f3ria, o<strong> Moradigna j\u00e1 impactou mais de 12 mil pessoas, realizando mais de tr\u00eas mil reformas<\/strong>. Sempre pautado pela efici\u00eancia, empatia (tanto com o time quanto com os clientes), colocando o cliente no centro e com a consci\u00eancia de que \u201ccom pouco se faz muito\u201d.<\/p>\n\n\n\n<figure class=\"wp-block-image size-full\"><img loading=\"lazy\" decoding=\"async\" width=\"1000\" height=\"500\" src=\"https:\/\/treinvestimentos.com.br\/wp-content\/uploads\/2025\/04\/Prancheta-10.jpg\" alt=\"\" class=\"wp-image-6980\" srcset=\"https:\/\/treinvestimentos.com.br\/antigo\/wp-content\/uploads\/2025\/04\/Prancheta-10.jpg 1000w, https:\/\/treinvestimentos.com.br\/antigo\/wp-content\/uploads\/2025\/04\/Prancheta-10-350x175.jpg 350w, https:\/\/treinvestimentos.com.br\/antigo\/wp-content\/uploads\/2025\/04\/Prancheta-10-768x384.jpg 768w, https:\/\/treinvestimentos.com.br\/antigo\/wp-content\/uploads\/2025\/04\/Prancheta-10-670x335.jpg 670w, https:\/\/treinvestimentos.com.br\/antigo\/wp-content\/uploads\/2025\/04\/Prancheta-10-600x300.jpg 600w\" sizes=\"auto, (max-width: 1000px) 100vw, 1000px\" \/><\/figure>\n\n\n\n<p>A digitaliza\u00e7\u00e3o do processo permitiu a amplia\u00e7\u00e3o da atua\u00e7\u00e3o do neg\u00f3cio. Nas diversas capitais onde o Moradigna est\u00e1 presente, os clientes entram em contato por meio das plataformas digitais. Como suporte presencial, um embaixador local acompanha a reforma diretamente na resid\u00eancia, garantindo o alinhamento com os padr\u00f5es do Moradigna.<\/p>\n\n\n\n<p><strong>A acessibilidade em pre\u00e7o, m\u00e3o de obra e prazo de reforma s\u00e3o fatores essenciais para o modelo de atua\u00e7\u00e3o do Moradigna. <\/strong>Matheus lembra de sua inf\u00e2ncia e adolesc\u00eancia na comunidade, onde as reformas eram inacess\u00edveis, principalmente por falta de financiamento. Por isso, <strong>o neg\u00f3cio oferece cr\u00e9dito por meio de parceiros, com taxas justas e parcelas que cabem na realidade das fam\u00edlias.<\/strong><\/p>\n\n\n\n<figure class=\"wp-block-image size-full\"><img loading=\"lazy\" decoding=\"async\" width=\"1000\" height=\"500\" src=\"https:\/\/treinvestimentos.com.br\/wp-content\/uploads\/2025\/04\/Prancheta-15.png\" alt=\"\" class=\"wp-image-7052\" srcset=\"https:\/\/treinvestimentos.com.br\/antigo\/wp-content\/uploads\/2025\/04\/Prancheta-15.png 1000w, https:\/\/treinvestimentos.com.br\/antigo\/wp-content\/uploads\/2025\/04\/Prancheta-15-350x175.png 350w, https:\/\/treinvestimentos.com.br\/antigo\/wp-content\/uploads\/2025\/04\/Prancheta-15-768x384.png 768w, https:\/\/treinvestimentos.com.br\/antigo\/wp-content\/uploads\/2025\/04\/Prancheta-15-670x335.png 670w, https:\/\/treinvestimentos.com.br\/antigo\/wp-content\/uploads\/2025\/04\/Prancheta-15-600x300.png 600w\" sizes=\"auto, (max-width: 1000px) 100vw, 1000px\" \/><\/figure>\n\n\n\n<blockquote class=\"wp-block-quote is-layout-flow wp-block-quote-is-layout-flow\">\n<p>\u201cO Moradigna n\u00e3o inventou a reforma. Reformas existem desde que o mundo \u00e9 mundo. Mas o servi\u00e7o de reforma, que sempre foi oferecido por empreiteiras e escrit\u00f3rios, nunca foi acess\u00edvel para essa popula\u00e7\u00e3o. A inova\u00e7\u00e3o est\u00e1 em pegar um servi\u00e7o que antes n\u00e3o chegava a essa parcela da sociedade e, com criatividade e estrat\u00e9gia, torn\u00e1-lo acess\u00edvel\u201d, afirma Matheus.<\/p>\n<\/blockquote>\n\n\n\n<p>Matheus segue acreditando na for\u00e7a do Moradigna, e os resultados refletem a dedica\u00e7\u00e3o, esfor\u00e7o e paix\u00e3o do time. Para 2025, a meta \u00e9 realizar mais de 200 reformas!&nbsp;<\/p>\n\n\n\n<h3 class=\"wp-block-heading\">Investimento que constr\u00f3i lares&nbsp;&nbsp;<\/h3>\n\n\n\n<p>Matheus carrega sua hist\u00f3ria e a trajet\u00f3ria do Moradigna com muito carinho, apre\u00e7o e dedica\u00e7\u00e3o. <strong>Ele destaca que o financiamento da Tr\u00ea e a atua\u00e7\u00e3o dos investidores do CoVida20 n\u00e3o apenas mantiveram o neg\u00f3cio vivo durante a pandemia, mas tamb\u00e9m catalisaram mudan\u00e7as que permitiram sua expans\u00e3o em escala nacional.<\/strong><\/p>\n\n\n\n<figure class=\"wp-block-image size-full\"><img loading=\"lazy\" decoding=\"async\" width=\"1000\" height=\"500\" src=\"https:\/\/treinvestimentos.com.br\/wp-content\/uploads\/2025\/04\/Prancheta-13-1.png\" alt=\"\" class=\"wp-image-7020\" srcset=\"https:\/\/treinvestimentos.com.br\/antigo\/wp-content\/uploads\/2025\/04\/Prancheta-13-1.png 1000w, https:\/\/treinvestimentos.com.br\/antigo\/wp-content\/uploads\/2025\/04\/Prancheta-13-1-350x175.png 350w, https:\/\/treinvestimentos.com.br\/antigo\/wp-content\/uploads\/2025\/04\/Prancheta-13-1-768x384.png 768w, https:\/\/treinvestimentos.com.br\/antigo\/wp-content\/uploads\/2025\/04\/Prancheta-13-1-670x335.png 670w, https:\/\/treinvestimentos.com.br\/antigo\/wp-content\/uploads\/2025\/04\/Prancheta-13-1-600x300.png 600w\" sizes=\"auto, (max-width: 1000px) 100vw, 1000px\" \/><\/figure>\n\n\n\n<blockquote class=\"wp-block-quote is-layout-flow wp-block-quote-is-layout-flow\">\n<p>\u201cOs investidores salvaram o Moradigna na pandemia. Eles foram os principais respons\u00e1veis pelas inova\u00e7\u00f5es que temos hoje. Aquele aporte financiou uma ideia que, sem esse apoio, n\u00e3o teria acontecido na mesma velocidade \u2014 ou talvez nem teria sa\u00eddo do papel. <strong>Acredito que os investidores precisam comemorar esse impacto conosco e entender o poder transformador de um recurso bem aplicado e estruturado em um neg\u00f3cio social, que muitas vezes enfrenta grandes dificuldades de acesso<\/strong>\u201d, conclui Matheus.<\/p>\n<\/blockquote>\n\n\n\n<p>Cada reforma realizada pelo Moradigna representa a <strong>hist\u00f3ria de fam\u00edlias que tiveram sua qualidade de vida transformada <\/strong>ao conquistar um lar digno, acolhedor e seguro.<\/p>\n\n\n\n<h3 class=\"wp-block-heading\">Moradas com hist\u00f3rias&nbsp;<\/h3>\n\n\n\n<p>O Moradigna est\u00e1 pronto para chegar a novas comunidades e transformar mais vidas &#8211; e voc\u00ea pode fazer parte da transforma\u00e7\u00e3o de milhares de fam\u00edlias brasileiras! Entre em contato com a equipe do Moradigna pelas <a href=\"https:\/\/www.instagram.com\/moradigna\/\">redes sociais<\/a> ou <a href=\"https:\/\/tr.ee\/NnfOHG4xvX\">WhatsApp<\/a> e ajude a ampliar esse impacto. Acompanhe o neg\u00f3cio pelas redes sociais e compartilhe essa hist\u00f3ria!<\/p>\n\n\n\n<p>Se voc\u00ea carrega uma causa no cora\u00e7\u00e3o, conhece algum neg\u00f3cio que se encaixa em algum de nossos programas, ou busca desenvolver seu pr\u00f3prio programa que impulsiona neg\u00f3cios com causa, saiba que <strong>a Tr\u00ea est\u00e1 aqui para caminhar ao seu lado! Nosso papel \u00e9 transformar ideias de sonhos em comum atrav\u00e9s de programas, como o Covida20, para apoiar iniciativas como a do Moradigna em movimentos reais, com impacto socioambiental e legado duradouro.&nbsp;<\/strong><\/p>\n\n\n\n<p>Vamos conversar? Juntos, podemos construir caminhos para um futuro mais justo, acolhedor e cheio de possibilidades. Entre em contato conosco pelas nossas <a href=\"https:\/\/www.instagram.com\/treinvestindocomcausa\/\">redes sociais<\/a>, <a href=\"mailto:falecom@treinvestimentos.com.br\">email<\/a> ou <a href=\"https:\/\/api.whatsapp.com\/send\/?phone=5511993522808\">WhatsApp!&nbsp;<\/a><\/p>\n\n\n\n<hr class=\"wp-block-separator has-alpha-channel-opacity\"\/>\n\n\n\n<p><em>A <\/em><a href=\"https:\/\/treinvestimentos.com.br\/\"><em>Tr\u00ea Investindo com Causa<\/em><\/a><em> estrutura e coordena programas de financiamento e fortalecimento para neg\u00f3cios com causa em parceria com diversas organiza\u00e7\u00f5es filantr\u00f3picas e privadas. A institui\u00e7\u00e3o j\u00e1 mobilizou mais de R$ 23 milh\u00f5es e j\u00e1 beneficiou mais de 80 neg\u00f3cios de impacto positivo.<\/em><\/p>\n\n\n\n<p><em>Junte-se a n\u00f3s nessa jornada por um futuro mais sustent\u00e1vel! Siga-nos no <\/em><a href=\"https:\/\/www.instagram.com\/treinvestindocomcausa\"><em>Instagram <\/em><\/a><em>e <\/em><a href=\"https:\/\/www.linkedin.com\/company\/treinvestindocomcausa\/posts\/?feedView=all\"><em>LinkedIn<\/em><\/a><em>, e inscreva-se em nossa <\/em><a href=\"https:\/\/treinvestimentos.com.br\/\"><em>newsletter<\/em><\/a><em> para acompanhar nossas iniciativas e oportunidades de impacto.<\/em><\/p>\n\n\n\n<p>Beatriz Gir\u00e3o<\/p>\n\n\n\n<p><em>Time Tr\u00ea de Marketing &amp; Comunica\u00e7\u00e3o<\/em><\/p>\n","protected":false},"excerpt":{"rendered":"<p>Por Beatriz Gir\u00e3o | Tr\u00ea Investindo com Causa Moradias sem lar&nbsp; Matheus Cardoso cresceu no Jardim Pantanal, uma comunidade no extremo leste de S\u00e3o Paulo, com um inc\u00f4modo: as reformas&#8230;<\/p>\n","protected":false},"author":152,"featured_media":6983,"comment_status":"open","ping_status":"open","sticky":false,"template":"","format":"standard","meta":{"give_campaign_id":0,"inline_featured_image":false,"footnotes":""},"categories":[45],"tags":[46],"class_list":{"0":"post-6977","1":"post","2":"type-post","3":"status-publish","4":"format-standard","5":"has-post-thumbnail","7":"category-nossas-historias","8":"tag-nossas-historias"},"yoast_head":"<!-- This site is optimized with the Yoast SEO plugin v27.5 - https:\/\/yoast.com\/product\/yoast-seo-wordpress\/ -->\n<title>Cap\u00edtulo 12: Moradigna - Reformando casas, reconstruindo hist\u00f3rias - Tr\u00ea Investindo com Causa<\/title>\n<meta name=\"robots\" content=\"noindex, follow\" \/>\n<meta property=\"og:locale\" content=\"pt_BR\" \/>\n<meta property=\"og:type\" content=\"article\" \/>\n<meta property=\"og:title\" content=\"Cap\u00edtulo 12: Moradigna - Reformando casas, reconstruindo hist\u00f3rias - Tr\u00ea Investindo com Causa\" \/>\n<meta property=\"og:description\" content=\"Por Beatriz Gir\u00e3o | Tr\u00ea Investindo com Causa Moradias sem lar&nbsp; Matheus Cardoso cresceu no Jardim Pantanal, uma comunidade no extremo leste de S\u00e3o Paulo, com um inc\u00f4modo: as reformas...\" \/>\n<meta property=\"og:url\" content=\"https:\/\/treinvestimentos.com.br\/antigo\/nossas-historias\/capitulo-12-moradigna-reformando-casas-reconstruindo-historias\/\" \/>\n<meta property=\"og:site_name\" content=\"Tr\u00ea Investindo com Causa\" \/>\n<meta property=\"article:published_time\" content=\"2025-04-24T13:25:44+00:00\" \/>\n<meta property=\"article:modified_time\" content=\"2025-04-25T15:57:38+00:00\" \/>\n<meta property=\"og:image\" content=\"https:\/\/treinvestimentos.com.br\/antigo\/wp-content\/uploads\/2025\/04\/SA296_BASTIDORES4.webp\" \/>\n\t<meta property=\"og:image:width\" content=\"1024\" \/>\n\t<meta property=\"og:image:height\" content=\"664\" \/>\n\t<meta property=\"og:image:type\" content=\"image\/webp\" \/>\n<meta name=\"author\" content=\"Milena Moraes\" \/>\n<meta name=\"twitter:card\" content=\"summary_large_image\" \/>\n<meta name=\"twitter:label1\" content=\"Escrito por\" \/>\n\t<meta name=\"twitter:data1\" content=\"Milena Moraes\" \/>\n\t<meta name=\"twitter:label2\" content=\"Est. tempo de leitura\" \/>\n\t<meta name=\"twitter:data2\" content=\"8 minutos\" \/>\n<script type=\"application\/ld+json\" class=\"yoast-schema-graph\">{\"@context\":\"https:\\\/\\\/schema.org\",\"@graph\":[{\"@type\":\"Article\",\"@id\":\"https:\\\/\\\/treinvestimentos.com.br\\\/antigo\\\/nossas-historias\\\/capitulo-12-moradigna-reformando-casas-reconstruindo-historias\\\/#article\",\"isPartOf\":{\"@id\":\"https:\\\/\\\/treinvestimentos.com.br\\\/antigo\\\/nossas-historias\\\/capitulo-12-moradigna-reformando-casas-reconstruindo-historias\\\/\"},\"author\":{\"name\":\"Milena Moraes\",\"@id\":\"https:\\\/\\\/treinvestimentos.com.br\\\/antigo\\\/#\\\/schema\\\/person\\\/b0a4e82ce3ce39a58a59f15134916cb6\"},\"headline\":\"Cap\u00edtulo 12: Moradigna &#8211; Reformando casas, reconstruindo hist\u00f3rias\",\"datePublished\":\"2025-04-24T13:25:44+00:00\",\"dateModified\":\"2025-04-25T15:57:38+00:00\",\"mainEntityOfPage\":{\"@id\":\"https:\\\/\\\/treinvestimentos.com.br\\\/antigo\\\/nossas-historias\\\/capitulo-12-moradigna-reformando-casas-reconstruindo-historias\\\/\"},\"wordCount\":1591,\"commentCount\":0,\"publisher\":{\"@id\":\"https:\\\/\\\/treinvestimentos.com.br\\\/antigo\\\/#organization\"},\"image\":{\"@id\":\"https:\\\/\\\/treinvestimentos.com.br\\\/antigo\\\/nossas-historias\\\/capitulo-12-moradigna-reformando-casas-reconstruindo-historias\\\/#primaryimage\"},\"thumbnailUrl\":\"https:\\\/\\\/treinvestimentos.com.br\\\/antigo\\\/wp-content\\\/uploads\\\/2025\\\/04\\\/SA296_BASTIDORES4.webp\",\"keywords\":[\"Nossas Hist\u00f3rias\"],\"articleSection\":[\"Nossas Hist\u00f3rias\"],\"inLanguage\":\"pt-BR\",\"potentialAction\":[{\"@type\":\"CommentAction\",\"name\":\"Comment\",\"target\":[\"https:\\\/\\\/treinvestimentos.com.br\\\/antigo\\\/nossas-historias\\\/capitulo-12-moradigna-reformando-casas-reconstruindo-historias\\\/#respond\"]}]},{\"@type\":\"WebPage\",\"@id\":\"https:\\\/\\\/treinvestimentos.com.br\\\/antigo\\\/nossas-historias\\\/capitulo-12-moradigna-reformando-casas-reconstruindo-historias\\\/\",\"url\":\"https:\\\/\\\/treinvestimentos.com.br\\\/antigo\\\/nossas-historias\\\/capitulo-12-moradigna-reformando-casas-reconstruindo-historias\\\/\",\"name\":\"Cap\u00edtulo 12: Moradigna - Reformando casas, reconstruindo hist\u00f3rias - Tr\u00ea Investindo com Causa\",\"isPartOf\":{\"@id\":\"https:\\\/\\\/treinvestimentos.com.br\\\/antigo\\\/#website\"},\"primaryImageOfPage\":{\"@id\":\"https:\\\/\\\/treinvestimentos.com.br\\\/antigo\\\/nossas-historias\\\/capitulo-12-moradigna-reformando-casas-reconstruindo-historias\\\/#primaryimage\"},\"image\":{\"@id\":\"https:\\\/\\\/treinvestimentos.com.br\\\/antigo\\\/nossas-historias\\\/capitulo-12-moradigna-reformando-casas-reconstruindo-historias\\\/#primaryimage\"},\"thumbnailUrl\":\"https:\\\/\\\/treinvestimentos.com.br\\\/antigo\\\/wp-content\\\/uploads\\\/2025\\\/04\\\/SA296_BASTIDORES4.webp\",\"datePublished\":\"2025-04-24T13:25:44+00:00\",\"dateModified\":\"2025-04-25T15:57:38+00:00\",\"breadcrumb\":{\"@id\":\"https:\\\/\\\/treinvestimentos.com.br\\\/antigo\\\/nossas-historias\\\/capitulo-12-moradigna-reformando-casas-reconstruindo-historias\\\/#breadcrumb\"},\"inLanguage\":\"pt-BR\",\"potentialAction\":[{\"@type\":\"ReadAction\",\"target\":[\"https:\\\/\\\/treinvestimentos.com.br\\\/antigo\\\/nossas-historias\\\/capitulo-12-moradigna-reformando-casas-reconstruindo-historias\\\/\"]}]},{\"@type\":\"ImageObject\",\"inLanguage\":\"pt-BR\",\"@id\":\"https:\\\/\\\/treinvestimentos.com.br\\\/antigo\\\/nossas-historias\\\/capitulo-12-moradigna-reformando-casas-reconstruindo-historias\\\/#primaryimage\",\"url\":\"https:\\\/\\\/treinvestimentos.com.br\\\/antigo\\\/wp-content\\\/uploads\\\/2025\\\/04\\\/SA296_BASTIDORES4.webp\",\"contentUrl\":\"https:\\\/\\\/treinvestimentos.com.br\\\/antigo\\\/wp-content\\\/uploads\\\/2025\\\/04\\\/SA296_BASTIDORES4.webp\",\"width\":1024,\"height\":664},{\"@type\":\"BreadcrumbList\",\"@id\":\"https:\\\/\\\/treinvestimentos.com.br\\\/antigo\\\/nossas-historias\\\/capitulo-12-moradigna-reformando-casas-reconstruindo-historias\\\/#breadcrumb\",\"itemListElement\":[{\"@type\":\"ListItem\",\"position\":1,\"name\":\"In\u00edcio\",\"item\":\"https:\\\/\\\/treinvestimentos.com.br\\\/antigo\\\/\"},{\"@type\":\"ListItem\",\"position\":2,\"name\":\"Cap\u00edtulo 12: Moradigna &#8211; Reformando casas, reconstruindo hist\u00f3rias\"}]},{\"@type\":\"WebSite\",\"@id\":\"https:\\\/\\\/treinvestimentos.com.br\\\/antigo\\\/#website\",\"url\":\"https:\\\/\\\/treinvestimentos.com.br\\\/antigo\\\/\",\"name\":\"Tr\u00ea Investindo com Causa\",\"description\":\"Queremos popularizar o investimento em causas, promovendo uma amplia\u00e7\u00e3o da consci\u00eancia no uso do dinheiro e na co-constru\u00e7\u00e3o de uma nova economia.\",\"publisher\":{\"@id\":\"https:\\\/\\\/treinvestimentos.com.br\\\/antigo\\\/#organization\"},\"potentialAction\":[{\"@type\":\"SearchAction\",\"target\":{\"@type\":\"EntryPoint\",\"urlTemplate\":\"https:\\\/\\\/treinvestimentos.com.br\\\/antigo\\\/?s={search_term_string}\"},\"query-input\":{\"@type\":\"PropertyValueSpecification\",\"valueRequired\":true,\"valueName\":\"search_term_string\"}}],\"inLanguage\":\"pt-BR\"},{\"@type\":\"Organization\",\"@id\":\"https:\\\/\\\/treinvestimentos.com.br\\\/antigo\\\/#organization\",\"name\":\"Tr\u00ea Investindo com Causa\",\"url\":\"https:\\\/\\\/treinvestimentos.com.br\\\/antigo\\\/\",\"logo\":{\"@type\":\"ImageObject\",\"inLanguage\":\"pt-BR\",\"@id\":\"https:\\\/\\\/treinvestimentos.com.br\\\/antigo\\\/#\\\/schema\\\/logo\\\/image\\\/\",\"url\":\"https:\\\/\\\/treinvestimentos.com.br\\\/wp-content\\\/uploads\\\/2021\\\/08\\\/Logo-completo-Tre-azul.png\",\"contentUrl\":\"https:\\\/\\\/treinvestimentos.com.br\\\/wp-content\\\/uploads\\\/2021\\\/08\\\/Logo-completo-Tre-azul.png\",\"width\":1175,\"height\":311,\"caption\":\"Tr\u00ea Investindo com Causa\"},\"image\":{\"@id\":\"https:\\\/\\\/treinvestimentos.com.br\\\/antigo\\\/#\\\/schema\\\/logo\\\/image\\\/\"},\"sameAs\":[\"https:\\\/\\\/www.linkedin.com\\\/company\\\/treinvestindocomcausa\\\/?originalSubdomain=br\"]},{\"@type\":\"Person\",\"@id\":\"https:\\\/\\\/treinvestimentos.com.br\\\/antigo\\\/#\\\/schema\\\/person\\\/b0a4e82ce3ce39a58a59f15134916cb6\",\"name\":\"Milena Moraes\",\"image\":{\"@type\":\"ImageObject\",\"inLanguage\":\"pt-BR\",\"@id\":\"https:\\\/\\\/secure.gravatar.com\\\/avatar\\\/008a27b68dac139c6cbd0aa2724595e49bf0b65e965ae081528e0d76fe6d0d0b?s=96&d=mm&r=g\",\"url\":\"https:\\\/\\\/secure.gravatar.com\\\/avatar\\\/008a27b68dac139c6cbd0aa2724595e49bf0b65e965ae081528e0d76fe6d0d0b?s=96&d=mm&r=g\",\"contentUrl\":\"https:\\\/\\\/secure.gravatar.com\\\/avatar\\\/008a27b68dac139c6cbd0aa2724595e49bf0b65e965ae081528e0d76fe6d0d0b?s=96&d=mm&r=g\",\"caption\":\"Milena Moraes\"}}]}<\/script>\n<!-- \/ Yoast SEO plugin. -->","yoast_head_json":{"title":"Cap\u00edtulo 12: Moradigna - Reformando casas, reconstruindo hist\u00f3rias - Tr\u00ea Investindo com Causa","robots":{"index":"noindex","follow":"follow"},"og_locale":"pt_BR","og_type":"article","og_title":"Cap\u00edtulo 12: Moradigna - Reformando casas, reconstruindo hist\u00f3rias - Tr\u00ea Investindo com Causa","og_description":"Por Beatriz Gir\u00e3o | Tr\u00ea Investindo com Causa Moradias sem lar&nbsp; Matheus Cardoso cresceu no Jardim Pantanal, uma comunidade no extremo leste de S\u00e3o Paulo, com um inc\u00f4modo: as reformas...","og_url":"https:\/\/treinvestimentos.com.br\/antigo\/nossas-historias\/capitulo-12-moradigna-reformando-casas-reconstruindo-historias\/","og_site_name":"Tr\u00ea Investindo com Causa","article_published_time":"2025-04-24T13:25:44+00:00","article_modified_time":"2025-04-25T15:57:38+00:00","og_image":[{"width":1024,"height":664,"url":"https:\/\/treinvestimentos.com.br\/antigo\/wp-content\/uploads\/2025\/04\/SA296_BASTIDORES4.webp","type":"image\/webp"}],"author":"Milena Moraes","twitter_card":"summary_large_image","twitter_misc":{"Escrito por":"Milena Moraes","Est. tempo de leitura":"8 minutos"},"schema":{"@context":"https:\/\/schema.org","@graph":[{"@type":"Article","@id":"https:\/\/treinvestimentos.com.br\/antigo\/nossas-historias\/capitulo-12-moradigna-reformando-casas-reconstruindo-historias\/#article","isPartOf":{"@id":"https:\/\/treinvestimentos.com.br\/antigo\/nossas-historias\/capitulo-12-moradigna-reformando-casas-reconstruindo-historias\/"},"author":{"name":"Milena Moraes","@id":"https:\/\/treinvestimentos.com.br\/antigo\/#\/schema\/person\/b0a4e82ce3ce39a58a59f15134916cb6"},"headline":"Cap\u00edtulo 12: Moradigna &#8211; Reformando casas, reconstruindo hist\u00f3rias","datePublished":"2025-04-24T13:25:44+00:00","dateModified":"2025-04-25T15:57:38+00:00","mainEntityOfPage":{"@id":"https:\/\/treinvestimentos.com.br\/antigo\/nossas-historias\/capitulo-12-moradigna-reformando-casas-reconstruindo-historias\/"},"wordCount":1591,"commentCount":0,"publisher":{"@id":"https:\/\/treinvestimentos.com.br\/antigo\/#organization"},"image":{"@id":"https:\/\/treinvestimentos.com.br\/antigo\/nossas-historias\/capitulo-12-moradigna-reformando-casas-reconstruindo-historias\/#primaryimage"},"thumbnailUrl":"https:\/\/treinvestimentos.com.br\/antigo\/wp-content\/uploads\/2025\/04\/SA296_BASTIDORES4.webp","keywords":["Nossas Hist\u00f3rias"],"articleSection":["Nossas Hist\u00f3rias"],"inLanguage":"pt-BR","potentialAction":[{"@type":"CommentAction","name":"Comment","target":["https:\/\/treinvestimentos.com.br\/antigo\/nossas-historias\/capitulo-12-moradigna-reformando-casas-reconstruindo-historias\/#respond"]}]},{"@type":"WebPage","@id":"https:\/\/treinvestimentos.com.br\/antigo\/nossas-historias\/capitulo-12-moradigna-reformando-casas-reconstruindo-historias\/","url":"https:\/\/treinvestimentos.com.br\/antigo\/nossas-historias\/capitulo-12-moradigna-reformando-casas-reconstruindo-historias\/","name":"Cap\u00edtulo 12: Moradigna - Reformando casas, reconstruindo hist\u00f3rias - Tr\u00ea Investindo com Causa","isPartOf":{"@id":"https:\/\/treinvestimentos.com.br\/antigo\/#website"},"primaryImageOfPage":{"@id":"https:\/\/treinvestimentos.com.br\/antigo\/nossas-historias\/capitulo-12-moradigna-reformando-casas-reconstruindo-historias\/#primaryimage"},"image":{"@id":"https:\/\/treinvestimentos.com.br\/antigo\/nossas-historias\/capitulo-12-moradigna-reformando-casas-reconstruindo-historias\/#primaryimage"},"thumbnailUrl":"https:\/\/treinvestimentos.com.br\/antigo\/wp-content\/uploads\/2025\/04\/SA296_BASTIDORES4.webp","datePublished":"2025-04-24T13:25:44+00:00","dateModified":"2025-04-25T15:57:38+00:00","breadcrumb":{"@id":"https:\/\/treinvestimentos.com.br\/antigo\/nossas-historias\/capitulo-12-moradigna-reformando-casas-reconstruindo-historias\/#breadcrumb"},"inLanguage":"pt-BR","potentialAction":[{"@type":"ReadAction","target":["https:\/\/treinvestimentos.com.br\/antigo\/nossas-historias\/capitulo-12-moradigna-reformando-casas-reconstruindo-historias\/"]}]},{"@type":"ImageObject","inLanguage":"pt-BR","@id":"https:\/\/treinvestimentos.com.br\/antigo\/nossas-historias\/capitulo-12-moradigna-reformando-casas-reconstruindo-historias\/#primaryimage","url":"https:\/\/treinvestimentos.com.br\/antigo\/wp-content\/uploads\/2025\/04\/SA296_BASTIDORES4.webp","contentUrl":"https:\/\/treinvestimentos.com.br\/antigo\/wp-content\/uploads\/2025\/04\/SA296_BASTIDORES4.webp","width":1024,"height":664},{"@type":"BreadcrumbList","@id":"https:\/\/treinvestimentos.com.br\/antigo\/nossas-historias\/capitulo-12-moradigna-reformando-casas-reconstruindo-historias\/#breadcrumb","itemListElement":[{"@type":"ListItem","position":1,"name":"In\u00edcio","item":"https:\/\/treinvestimentos.com.br\/antigo\/"},{"@type":"ListItem","position":2,"name":"Cap\u00edtulo 12: Moradigna &#8211; Reformando casas, reconstruindo hist\u00f3rias"}]},{"@type":"WebSite","@id":"https:\/\/treinvestimentos.com.br\/antigo\/#website","url":"https:\/\/treinvestimentos.com.br\/antigo\/","name":"Tr\u00ea Investindo com Causa","description":"Queremos popularizar o investimento em causas, promovendo uma amplia\u00e7\u00e3o da consci\u00eancia no uso do dinheiro e na co-constru\u00e7\u00e3o de uma nova economia.","publisher":{"@id":"https:\/\/treinvestimentos.com.br\/antigo\/#organization"},"potentialAction":[{"@type":"SearchAction","target":{"@type":"EntryPoint","urlTemplate":"https:\/\/treinvestimentos.com.br\/antigo\/?s={search_term_string}"},"query-input":{"@type":"PropertyValueSpecification","valueRequired":true,"valueName":"search_term_string"}}],"inLanguage":"pt-BR"},{"@type":"Organization","@id":"https:\/\/treinvestimentos.com.br\/antigo\/#organization","name":"Tr\u00ea Investindo com Causa","url":"https:\/\/treinvestimentos.com.br\/antigo\/","logo":{"@type":"ImageObject","inLanguage":"pt-BR","@id":"https:\/\/treinvestimentos.com.br\/antigo\/#\/schema\/logo\/image\/","url":"https:\/\/treinvestimentos.com.br\/wp-content\/uploads\/2021\/08\/Logo-completo-Tre-azul.png","contentUrl":"https:\/\/treinvestimentos.com.br\/wp-content\/uploads\/2021\/08\/Logo-completo-Tre-azul.png","width":1175,"height":311,"caption":"Tr\u00ea Investindo com Causa"},"image":{"@id":"https:\/\/treinvestimentos.com.br\/antigo\/#\/schema\/logo\/image\/"},"sameAs":["https:\/\/www.linkedin.com\/company\/treinvestindocomcausa\/?originalSubdomain=br"]},{"@type":"Person","@id":"https:\/\/treinvestimentos.com.br\/antigo\/#\/schema\/person\/b0a4e82ce3ce39a58a59f15134916cb6","name":"Milena Moraes","image":{"@type":"ImageObject","inLanguage":"pt-BR","@id":"https:\/\/secure.gravatar.com\/avatar\/008a27b68dac139c6cbd0aa2724595e49bf0b65e965ae081528e0d76fe6d0d0b?s=96&d=mm&r=g","url":"https:\/\/secure.gravatar.com\/avatar\/008a27b68dac139c6cbd0aa2724595e49bf0b65e965ae081528e0d76fe6d0d0b?s=96&d=mm&r=g","contentUrl":"https:\/\/secure.gravatar.com\/avatar\/008a27b68dac139c6cbd0aa2724595e49bf0b65e965ae081528e0d76fe6d0d0b?s=96&d=mm&r=g","caption":"Milena Moraes"}}]}},"_links":{"self":[{"href":"https:\/\/treinvestimentos.com.br\/antigo\/wp-json\/wp\/v2\/posts\/6977","targetHints":{"allow":["GET"]}}],"collection":[{"href":"https:\/\/treinvestimentos.com.br\/antigo\/wp-json\/wp\/v2\/posts"}],"about":[{"href":"https:\/\/treinvestimentos.com.br\/antigo\/wp-json\/wp\/v2\/types\/post"}],"author":[{"embeddable":true,"href":"https:\/\/treinvestimentos.com.br\/antigo\/wp-json\/wp\/v2\/users\/152"}],"replies":[{"embeddable":true,"href":"https:\/\/treinvestimentos.com.br\/antigo\/wp-json\/wp\/v2\/comments?post=6977"}],"version-history":[{"count":40,"href":"https:\/\/treinvestimentos.com.br\/antigo\/wp-json\/wp\/v2\/posts\/6977\/revisions"}],"predecessor-version":[{"id":7053,"href":"https:\/\/treinvestimentos.com.br\/antigo\/wp-json\/wp\/v2\/posts\/6977\/revisions\/7053"}],"wp:featuredmedia":[{"embeddable":true,"href":"https:\/\/treinvestimentos.com.br\/antigo\/wp-json\/wp\/v2\/media\/6983"}],"wp:attachment":[{"href":"https:\/\/treinvestimentos.com.br\/antigo\/wp-json\/wp\/v2\/media?parent=6977"}],"wp:term":[{"taxonomy":"category","embeddable":true,"href":"https:\/\/treinvestimentos.com.br\/antigo\/wp-json\/wp\/v2\/categories?post=6977"},{"taxonomy":"post_tag","embeddable":true,"href":"https:\/\/treinvestimentos.com.br\/antigo\/wp-json\/wp\/v2\/tags?post=6977"}],"curies":[{"name":"wp","href":"https:\/\/api.w.org\/{rel}","templated":true}]}}