{"id":6931,"date":"2025-04-09T19:13:03","date_gmt":"2025-04-09T22:13:03","guid":{"rendered":"https:\/\/treinvestimentos.com.br\/?p=6931"},"modified":"2025-04-14T09:32:12","modified_gmt":"2025-04-14T12:32:12","slug":"jornada-de-pesquisa-5-damanhur-sobre-como-fazer-limpeza-e-organizar-o-iogurte-na-geladeira-ou-nao","status":"publish","type":"post","link":"https:\/\/treinvestimentos.com.br\/antigo\/jornadas\/jornada-de-pesquisa-5-damanhur-sobre-como-fazer-limpeza-e-organizar-o-iogurte-na-geladeira-ou-nao\/","title":{"rendered":"Jornada de Pesquisa #5 &#8211; Damanhur: Sobre como fazer limpeza e organizar o iogurte na geladeira, ou n\u00e3o"},"content":{"rendered":"\n<p><em>Por Sergio Resende | Tr\u00ea Investindo com Causa<\/em><\/p>\n\n\n\n<p class=\"has-text-align-left\">Isabela, minha filha mais nova, na conclus\u00e3o do ensino m\u00e9dio na escola Waldorf, em 2007, pesquisou e escreveu sobre ecovilas. Foi a\u00ed que fiquei sabendo de Damanhur a segunda maior do mundo, com mais de 1.000 cidad\u00e3os. Em 2010, durante&nbsp; meu sab\u00e1tico, fiz uma r\u00e1pida visita de dois dias, tempo insuficiente para compreender a iniciativa em profundidade, mas suficiente para deixar duas inspira\u00e7\u00f5es muito pr\u00e1ticas para minha vida: a ideia do <strong>\u201csonho imposs\u00edvel\u201d<\/strong> e do <strong>\u201cre-contrato de casamento\u201d<\/strong>.&nbsp; Volto nelas daqui a pouco.&nbsp;<\/p>\n\n\n\n<p>Damanhur \u00e9 uma \u201cpe\u00e7a\u201d diferente das demais nesta minha viagem, mas desde o princ\u00edpio do meu planejamento estava sendo considerada. Pensei que seria interessante voltar e aprofundar meu entendimento sobre o que mantinha esta comunidade viva e integrada por 50 anos &#8211; apesar das persegui\u00e7\u00f5es que sofreu pelos cidad\u00e3os italianos &#8211; enquanto a maioria das comunidades criadas na d\u00e9cada de 70 e 80 definharam.<\/p>\n\n\n\n<p>Ao inv\u00e9s de uma poss\u00edvel visita guiada, resolvi me inscrever no \u201cSpring Equinox Campus\u201d, uma experi\u00eancia imersiva de 10 dias, que me permitiria n\u00e3o s\u00f3 conhecer os templos subterr\u00e2neos e as espirais na floresta, mas tamb\u00e9m observar o dia a dia dos moradores dos n\u00facleos &#8211; nos quais convivem 10 a 15 pessoas &#8211; e conversar com elas sobre como os fundamentos s\u00e3o vividos na pr\u00e1tica.&nbsp;<\/p>\n\n\n\n<p>Mir\u00f3, um jovem por volta dos 22 anos, nascido em Damanhur e muito simp\u00e1tico, foi me buscar na esta\u00e7\u00e3o de trem de Ivrea, no norte da It\u00e1lia, com um Suzuki velho, amassado e com um vidro traseiro quebrado. Eita!&nbsp;<\/p>\n\n\n\n<p class=\"has-text-align-left\">Dali fomos buscar um carro alugado que eu iria dirigir para nos movimentar durante as visitas. Chegamos ao estacionamento, no meio de brilhantes \u201cm\u00e1quinas\u201d italianas, l\u00e1 estava o meu pequeno \u201corange car\u201d. Eita!<\/p>\n\n\n\n<figure class=\"wp-block-image size-large\"><img loading=\"lazy\" decoding=\"async\" width=\"1024\" height=\"577\" src=\"https:\/\/treinvestimentos.com.br\/wp-content\/uploads\/2025\/04\/20250316_103917-1024x577.jpg\" alt=\"\" class=\"wp-image-6932\" srcset=\"https:\/\/treinvestimentos.com.br\/antigo\/wp-content\/uploads\/2025\/04\/20250316_103917-1024x577.jpg 1024w, https:\/\/treinvestimentos.com.br\/antigo\/wp-content\/uploads\/2025\/04\/20250316_103917-350x197.jpg 350w, https:\/\/treinvestimentos.com.br\/antigo\/wp-content\/uploads\/2025\/04\/20250316_103917-768x432.jpg 768w, https:\/\/treinvestimentos.com.br\/antigo\/wp-content\/uploads\/2025\/04\/20250316_103917-1536x865.jpg 1536w, https:\/\/treinvestimentos.com.br\/antigo\/wp-content\/uploads\/2025\/04\/20250316_103917-2048x1153.jpg 2048w, https:\/\/treinvestimentos.com.br\/antigo\/wp-content\/uploads\/2025\/04\/20250316_103917-600x338.jpg 600w\" sizes=\"auto, (max-width: 1024px) 100vw, 1024px\" \/><\/figure>\n\n\n\n<p>Meu \u201c<em>campus group<\/em>\u201d era composto por&nbsp; oito&nbsp; mulheres de Israel, uma&nbsp; americana, uma francesa, uma mexicana e um esloveno. Todos interessados em como comunidades podem ser constru\u00eddas e sustentadas.<strong>&nbsp;<\/strong><\/p>\n\n\n\n<figure class=\"wp-block-gallery has-nested-images columns-default is-cropped wp-block-gallery-1 is-layout-flex wp-block-gallery-is-layout-flex\">\n<figure class=\"wp-block-image size-large\"><img loading=\"lazy\" decoding=\"async\" width=\"1220\" height=\"815\" data-id=\"6955\" src=\"https:\/\/treinvestimentos.com.br\/wp-content\/uploads\/2025\/04\/AD_4nXesUORAbasuG-2r6cWCsh_q7C1aB2kqgo25JGEYzPqvtxEwxfzKhYYOMFxtAhfXeKckaR9e39TFzPtcC5rfKNYEfsuWt0Rq9gnKvfErGepyOwjSghMqp_iItpMfN8K5OH3OkDS7-1.png\" alt=\"\" class=\"wp-image-6955\" srcset=\"https:\/\/treinvestimentos.com.br\/antigo\/wp-content\/uploads\/2025\/04\/AD_4nXesUORAbasuG-2r6cWCsh_q7C1aB2kqgo25JGEYzPqvtxEwxfzKhYYOMFxtAhfXeKckaR9e39TFzPtcC5rfKNYEfsuWt0Rq9gnKvfErGepyOwjSghMqp_iItpMfN8K5OH3OkDS7-1.png 1220w, https:\/\/treinvestimentos.com.br\/antigo\/wp-content\/uploads\/2025\/04\/AD_4nXesUORAbasuG-2r6cWCsh_q7C1aB2kqgo25JGEYzPqvtxEwxfzKhYYOMFxtAhfXeKckaR9e39TFzPtcC5rfKNYEfsuWt0Rq9gnKvfErGepyOwjSghMqp_iItpMfN8K5OH3OkDS7-1-350x234.png 350w, https:\/\/treinvestimentos.com.br\/antigo\/wp-content\/uploads\/2025\/04\/AD_4nXesUORAbasuG-2r6cWCsh_q7C1aB2kqgo25JGEYzPqvtxEwxfzKhYYOMFxtAhfXeKckaR9e39TFzPtcC5rfKNYEfsuWt0Rq9gnKvfErGepyOwjSghMqp_iItpMfN8K5OH3OkDS7-1-1024x684.png 1024w, https:\/\/treinvestimentos.com.br\/antigo\/wp-content\/uploads\/2025\/04\/AD_4nXesUORAbasuG-2r6cWCsh_q7C1aB2kqgo25JGEYzPqvtxEwxfzKhYYOMFxtAhfXeKckaR9e39TFzPtcC5rfKNYEfsuWt0Rq9gnKvfErGepyOwjSghMqp_iItpMfN8K5OH3OkDS7-1-768x513.png 768w, https:\/\/treinvestimentos.com.br\/antigo\/wp-content\/uploads\/2025\/04\/AD_4nXesUORAbasuG-2r6cWCsh_q7C1aB2kqgo25JGEYzPqvtxEwxfzKhYYOMFxtAhfXeKckaR9e39TFzPtcC5rfKNYEfsuWt0Rq9gnKvfErGepyOwjSghMqp_iItpMfN8K5OH3OkDS7-1-900x600.png 900w, https:\/\/treinvestimentos.com.br\/antigo\/wp-content\/uploads\/2025\/04\/AD_4nXesUORAbasuG-2r6cWCsh_q7C1aB2kqgo25JGEYzPqvtxEwxfzKhYYOMFxtAhfXeKckaR9e39TFzPtcC5rfKNYEfsuWt0Rq9gnKvfErGepyOwjSghMqp_iItpMfN8K5OH3OkDS7-1-600x401.png 600w\" sizes=\"auto, (max-width: 1220px) 100vw, 1220px\" \/><\/figure>\n<\/figure>\n\n\n\n<p>Formica, a coordenadora do Campus me recebeu com um abra\u00e7o e enorme sorriso no rosto. Indicou a cabana de madeira na qual eu ficaria instalado e o caminho para o banheiro, no qual se podia avistar os Alpes parcialmente coberto de neve. Perguntei: <em>mas e \u00e0 noite Formica? <\/em>A qual ela respondeu<em>: n\u00e3o se preocupe, Sergio! <\/em>Eita!<\/p>\n\n\n\n<figure class=\"wp-block-gallery has-nested-images columns-default is-cropped wp-block-gallery-2 is-layout-flex wp-block-gallery-is-layout-flex\">\n<figure class=\"wp-block-image size-large\"><img loading=\"lazy\" decoding=\"async\" width=\"1024\" height=\"577\" data-id=\"6933\" src=\"https:\/\/treinvestimentos.com.br\/wp-content\/uploads\/2025\/04\/20250321_175850-1024x577.jpg\" alt=\"\" class=\"wp-image-6933\" srcset=\"https:\/\/treinvestimentos.com.br\/antigo\/wp-content\/uploads\/2025\/04\/20250321_175850-1024x577.jpg 1024w, https:\/\/treinvestimentos.com.br\/antigo\/wp-content\/uploads\/2025\/04\/20250321_175850-350x197.jpg 350w, https:\/\/treinvestimentos.com.br\/antigo\/wp-content\/uploads\/2025\/04\/20250321_175850-768x432.jpg 768w, https:\/\/treinvestimentos.com.br\/antigo\/wp-content\/uploads\/2025\/04\/20250321_175850-1536x865.jpg 1536w\" sizes=\"auto, (max-width: 1024px) 100vw, 1024px\" \/><\/figure>\n\n\n\n<figure class=\"wp-block-image size-large\"><img loading=\"lazy\" decoding=\"async\" width=\"1200\" height=\"1600\" data-id=\"6956\" src=\"https:\/\/treinvestimentos.com.br\/wp-content\/uploads\/2025\/04\/AD_4nXcXAiQPNSpCHK6r1BNNoLZbV0f-9eTjDk-N6Pk9b9G5NyehbH9rQ9TdZ4wLQ-dDfrdCu7Z5EVKNa3ShjTe57og1hHIVGGw5yoZucYGw9c7RNULa3oRRFSU5GofMbShcVzW6r4Yrkg-1.png\" alt=\"\" class=\"wp-image-6956\" srcset=\"https:\/\/treinvestimentos.com.br\/antigo\/wp-content\/uploads\/2025\/04\/AD_4nXcXAiQPNSpCHK6r1BNNoLZbV0f-9eTjDk-N6Pk9b9G5NyehbH9rQ9TdZ4wLQ-dDfrdCu7Z5EVKNa3ShjTe57og1hHIVGGw5yoZucYGw9c7RNULa3oRRFSU5GofMbShcVzW6r4Yrkg-1.png 1200w, https:\/\/treinvestimentos.com.br\/antigo\/wp-content\/uploads\/2025\/04\/AD_4nXcXAiQPNSpCHK6r1BNNoLZbV0f-9eTjDk-N6Pk9b9G5NyehbH9rQ9TdZ4wLQ-dDfrdCu7Z5EVKNa3ShjTe57og1hHIVGGw5yoZucYGw9c7RNULa3oRRFSU5GofMbShcVzW6r4Yrkg-1-263x350.png 263w, https:\/\/treinvestimentos.com.br\/antigo\/wp-content\/uploads\/2025\/04\/AD_4nXcXAiQPNSpCHK6r1BNNoLZbV0f-9eTjDk-N6Pk9b9G5NyehbH9rQ9TdZ4wLQ-dDfrdCu7Z5EVKNa3ShjTe57og1hHIVGGw5yoZucYGw9c7RNULa3oRRFSU5GofMbShcVzW6r4Yrkg-1-768x1024.png 768w, https:\/\/treinvestimentos.com.br\/antigo\/wp-content\/uploads\/2025\/04\/AD_4nXcXAiQPNSpCHK6r1BNNoLZbV0f-9eTjDk-N6Pk9b9G5NyehbH9rQ9TdZ4wLQ-dDfrdCu7Z5EVKNa3ShjTe57og1hHIVGGw5yoZucYGw9c7RNULa3oRRFSU5GofMbShcVzW6r4Yrkg-1-1152x1536.png 1152w, https:\/\/treinvestimentos.com.br\/antigo\/wp-content\/uploads\/2025\/04\/AD_4nXcXAiQPNSpCHK6r1BNNoLZbV0f-9eTjDk-N6Pk9b9G5NyehbH9rQ9TdZ4wLQ-dDfrdCu7Z5EVKNa3ShjTe57og1hHIVGGw5yoZucYGw9c7RNULa3oRRFSU5GofMbShcVzW6r4Yrkg-1-600x800.png 600w\" sizes=\"auto, (max-width: 1200px) 100vw, 1200px\" \/><\/figure>\n<\/figure>\n\n\n\n<p class=\"has-text-align-left\">Vamos focar na nossa pesquisa!<\/p>\n\n\n\n<p><strong>Damanhur \u00e9 uma federa\u00e7\u00e3o de comunidades<\/strong>, com sede em Piemonte, entre Turim e Aosta. Segundo Formica, o local \u00e9 um ponto de cruzamento de linhas sincr\u00f4nicas no planeta. Tem comunidades em outras regi\u00f5es do mundo como Jap\u00e3o, Austr\u00e1lia, Noruega, Austr\u00e1lia, Estados Unidos e Cro\u00e1cia. Mais de duas mil pessoas se mant\u00eam conectadas a este impulso.&nbsp;<\/p>\n\n\n\n<p>Criada sob a inspira\u00e7\u00e3o de Falco Tarassaco, <strong>com a vis\u00e3o de se formar uma comunidade de cura e de resgate de nossa humanidade a partir da pesquisa espiritual, da reconex\u00e3o com a natureza, com todos os seres vivos e com a divindade. <\/strong>Quatro pilares d\u00e3o forma ao cotidiano do cidad\u00e3o Damanhurense: vida espiritual, vida social, jogo da vida e transforma\u00e7\u00e3o pessoal.<\/p>\n\n\n\n<p>Com uma enorme abertura e delicadeza, a comunidade recebe todos os anos milhares de visitantes de todo o mundo com interesses em ci\u00eancias sociais, arte, espiritualidade e sustentabilidade ambiental. <strong>Em 2005 foi reconhecida como modelo de sustentabilidade pelo f\u00f3rum global de <\/strong><a href=\"https:\/\/unhabitat.org\/about-us\"><strong>assentamentos humanos das Na\u00e7\u00f5es Unidas<\/strong><\/a><strong>.<\/strong> Apesar disto, foram perseguidos por muitos anos, pois seus rituais e sua vis\u00e3o esot\u00e9rica n\u00e3o coincidia com o de outras bases espirituais amplamente difundidas na It\u00e1lia.&nbsp;<\/p>\n\n\n\n<p>Formica conta de uma ocasi\u00e3o na qual a pol\u00edcia federal chegou de helic\u00f3ptero, com a den\u00fancia de rituais com animais e uso de drogas. Fizeram revista geral nas instala\u00e7\u00f5es e nas pessoas, apreenderam documentos e computadores. Oito meses depois tudo foi devolvido sem nenhuma den\u00fancia confirmada. Diga-se de passagem, em <strong>Damanhur <\/strong>n\u00e3o \u00e9 permitido fumar e n\u00e3o se usam drogas de \u201cabertura\u201d, como por exemplo a Ayahuasca, que \u00e9 utilizada em outras pr\u00e1ticas. Para eles, o indiv\u00edduo deve fazer o caminho de amplia\u00e7\u00e3o da consci\u00eancia sem o uso de subst\u00e2ncias.&nbsp;<\/p>\n\n\n\n<p>Vamos entrar no <a href=\"https:\/\/thetemples.org\/\">templo<\/a>? <strong>Consegue imaginar um templo que avan\u00e7a para baixo e n\u00e3o para cima?<\/strong><\/p>\n\n\n\n<p class=\"has-text-align-left\">O templo de Damanhur \u00e9 um complexo subterr\u00e2neo, voc\u00ea caminha por um corredor que sai num sal\u00e3o. Dali para outro corredor, que d\u00e1 em outro sal\u00e3o, para baixo e depois para cima, passa por portas largas e lindamente ornamentadas, outras estreitas e disfar\u00e7adas (passagens secretas, adorei!). Da\u00ed sai em outro corredor e outro sal\u00e3o, at\u00e9 que, finalmente, voc\u00ea est\u00e1 completamente perdido e deslumbrado com a profus\u00e3o de imagens, cores, formas, linhas e signos.&nbsp;<\/p>\n\n\n\n<figure class=\"wp-block-image\"><img loading=\"lazy\" decoding=\"async\" width=\"1170\" height=\"490\" src=\"https:\/\/treinvestimentos.com.br\/wp-content\/uploads\/2025\/04\/AD_4nXfVWqDMgi7qZaJ5DAGvXLOEr8uP_Uxk-LdNopp28xvpcB40X24r26W_4f4dTkQqvUneb03JFzMo1kXPWnczw2n5facho47pHTM3nJSqvcub8CYLIWrrwCZzKyLSvM1lr5mSeDjUrQ.png\" alt=\"\" class=\"wp-image-6946\" srcset=\"https:\/\/treinvestimentos.com.br\/antigo\/wp-content\/uploads\/2025\/04\/AD_4nXfVWqDMgi7qZaJ5DAGvXLOEr8uP_Uxk-LdNopp28xvpcB40X24r26W_4f4dTkQqvUneb03JFzMo1kXPWnczw2n5facho47pHTM3nJSqvcub8CYLIWrrwCZzKyLSvM1lr5mSeDjUrQ.png 1170w, https:\/\/treinvestimentos.com.br\/antigo\/wp-content\/uploads\/2025\/04\/AD_4nXfVWqDMgi7qZaJ5DAGvXLOEr8uP_Uxk-LdNopp28xvpcB40X24r26W_4f4dTkQqvUneb03JFzMo1kXPWnczw2n5facho47pHTM3nJSqvcub8CYLIWrrwCZzKyLSvM1lr5mSeDjUrQ-350x147.png 350w, https:\/\/treinvestimentos.com.br\/antigo\/wp-content\/uploads\/2025\/04\/AD_4nXfVWqDMgi7qZaJ5DAGvXLOEr8uP_Uxk-LdNopp28xvpcB40X24r26W_4f4dTkQqvUneb03JFzMo1kXPWnczw2n5facho47pHTM3nJSqvcub8CYLIWrrwCZzKyLSvM1lr5mSeDjUrQ-1024x429.png 1024w, https:\/\/treinvestimentos.com.br\/antigo\/wp-content\/uploads\/2025\/04\/AD_4nXfVWqDMgi7qZaJ5DAGvXLOEr8uP_Uxk-LdNopp28xvpcB40X24r26W_4f4dTkQqvUneb03JFzMo1kXPWnczw2n5facho47pHTM3nJSqvcub8CYLIWrrwCZzKyLSvM1lr5mSeDjUrQ-768x322.png 768w, https:\/\/treinvestimentos.com.br\/antigo\/wp-content\/uploads\/2025\/04\/AD_4nXfVWqDMgi7qZaJ5DAGvXLOEr8uP_Uxk-LdNopp28xvpcB40X24r26W_4f4dTkQqvUneb03JFzMo1kXPWnczw2n5facho47pHTM3nJSqvcub8CYLIWrrwCZzKyLSvM1lr5mSeDjUrQ-600x251.png 600w\" sizes=\"auto, (max-width: 1170px) 100vw, 1170px\" \/><\/figure>\n\n\n\n<p class=\"has-text-align-left\">Vem sendo escavado, constru\u00eddo e ornamentado pelos pr\u00f3prios cidad\u00e3os. <strong>N\u00e3o est\u00e1 pronto e nunca estar\u00e1 <\/strong>&#8211; quando uma parte est\u00e1 sendo terminada, novas est\u00e3o sendo constru\u00eddas e outras est\u00e3o sendo revitalizadas. \u00c9 um exerc\u00edcio de autodesenvolvimento que inclui pesquisa e arte. Segundo Formica, a arte \u00e9 um meio de nos comunicar com qualquer pessoa no mundo. A constru\u00e7\u00e3o do templo <strong>\u00e9 tamb\u00e9m um \u201cjogo\u201d, uma brincadeira, e principalmente um sonho grande e imposs\u00edvel!<\/strong><\/p>\n\n\n\n<p>As pinturas e esculturas representam desde conhecimentos ancestrais at\u00e9 a vida cotidiana do Damanhurense. N\u00e3o s\u00e3o permitidas fotografias, ent\u00e3o, vou tentar descrever um dos sal\u00f5es, que me tocou bastante, da forma como registrei em minha mem\u00f3ria.&nbsp;<\/p>\n\n\n\n<p>Este sal\u00e3o \u00e9 dedicado a expressar a multiplicidade dos sistemas de cren\u00e7as. \u00c9 muito bonito e instigante. Imagine-se num corredor de uns 2,5 metros de largura por 2,2 metros de altura &#8211; o vag\u00e3o do trem no qual viajo, enquanto escrevo este texto, da It\u00e1lia em dire\u00e7\u00e3o \u00e0 Su\u00ed\u00e7a, pode servir de refer\u00eancia. Imagine cada \u201cjanela\u201d destacando um sistema de cren\u00e7a, as imagens e textos trazem uma s\u00edntese da filosofia e de suas pr\u00e1ticas. Voc\u00ea olha para a sua direita e v\u00ea uma representa\u00e7\u00e3o colorida e complexa, com imagens e frases do juda\u00edsmo num vitral. Olhando para a esquerda vai ver uma outra representa\u00e7\u00e3o, agora do hindu\u00edsmo. Avan\u00e7ando surgem os sistemas de cren\u00e7as crist\u00e3o, budista, isl\u00e2mico, tao\u00edsta, etc&#8230; Quando pensa que j\u00e1 viu todos os sistemas de cren\u00e7as, chega a outro corredor, transversalmente, igual ou maior que este, l\u00e1 estar\u00e3o representados o sistema Maya e Tolteca, e outros provenientes da \u00c1frica, que eu nunca tinha ouvido falar. No fim deste corredor, outro e outro\u2026 parece que n\u00e3o tem mais fim.&nbsp;&nbsp;<\/p>\n\n\n\n<p><strong>Um extenso trabalho de pesquisa. A sensa\u00e7\u00e3o \u00e9 um misto de estar tendo uma aula de ci\u00eancias sociais e ao mesmo tempo estar reverenciando algo sagrado. <\/strong>Conhecemos t\u00e3o pouco sobre outros saberes e frequentemente ficamos mergulhados na ideia de uma \u00fanica verdade sobre o mundo &#8211; nossa religi\u00e3o, nossa cultura, nossa ci\u00eancia. E quantas persegui\u00e7\u00f5es em nome delas, no passado e nos dias atuais! <strong>Este \u00e9 um ponto importante de Damanhur: ao inv\u00e9s de se perceber e se considerar como o \u00fanico caminho, ou o melhor, ou o mais evolu\u00eddo, demonstram um profundo respeito por outros conhecimentos e outras formas de viver.&nbsp;<\/strong><\/p>\n\n\n\n<p>Falco faleceu em 2013, deixando um enorme legado de conhecimento ancestral e esot\u00e9rico em escritos, livros e na<strong> \u201c<\/strong><a href=\"https:\/\/damanhur.academy\/\"><strong>Damanhur Academy<\/strong><\/a><strong>\u201d, com 5 cursos <\/strong>&#8211;&nbsp; Cura, Alquimia, Sonho, Mist\u00e9rios e Comunidade &#8211; que est\u00e3o dispon\u00edveis em v\u00e1rios formatos, inclusive on-line.&nbsp;<\/p>\n\n\n\n<p class=\"has-text-align-left\">Formica vive em Damanhur h\u00e1 42 anos e conta que as pessoas eram sempre desafiadas por ele, em termos pessoais, e a construir uma nova cultura. Imaginar novos futuros. Entelo, j\u00e1 falo dele, destaca que nossos sentidos externos trazem a realidade de fora para dentro, enquanto o \u201c<em>dream<\/em>\u201d trazem a realidade de dentro para fora.&nbsp;<\/p>\n\n\n\n<figure class=\"wp-block-image size-large\"><img loading=\"lazy\" decoding=\"async\" width=\"1024\" height=\"577\" src=\"https:\/\/treinvestimentos.com.br\/wp-content\/uploads\/2025\/04\/20250314_111648-1024x577.jpg\" alt=\"\" class=\"wp-image-6935\" srcset=\"https:\/\/treinvestimentos.com.br\/antigo\/wp-content\/uploads\/2025\/04\/20250314_111648-1024x577.jpg 1024w, https:\/\/treinvestimentos.com.br\/antigo\/wp-content\/uploads\/2025\/04\/20250314_111648-350x197.jpg 350w, https:\/\/treinvestimentos.com.br\/antigo\/wp-content\/uploads\/2025\/04\/20250314_111648-768x432.jpg 768w, https:\/\/treinvestimentos.com.br\/antigo\/wp-content\/uploads\/2025\/04\/20250314_111648-1536x865.jpg 1536w\" sizes=\"auto, (max-width: 1024px) 100vw, 1024px\" \/><\/figure>\n\n\n\n<p>Formica, nos explicou em outro momento que, entre os conhecimentos deixados por Falco, \u00e9 parte<strong> importante da pesquisa deles, est\u00e1 a Selfica, uma ci\u00eancia baseada em geometria e matem\u00e1tica<\/strong> &#8211; que perdemos na nossa hist\u00f3ria depois dos anos 1.100 e 1.200 D.C. Entendendo como as formas, por exemplo a espiral, transporta energia \u00e9 poss\u00edvel criar objetos e processos que interferem no corpo energ\u00e9tico de uma pessoa. Neste ponto, Formica explicou que para eles o ser humano \u00e9 constitu\u00eddo de tr\u00eas corpos: f\u00edsico, energ\u00e9tico e alma ou esp\u00edrito. Assim, <strong>\u00e9 poss\u00edvel curar doen\u00e7as que surgem da alma e aparecem no corpo f\u00edsico, atuando no corpo energ\u00e9tico com o conhecimento S\u00e9lfico<\/strong>. Por exemplo, por meio de instrumentos terap\u00eauticos, objetos de uso pessoal e caminhadas em espirais especialmente criadas com este prop\u00f3sito. Eu, claro, experimentei tanto a caminhada numa espiral quanto uma sess\u00e3o terap\u00eautica de reequil\u00edbrio energ\u00e9tico, afinal j\u00e1 me sentia \u201czonzinho\u201d fora de casa h\u00e1 um m\u00eas. Acabei n\u00e3o comprando um <a href=\"https:\/\/selfica.space\/\">bracelete S\u00e9lfico<\/a>, achei que n\u00e3o iria ornar com minha alian\u00e7a (rs), mas se voc\u00ea ficou interessado, pode comprar on-line.&nbsp;<\/p>\n\n\n\n<figure class=\"wp-block-image\"><img loading=\"lazy\" decoding=\"async\" width=\"800\" height=\"555\" src=\"https:\/\/treinvestimentos.com.br\/wp-content\/uploads\/2025\/04\/AD_4nXfO718sTfJIb5FTJTMrWCO-GMMM1EOvVml0JtMfkDItVqsbl5ffl_we-Li3RW0x6bC4TAuLCsZTVLW2mqY9FrUmvA7XF3V0_C3Mb-lMX7hHeQ2r8HMfRtp-euLxB2V9uCLJmpgIQA.png\" alt=\"\" class=\"wp-image-6943\" srcset=\"https:\/\/treinvestimentos.com.br\/antigo\/wp-content\/uploads\/2025\/04\/AD_4nXfO718sTfJIb5FTJTMrWCO-GMMM1EOvVml0JtMfkDItVqsbl5ffl_we-Li3RW0x6bC4TAuLCsZTVLW2mqY9FrUmvA7XF3V0_C3Mb-lMX7hHeQ2r8HMfRtp-euLxB2V9uCLJmpgIQA.png 800w, https:\/\/treinvestimentos.com.br\/antigo\/wp-content\/uploads\/2025\/04\/AD_4nXfO718sTfJIb5FTJTMrWCO-GMMM1EOvVml0JtMfkDItVqsbl5ffl_we-Li3RW0x6bC4TAuLCsZTVLW2mqY9FrUmvA7XF3V0_C3Mb-lMX7hHeQ2r8HMfRtp-euLxB2V9uCLJmpgIQA-350x243.png 350w, https:\/\/treinvestimentos.com.br\/antigo\/wp-content\/uploads\/2025\/04\/AD_4nXfO718sTfJIb5FTJTMrWCO-GMMM1EOvVml0JtMfkDItVqsbl5ffl_we-Li3RW0x6bC4TAuLCsZTVLW2mqY9FrUmvA7XF3V0_C3Mb-lMX7hHeQ2r8HMfRtp-euLxB2V9uCLJmpgIQA-768x533.png 768w, https:\/\/treinvestimentos.com.br\/antigo\/wp-content\/uploads\/2025\/04\/AD_4nXfO718sTfJIb5FTJTMrWCO-GMMM1EOvVml0JtMfkDItVqsbl5ffl_we-Li3RW0x6bC4TAuLCsZTVLW2mqY9FrUmvA7XF3V0_C3Mb-lMX7hHeQ2r8HMfRtp-euLxB2V9uCLJmpgIQA-600x416.png 600w\" sizes=\"auto, (max-width: 800px) 100vw, 800px\" \/><\/figure>\n\n\n\n<p>Entelo, um divertido representante da nova gera\u00e7\u00e3o, \u00e9 o diretor da Damanhur Academy e nos recebeu em sua casa para explicar como funciona seus cursos e se ofereceu&nbsp; para responder \u201c<em>spicy questions<\/em>\u201d (ou <em>perguntas provocadoras<\/em>, em portugu\u00eas) sobre a vida em comunidades.&nbsp;<\/p>\n\n\n\n<p>Est\u00e1vamos aboletados no sof\u00e1 e encantados com sua fluidez. Eu, particularmente interessado em saber sobre a forma como a nova gera\u00e7\u00e3o lidava com a vida em comunidade e seus conflitos, n\u00e3o queria uma resposta conceitual. Queria saber, a partir dele, mergulhado em seu gorro, em sua experi\u00eancia pessoal:&nbsp;<\/p>\n\n\n\n<ul class=\"wp-block-list\">\n<li><strong>Sergio<\/strong>: Qual \u00e9 a mudan\u00e7a que voc\u00ea v\u00ea hoje com a nova gera\u00e7\u00e3o de Damanhur?<\/li>\n\n\n\n<li><strong>Entelo<\/strong>: Os pioneiros tinham uma energia mais masculina, necess\u00e1ria para realizar e proteger o que estava querendo nascer. A minha gera\u00e7\u00e3o quer trabalhar mais no n\u00edvel das rela\u00e7\u00f5es. Foco na qualidade das rela\u00e7\u00f5es.&nbsp;<\/li>\n\n\n\n<li><strong>Sergio<\/strong>: Como voc\u00eas lidam com os conflitos?<\/li>\n\n\n\n<li><strong>Entelo<\/strong>: Os conflitos n\u00e3o come\u00e7am nas coisas grandes, come\u00e7am quando voc\u00ea vai colocar o iogurte na geladeira ou faz a limpeza da casa (rs). Em nossa fam\u00edlia usamos bastante o humor para lidar com as tens\u00f5es.<\/li>\n\n\n\n<li><strong>Sergio<\/strong>: Voc\u00eas t\u00eam algum processo ou m\u00e9todo?<\/li>\n\n\n\n<li><strong>Entelo<\/strong>: Todas as segundas, \u00e0s 7h30, sentamos neste sof\u00e1 e abrimos um espa\u00e7o seguro para que alguma poeira que est\u00e1 debaixo do tapete possa ficar vis\u00edvel. As pessoas envolvidas t\u00eam at\u00e9 a semana seguinte para conversar e tentar resolver. Caso n\u00e3o consigam, entra algum de n\u00f3s como mediador e, se ainda n\u00e3o, entra toda a fam\u00edlia. Mas estamos sempre aprimorando nossos m\u00e9todos.<\/li>\n\n\n\n<li><strong>Sergio<\/strong>: Como voc\u00eas fazem com aquela pessoa que sistematicamente causa problemas?<\/li>\n\n\n\n<li><strong>Entelo<\/strong>: Quando a energia de manter a pessoa no grupo se torna maior do que a energia que ela deixa no grupo, talvez seja hora de deix\u00e1-la ir. Nos processos de conversas, ela mesma percebe.&nbsp;<\/li>\n\n\n\n<li><strong>Sergio<\/strong>: Entelo, tenho uma \u201c<em>spicy question<\/em>\u201d: pode nos contar sobre o dia que voc\u00ea sentiu vontade de largar tudo e ir embora?<\/li>\n\n\n\n<li><strong>Entelo<\/strong>: N\u00e3o foi uma vez, acontece sempre que fico sem meu espa\u00e7o privado. Quando voc\u00ea cria uma comunidade precisa criar tamb\u00e9m o espa\u00e7o para estar sozinho.<\/li>\n<\/ul>\n\n\n<div class=\"wp-block-image\">\n<figure class=\"aligncenter is-resized\"><img loading=\"lazy\" decoding=\"async\" width=\"466\" height=\"827\" src=\"https:\/\/treinvestimentos.com.br\/wp-content\/uploads\/2025\/04\/AD_4nXfGpaZ9bL7ecrG6dHUR1SKLJ2I9Dg6norVo1vYF695OOVNFadD98B7phQNBKvei9tVrvKvM1xETdbG9rGGDzaF-TjcCdSPAH9m5pIGNqqhSAoq4HA8j-1OKUtgNu_RRo9wUL92_.png\" alt=\"\" class=\"wp-image-6945\" style=\"width:278px;height:auto\" srcset=\"https:\/\/treinvestimentos.com.br\/antigo\/wp-content\/uploads\/2025\/04\/AD_4nXfGpaZ9bL7ecrG6dHUR1SKLJ2I9Dg6norVo1vYF695OOVNFadD98B7phQNBKvei9tVrvKvM1xETdbG9rGGDzaF-TjcCdSPAH9m5pIGNqqhSAoq4HA8j-1OKUtgNu_RRo9wUL92_.png 466w, https:\/\/treinvestimentos.com.br\/antigo\/wp-content\/uploads\/2025\/04\/AD_4nXfGpaZ9bL7ecrG6dHUR1SKLJ2I9Dg6norVo1vYF695OOVNFadD98B7phQNBKvei9tVrvKvM1xETdbG9rGGDzaF-TjcCdSPAH9m5pIGNqqhSAoq4HA8j-1OKUtgNu_RRo9wUL92_-197x350.png 197w\" sizes=\"auto, (max-width: 466px) 100vw, 466px\" \/><\/figure>\n<\/div>\n\n\n<p>Entre tiradas e provoca\u00e7\u00f5es, Entelo trouxe algo que se repete em todas as minhas visitas:<strong><em> n\u00f3s PRECISAMOS da vida em grupo para nos desenvolver como sociedade!&nbsp;<\/em><\/strong><\/p>\n\n\n\n<p><strong>Ser\u00e1 que temos at\u00e9 aqui algumas pistas de como esta comunidade se manteve ao longo destes 50 anos? Acho que sim&nbsp; e ainda tem mais\u2026<\/strong><\/p>\n\n\n\n<p>Em outra atividade, com Macaco, que trabalha com tratamento de traumas e est\u00e1 em Damanhur h\u00e1 33 anos, ela nos aponta que criar comunidades \u00e9 sobre desenvolver&nbsp; um recipiente no qual podemos conviver &#8211; e isto n\u00e3o acontece por si s\u00f3. O que \u00e9 necess\u00e1rio para formar este recipiente? Ela explora com o grupo e destaca tr\u00eas:&nbsp;<\/p>\n\n\n\n<ol class=\"wp-block-list\">\n<li>Grandes ideais;&nbsp;<\/li>\n\n\n\n<li>Regras claras e flexibilidade;&nbsp;<\/li>\n\n\n\n<li>Disponibilidade para auto transforma\u00e7\u00e3o.&nbsp;<\/li>\n<\/ol>\n\n\n\n<figure class=\"wp-block-image\"><img loading=\"lazy\" decoding=\"async\" width=\"1600\" height=\"721\" src=\"https:\/\/treinvestimentos.com.br\/wp-content\/uploads\/2025\/04\/AD_4nXdlF1Ttnq8HJJcEaU6zGoeyTD9xyEBD9bXbNtR4svjdFRtfRx49aoYG8nBrpAV0Z5IHp74f69bDjWppDY4DxWzhCiFFjZxcxgysEocaqPg4IgJq9Iw-JBbnjg9l3S_gyGmzS_QY0A-1.png\" alt=\"\" class=\"wp-image-6953\" srcset=\"https:\/\/treinvestimentos.com.br\/antigo\/wp-content\/uploads\/2025\/04\/AD_4nXdlF1Ttnq8HJJcEaU6zGoeyTD9xyEBD9bXbNtR4svjdFRtfRx49aoYG8nBrpAV0Z5IHp74f69bDjWppDY4DxWzhCiFFjZxcxgysEocaqPg4IgJq9Iw-JBbnjg9l3S_gyGmzS_QY0A-1.png 1600w, https:\/\/treinvestimentos.com.br\/antigo\/wp-content\/uploads\/2025\/04\/AD_4nXdlF1Ttnq8HJJcEaU6zGoeyTD9xyEBD9bXbNtR4svjdFRtfRx49aoYG8nBrpAV0Z5IHp74f69bDjWppDY4DxWzhCiFFjZxcxgysEocaqPg4IgJq9Iw-JBbnjg9l3S_gyGmzS_QY0A-1-350x158.png 350w, https:\/\/treinvestimentos.com.br\/antigo\/wp-content\/uploads\/2025\/04\/AD_4nXdlF1Ttnq8HJJcEaU6zGoeyTD9xyEBD9bXbNtR4svjdFRtfRx49aoYG8nBrpAV0Z5IHp74f69bDjWppDY4DxWzhCiFFjZxcxgysEocaqPg4IgJq9Iw-JBbnjg9l3S_gyGmzS_QY0A-1-1024x461.png 1024w, https:\/\/treinvestimentos.com.br\/antigo\/wp-content\/uploads\/2025\/04\/AD_4nXdlF1Ttnq8HJJcEaU6zGoeyTD9xyEBD9bXbNtR4svjdFRtfRx49aoYG8nBrpAV0Z5IHp74f69bDjWppDY4DxWzhCiFFjZxcxgysEocaqPg4IgJq9Iw-JBbnjg9l3S_gyGmzS_QY0A-1-768x346.png 768w, https:\/\/treinvestimentos.com.br\/antigo\/wp-content\/uploads\/2025\/04\/AD_4nXdlF1Ttnq8HJJcEaU6zGoeyTD9xyEBD9bXbNtR4svjdFRtfRx49aoYG8nBrpAV0Z5IHp74f69bDjWppDY4DxWzhCiFFjZxcxgysEocaqPg4IgJq9Iw-JBbnjg9l3S_gyGmzS_QY0A-1-1536x692.png 1536w, https:\/\/treinvestimentos.com.br\/antigo\/wp-content\/uploads\/2025\/04\/AD_4nXdlF1Ttnq8HJJcEaU6zGoeyTD9xyEBD9bXbNtR4svjdFRtfRx49aoYG8nBrpAV0Z5IHp74f69bDjWppDY4DxWzhCiFFjZxcxgysEocaqPg4IgJq9Iw-JBbnjg9l3S_gyGmzS_QY0A-1-600x270.png 600w\" sizes=\"auto, (max-width: 1600px) 100vw, 1600px\" \/><\/figure>\n\n\n\n<p><strong>O cidad\u00e3o de Damanhur est\u00e1 comprometido com um longo processo de autodesenvolvimento.<\/strong> Participando das escolas, de processos terap\u00eauticos, de atividades art\u00edsticas e rituais de passagem como, por exemplo, o da ado\u00e7\u00e3o de um nome de animal e um sobrenome de planta. Formica, a coordenadora do nosso campus, explica como isto acontece:&nbsp;<\/p>\n\n\n\n<blockquote class=\"wp-block-quote is-layout-flow wp-block-quote-is-layout-flow\">\n<p>&#8221;<em>Entendendo quais s\u00e3o seus talentos e oportunidades de desenvolvimento, a pessoa escolhe um animal que representa a energia ou a caracter\u00edstica necess\u00e1ria para sua jornada, ent\u00e3o consulta pelo menos umas cem pessoas, com as quais convive, e recebe feedbacks sobre a adequa\u00e7\u00e3o do animal e planta. Finalmente escolhe e apresenta o nome num ritual espec\u00edfico e ent\u00e3o se &#8216;renomeia&#8217; para uma nova fase de autodesenvolvimento que a\u00ed se inicia. \u00c9 uma escolha consciente, a partir do seu &#8216;eu&#8217;, diferente do nome que recebeu dos pais, que a mant\u00e9m a pessoa conectada consigo mesma e com a natureza. \u00c9 muito bonito como isto acontece&#8221;.<\/em><\/p>\n<\/blockquote>\n\n\n\n<p>Na livraria de Damanhur, entre dezenas de livros sobre seus os fundamentos e hist\u00f3ria, meus olhos foram rapidamente para o t\u00edtulo: \u201c<em>11th Constitution of Damanhur<\/em>\u201d (<em>11<\/em><em>\u00aa<\/em><em> Constitui\u00e7\u00e3o de Damanhur<\/em>, em portugu\u00eas) e a\u00ed vamos ao segundo ponto da forma\u00e7\u00e3o do recipiente &#8211; regras claras e flexibilidade:&nbsp; a constitui\u00e7\u00e3o \u00e9 uma carta fundamental que regula o \u201ccorpo social\u201d formado pelos cidad\u00e3os de Damanhur. <strong>Ela descreve nove princ\u00edpios de \u00e9tica e comportamento e nove de constitui\u00e7\u00e3o social, trazendo clareza para a vida comunit\u00e1ria.<\/strong> Est\u00e3o em sua 11\u00aa edi\u00e7\u00e3o, uma demonstra\u00e7\u00e3o, entre outras, de como a mudan\u00e7a \u00e9 acolhida e celebrada.<\/p>\n\n\n\n<figure class=\"wp-block-gallery has-nested-images columns-default is-cropped wp-block-gallery-3 is-layout-flex wp-block-gallery-is-layout-flex\">\n<figure class=\"wp-block-image size-large\"><img loading=\"lazy\" decoding=\"async\" width=\"577\" height=\"1024\" data-id=\"6938\" src=\"https:\/\/treinvestimentos.com.br\/wp-content\/uploads\/2025\/04\/20250406_193546-577x1024.jpg\" alt=\"\" class=\"wp-image-6938\" srcset=\"https:\/\/treinvestimentos.com.br\/antigo\/wp-content\/uploads\/2025\/04\/20250406_193546-577x1024.jpg 577w, https:\/\/treinvestimentos.com.br\/antigo\/wp-content\/uploads\/2025\/04\/20250406_193546-197x350.jpg 197w, https:\/\/treinvestimentos.com.br\/antigo\/wp-content\/uploads\/2025\/04\/20250406_193546-768x1364.jpg 768w, https:\/\/treinvestimentos.com.br\/antigo\/wp-content\/uploads\/2025\/04\/20250406_193546-scaled.jpg 1441w\" sizes=\"auto, (max-width: 577px) 100vw, 577px\" \/><\/figure>\n\n\n\n<figure class=\"wp-block-image size-full\"><img loading=\"lazy\" decoding=\"async\" width=\"1791\" height=\"2560\" data-id=\"6937\" src=\"https:\/\/treinvestimentos.com.br\/wp-content\/uploads\/2025\/04\/20250406_203242-scaled.jpg\" alt=\"\" class=\"wp-image-6937\" srcset=\"https:\/\/treinvestimentos.com.br\/antigo\/wp-content\/uploads\/2025\/04\/20250406_203242-scaled.jpg 1791w, https:\/\/treinvestimentos.com.br\/antigo\/wp-content\/uploads\/2025\/04\/20250406_203242-245x350.jpg 245w, https:\/\/treinvestimentos.com.br\/antigo\/wp-content\/uploads\/2025\/04\/20250406_203242-716x1024.jpg 716w, https:\/\/treinvestimentos.com.br\/antigo\/wp-content\/uploads\/2025\/04\/20250406_203242-768x1098.jpg 768w, https:\/\/treinvestimentos.com.br\/antigo\/wp-content\/uploads\/2025\/04\/20250406_203242-1075x1536.jpg 1075w, https:\/\/treinvestimentos.com.br\/antigo\/wp-content\/uploads\/2025\/04\/20250406_203242-1433x2048.jpg 1433w, https:\/\/treinvestimentos.com.br\/antigo\/wp-content\/uploads\/2025\/04\/20250406_203242-600x858.jpg 600w\" sizes=\"auto, (max-width: 1791px) 100vw, 1791px\" \/><\/figure>\n<\/figure>\n\n\n\n<p>Junte agora as regras claras e flex\u00edveis, com a larga pesquisa espiritual, o trabalho de autodesenvolvimento, de cura com a proposta de um templo como este e entenderemos sobre o que querem dizer sobre ter \u201cGrande Ideal\u201d ou \u201cSonho imposs\u00edvel\u201d como elemento formador do recipiente para a vida em comunidade. Macaco destacou que sem um grande sonho, a organiza\u00e7\u00e3o do iogurte na geladeira se torna um obst\u00e1culo para a vida comunit\u00e1ria, ou, formulando em outra dire\u00e7\u00e3o, quando temos um grande e imposs\u00edvel sonho, encontramos raz\u00e3o, criatividade e for\u00e7as para lidar com os obst\u00e1culos e tens\u00f5es do dia a dia. Para mim refor\u00e7ou o que j\u00e1 tinha escutado em 2010 e faz muito sentido: ter um <strong>grande sonho coletivo aumenta a capacidade e o prazer de viver e trabalhar com outros<\/strong>, inclusive no casamento.<\/p>\n\n\n\n<p>E por falar nisso, cumprindo a promessa de voltar ao re-contrato de casamento, os Damanhurenses adotam uma pr\u00e1tica de estabelecer prazos de 1 a 3 anos para o contrato de casamento. Isto significa que trocam de par a cada 1 ou 3 anos? N\u00e3o. Significa que a cada per\u00edodo combinado, seja um, dois ou tr\u00eas, o casal se d\u00e1 o direito de avaliar se a rela\u00e7\u00e3o continua ou n\u00e3o fazendo sentido. Isto os retira da armadilha de um relacionamento automatizado, adormecido, que n\u00e3o precisa de renova\u00e7\u00e3o. Com isto, os casamentos acabam sendo at\u00e9 mais est\u00e1veis do que o que temos visto hoje em dia. Esta ideia eu achei genial. Em 2010, quando os visitei pela primeira vez, resolvi que se me casasse novamente proporia este modelo. Glaucia e eu nos casamos em 2015 e desde ent\u00e3o tiramos uma semana em setembro para avaliar nosso ano juntos. Conversamos longamente sobre como cada um est\u00e1 se sentindo na rela\u00e7\u00e3o, o que cada um precisa para o pr\u00f3ximo ano, com o que cada um est\u00e1 sonhando para o futuro e quais s\u00e3o os pedidos. O sexto ou s\u00e9timo dia desta nossa semana \u00e9 dedicado ao re-contrato, com direito a celebra\u00e7\u00e3o. Tem funcionado, j\u00e1 fizemos nove&nbsp; recontrata\u00e7\u00f5es.&nbsp;<\/p>\n\n\n\n<p>Legalmente, Damanhur \u00e9 constitu\u00edda por cinco associa\u00e7\u00f5es que s\u00e3o propriet\u00e1rias das \u00e1reas ocupadas por Damanhur na It\u00e1lia. Em quatro delas vivem v\u00e1rios n\u00facleos familiares, que totalizam aproximadamente 300 pessoas e \u00e9 onde est\u00e3o o templo, as florestas sagradas e a sede da Damanhur Academy. A quinta associa\u00e7\u00e3o \u00e9 o CREA, centro comercial, no qual est\u00e3o instaladas v\u00e1rias empresas dos cidad\u00e3os Damanhurenses, com restaurante, mercado, livraria, loja de j\u00f3ias e tratamento de sa\u00fade com base no conhecimento S\u00e9lfico &#8211; loja de equipamentos para ouvir a m\u00fasica das plantas e de pain\u00e9is solares. Neste espa\u00e7o tamb\u00e9m est\u00e1 um pequeno museu com a hist\u00f3ria de Damanhur e oficinas nas quais se ensina e produzem vitrais que s\u00e3o instalados no templo ou vendidos.&nbsp;<\/p>\n\n\n<div class=\"wp-block-image\">\n<figure class=\"aligncenter is-resized\"><img loading=\"lazy\" decoding=\"async\" width=\"466\" height=\"827\" src=\"https:\/\/treinvestimentos.com.br\/wp-content\/uploads\/2025\/04\/AD_4nXeWVCrckS1J4dzga7giy2_YBjFVloIbQYxJsfllvdKGOmQZvJqeULePyD8yUib0gkRQKHFt8avcOaSyrJvVtyGZi6hOM_XguzwxrmdRlLKPaZXko1yAJOTfgsqtJwjjocbdxL1B.png\" alt=\"\" class=\"wp-image-6944\" style=\"width:281px;height:auto\" srcset=\"https:\/\/treinvestimentos.com.br\/antigo\/wp-content\/uploads\/2025\/04\/AD_4nXeWVCrckS1J4dzga7giy2_YBjFVloIbQYxJsfllvdKGOmQZvJqeULePyD8yUib0gkRQKHFt8avcOaSyrJvVtyGZi6hOM_XguzwxrmdRlLKPaZXko1yAJOTfgsqtJwjjocbdxL1B.png 466w, https:\/\/treinvestimentos.com.br\/antigo\/wp-content\/uploads\/2025\/04\/AD_4nXeWVCrckS1J4dzga7giy2_YBjFVloIbQYxJsfllvdKGOmQZvJqeULePyD8yUib0gkRQKHFt8avcOaSyrJvVtyGZi6hOM_XguzwxrmdRlLKPaZXko1yAJOTfgsqtJwjjocbdxL1B-197x350.png 197w\" sizes=\"auto, (max-width: 466px) 100vw, 466px\" \/><\/figure>\n<\/div>\n\n\n<p>Celastrina, que estava sempre com sua beb\u00ea a bordo, nos convidou para conhecer sua comunidade &#8211; que \u00e9 <strong>um experimento da nova gera\u00e7\u00e3o, com casais jovens com filhos<\/strong>. Sete fam\u00edlias (compostas por 12 adultos e seis crian\u00e7as) compraram juntas um terreno, constru\u00edram uma nova comunidade com sete casas \u201czero carbono\u201d, com quintal e um grande sal\u00e3o compartilhado, no qual se re\u00fanem regularmente para reuni\u00f5es, cuidar das crian\u00e7as e conversas informais. Este modelo quer <strong>garantir simultaneamente uma vida comunit\u00e1ria, com amplo suporte m\u00fatuo (especialmente com crian\u00e7as pequenas), privacidade e a possibilidade do investimento nas casas de fazer parte do patrim\u00f4nio individual.<\/strong><\/p>\n\n\n\n<figure class=\"wp-block-image\"><img loading=\"lazy\" decoding=\"async\" width=\"1469\" height=\"827\" src=\"https:\/\/treinvestimentos.com.br\/wp-content\/uploads\/2025\/04\/AD_4nXf1p7IAVvFSVW-wwJ1p6J9iZ3E1Spz3gAgnQRQnIBjo8T4WaKU-GSTK-xlD9nTRyvAKTy0Tl9GpckKQvXQlql6KgFG08p7okVciP_6WhS-DAWL6d5AeXg0nRkZTuz3vSnTb5qGZJQ.png\" alt=\"\" class=\"wp-image-6948\" srcset=\"https:\/\/treinvestimentos.com.br\/antigo\/wp-content\/uploads\/2025\/04\/AD_4nXf1p7IAVvFSVW-wwJ1p6J9iZ3E1Spz3gAgnQRQnIBjo8T4WaKU-GSTK-xlD9nTRyvAKTy0Tl9GpckKQvXQlql6KgFG08p7okVciP_6WhS-DAWL6d5AeXg0nRkZTuz3vSnTb5qGZJQ.png 1469w, https:\/\/treinvestimentos.com.br\/antigo\/wp-content\/uploads\/2025\/04\/AD_4nXf1p7IAVvFSVW-wwJ1p6J9iZ3E1Spz3gAgnQRQnIBjo8T4WaKU-GSTK-xlD9nTRyvAKTy0Tl9GpckKQvXQlql6KgFG08p7okVciP_6WhS-DAWL6d5AeXg0nRkZTuz3vSnTb5qGZJQ-350x197.png 350w, https:\/\/treinvestimentos.com.br\/antigo\/wp-content\/uploads\/2025\/04\/AD_4nXf1p7IAVvFSVW-wwJ1p6J9iZ3E1Spz3gAgnQRQnIBjo8T4WaKU-GSTK-xlD9nTRyvAKTy0Tl9GpckKQvXQlql6KgFG08p7okVciP_6WhS-DAWL6d5AeXg0nRkZTuz3vSnTb5qGZJQ-1024x576.png 1024w, https:\/\/treinvestimentos.com.br\/antigo\/wp-content\/uploads\/2025\/04\/AD_4nXf1p7IAVvFSVW-wwJ1p6J9iZ3E1Spz3gAgnQRQnIBjo8T4WaKU-GSTK-xlD9nTRyvAKTy0Tl9GpckKQvXQlql6KgFG08p7okVciP_6WhS-DAWL6d5AeXg0nRkZTuz3vSnTb5qGZJQ-768x432.png 768w, https:\/\/treinvestimentos.com.br\/antigo\/wp-content\/uploads\/2025\/04\/AD_4nXf1p7IAVvFSVW-wwJ1p6J9iZ3E1Spz3gAgnQRQnIBjo8T4WaKU-GSTK-xlD9nTRyvAKTy0Tl9GpckKQvXQlql6KgFG08p7okVciP_6WhS-DAWL6d5AeXg0nRkZTuz3vSnTb5qGZJQ-600x338.png 600w\" sizes=\"auto, (max-width: 1469px) 100vw, 1469px\" \/><\/figure>\n\n\n\n<p>N\u00e3o falamos de finan\u00e7as ainda! As receitas financeiras de Damanhur s\u00e3o compostas por doa\u00e7\u00f5es dos 300 cidad\u00e3os que vivem nas comunidades locais, de outras aproximadamente 100 pessoas de outras comunidades Damanhurense em outros pa\u00edses. Por mais de mil pessoas que formam a comunidade Medit-Action em todo o mundo, por quatro companhias que doam em torno de 6% do faturamento e outras 20 que doam livremente de acordo com suas capacidades. As empresas s\u00e3o todas independentes, de propriedade dos cidad\u00e3os, n\u00e3o t\u00eam conex\u00e3o ou interfer\u00eancia das associa\u00e7\u00f5es e n\u00e3o formam um conglomerado. O cidad\u00e3o pode estar empreendendo ou trabalhando em alguma delas, ou ainda trabalhando em outras empresas sem qualquer v\u00ednculo com a proposta.&nbsp;<\/p>\n\n\n\n<p>Ao longo dos anos, Damanhur desenvolveu quatro fundos de benef\u00edcios para seus cidad\u00e3os:&nbsp;<\/p>\n\n\n\n<ol class=\"wp-block-list\">\n<li>Solidariedade: para uma situa\u00e7\u00e3o de emerg\u00eancia do indiv\u00edduo;<\/li>\n\n\n\n<li>Maternidade: para suportar financeiramente a m\u00e3e e o rec\u00e9m nascido por 12 a 18 meses;&nbsp;<\/li>\n\n\n\n<li>Aposentadoria: para garantir um m\u00ednimo de 1.100 euros mensais para o aposentado;<\/li>\n\n\n\n<li>Educa\u00e7\u00e3o: para suportar viagens de alunos, complementar gastos na escola e na universidade.<\/li>\n<\/ol>\n\n\n\n<p>Est\u00e1vamos no finalzinho da nossa imers\u00e3o em Damanhur. A maioria dos colegas estavam fazendo tratamentos ou comprando braceletes S\u00e9lficos para cuidar de seus corpos energ\u00e9ticos.&nbsp;<\/p>\n\n\n\n<p>Eu estava interessado em entender sobre a governan\u00e7a de Damanhur. Pedi para que Barry e Tasso desenhassem a explica\u00e7\u00e3o em um flip chart. Tentarei ser breve aqui:<\/p>\n\n\n\n<figure class=\"wp-block-image\"><img loading=\"lazy\" decoding=\"async\" width=\"1515\" height=\"827\" src=\"https:\/\/treinvestimentos.com.br\/wp-content\/uploads\/2025\/04\/AD_4nXdrR_cqTZ9ShkNkYhSQ3FkbbRiBZ1IksyUasUFzj0nPERcMadJvl5xbCFYNWphErWZg_mFIAI2ZiKPjpJrbF8mloLmjV86d51T44_YfMW56sKlDTuHGzf-p7fwzWZ2nKyF-nh-t1w-1.png\" alt=\"\" class=\"wp-image-6954\" srcset=\"https:\/\/treinvestimentos.com.br\/antigo\/wp-content\/uploads\/2025\/04\/AD_4nXdrR_cqTZ9ShkNkYhSQ3FkbbRiBZ1IksyUasUFzj0nPERcMadJvl5xbCFYNWphErWZg_mFIAI2ZiKPjpJrbF8mloLmjV86d51T44_YfMW56sKlDTuHGzf-p7fwzWZ2nKyF-nh-t1w-1.png 1515w, https:\/\/treinvestimentos.com.br\/antigo\/wp-content\/uploads\/2025\/04\/AD_4nXdrR_cqTZ9ShkNkYhSQ3FkbbRiBZ1IksyUasUFzj0nPERcMadJvl5xbCFYNWphErWZg_mFIAI2ZiKPjpJrbF8mloLmjV86d51T44_YfMW56sKlDTuHGzf-p7fwzWZ2nKyF-nh-t1w-1-350x191.png 350w, https:\/\/treinvestimentos.com.br\/antigo\/wp-content\/uploads\/2025\/04\/AD_4nXdrR_cqTZ9ShkNkYhSQ3FkbbRiBZ1IksyUasUFzj0nPERcMadJvl5xbCFYNWphErWZg_mFIAI2ZiKPjpJrbF8mloLmjV86d51T44_YfMW56sKlDTuHGzf-p7fwzWZ2nKyF-nh-t1w-1-1024x559.png 1024w, https:\/\/treinvestimentos.com.br\/antigo\/wp-content\/uploads\/2025\/04\/AD_4nXdrR_cqTZ9ShkNkYhSQ3FkbbRiBZ1IksyUasUFzj0nPERcMadJvl5xbCFYNWphErWZg_mFIAI2ZiKPjpJrbF8mloLmjV86d51T44_YfMW56sKlDTuHGzf-p7fwzWZ2nKyF-nh-t1w-1-768x419.png 768w, https:\/\/treinvestimentos.com.br\/antigo\/wp-content\/uploads\/2025\/04\/AD_4nXdrR_cqTZ9ShkNkYhSQ3FkbbRiBZ1IksyUasUFzj0nPERcMadJvl5xbCFYNWphErWZg_mFIAI2ZiKPjpJrbF8mloLmjV86d51T44_YfMW56sKlDTuHGzf-p7fwzWZ2nKyF-nh-t1w-1-600x328.png 600w\" sizes=\"auto, (max-width: 1515px) 100vw, 1515px\" \/><\/figure>\n\n\n\n<p>Damanhur tem uma estrutura de pol\u00edtica e governo muito bem elaborada&nbsp; para garantir que decis\u00f5es e a\u00e7\u00f5es estejam de acordo com os princ\u00edpios &#8211;&nbsp; sejam adaptadas \u00e0s mudan\u00e7as necess\u00e1rias e que as quest\u00f5es materiais sejam eficientemente tratadas.&nbsp;<\/p>\n\n\n\n<p>Um n\u00facleo central de gest\u00e3o, o \u201c<em>Federal Government<\/em>\u201d (ou <em>Governo Federal<\/em>, em portugu\u00eas), faz a coordena\u00e7\u00e3o geral, compartilha decis\u00f5es e promove as discuss\u00f5es dos principais temas de desenvolvimento &#8211; este n\u00facleo \u00e9 formado pelos Governadores das comunidades e pelo Nial, que s\u00e3o duas pessoas eleitas e, em seguida, contratadas em tempo integral para fazer a gest\u00e3o pol\u00edtica e econ\u00f4mica de Damanhur, que s\u00e3o atualmente Barry e Tasso. O \u201c<em>Federal Government<\/em>\u201d \u00e9 suportado e acompanhado por outros diversos \u201ccorpos\u201d que integram os interesses e atividades de Damanhur.&nbsp;<\/p>\n\n\n\n<figure class=\"wp-block-image\"><img loading=\"lazy\" decoding=\"async\" width=\"1308\" height=\"843\" src=\"https:\/\/treinvestimentos.com.br\/wp-content\/uploads\/2025\/04\/AD_4nXf2JqbCLpDSosr2Ah8xKEzlDl_pc7GNL1ixy6DZm6p4n_OFrHNtsabkHdDJPV9ltKdiIAr63ATNHCbgn6ewvxE7ULpqRo12kiI2jUzK9WN5iVkirHEzDtbNj2bFgiQqeMLkZ8cHvQ.png\" alt=\"\" class=\"wp-image-6942\" srcset=\"https:\/\/treinvestimentos.com.br\/antigo\/wp-content\/uploads\/2025\/04\/AD_4nXf2JqbCLpDSosr2Ah8xKEzlDl_pc7GNL1ixy6DZm6p4n_OFrHNtsabkHdDJPV9ltKdiIAr63ATNHCbgn6ewvxE7ULpqRo12kiI2jUzK9WN5iVkirHEzDtbNj2bFgiQqeMLkZ8cHvQ.png 1308w, https:\/\/treinvestimentos.com.br\/antigo\/wp-content\/uploads\/2025\/04\/AD_4nXf2JqbCLpDSosr2Ah8xKEzlDl_pc7GNL1ixy6DZm6p4n_OFrHNtsabkHdDJPV9ltKdiIAr63ATNHCbgn6ewvxE7ULpqRo12kiI2jUzK9WN5iVkirHEzDtbNj2bFgiQqeMLkZ8cHvQ-350x226.png 350w, https:\/\/treinvestimentos.com.br\/antigo\/wp-content\/uploads\/2025\/04\/AD_4nXf2JqbCLpDSosr2Ah8xKEzlDl_pc7GNL1ixy6DZm6p4n_OFrHNtsabkHdDJPV9ltKdiIAr63ATNHCbgn6ewvxE7ULpqRo12kiI2jUzK9WN5iVkirHEzDtbNj2bFgiQqeMLkZ8cHvQ-1024x660.png 1024w, https:\/\/treinvestimentos.com.br\/antigo\/wp-content\/uploads\/2025\/04\/AD_4nXf2JqbCLpDSosr2Ah8xKEzlDl_pc7GNL1ixy6DZm6p4n_OFrHNtsabkHdDJPV9ltKdiIAr63ATNHCbgn6ewvxE7ULpqRo12kiI2jUzK9WN5iVkirHEzDtbNj2bFgiQqeMLkZ8cHvQ-768x495.png 768w, https:\/\/treinvestimentos.com.br\/antigo\/wp-content\/uploads\/2025\/04\/AD_4nXf2JqbCLpDSosr2Ah8xKEzlDl_pc7GNL1ixy6DZm6p4n_OFrHNtsabkHdDJPV9ltKdiIAr63ATNHCbgn6ewvxE7ULpqRo12kiI2jUzK9WN5iVkirHEzDtbNj2bFgiQqeMLkZ8cHvQ-600x387.png 600w\" sizes=\"auto, (max-width: 1308px) 100vw, 1308px\" \/><\/figure>\n\n\n\n<p>Pronto, terminada a parte \u201cchata\u201d para muitas pessoas (rs), vamos falar de coisas legais!<\/p>\n\n\n\n<p>Os Damanhurenses que conheci sonham seriamente com uma sociedade mais saud\u00e1vel, mas n\u00e3o falam sobre isto com peso e tens\u00e3o, ao contr\u00e1rio, s\u00e3o alegres, leves e divertidos &#8211; mesmo em situa\u00e7\u00f5es em que algo sai \u201cerrado\u201d.<\/p>\n\n\n\n<figure class=\"wp-block-gallery has-nested-images columns-default is-cropped wp-block-gallery-4 is-layout-flex wp-block-gallery-is-layout-flex\">\n<figure class=\"wp-block-image size-large is-resized\"><img loading=\"lazy\" decoding=\"async\" width=\"577\" height=\"1024\" data-id=\"6959\" src=\"https:\/\/treinvestimentos.com.br\/wp-content\/uploads\/2025\/04\/20250320_102719-1-577x1024.jpg\" alt=\"\" class=\"wp-image-6959\" style=\"width:278px;height:auto\" srcset=\"https:\/\/treinvestimentos.com.br\/antigo\/wp-content\/uploads\/2025\/04\/20250320_102719-1-577x1024.jpg 577w, https:\/\/treinvestimentos.com.br\/antigo\/wp-content\/uploads\/2025\/04\/20250320_102719-1-197x350.jpg 197w, https:\/\/treinvestimentos.com.br\/antigo\/wp-content\/uploads\/2025\/04\/20250320_102719-1-768x1364.jpg 768w, https:\/\/treinvestimentos.com.br\/antigo\/wp-content\/uploads\/2025\/04\/20250320_102719-1-865x1536.jpg 865w, https:\/\/treinvestimentos.com.br\/antigo\/wp-content\/uploads\/2025\/04\/20250320_102719-1-1153x2048.jpg 1153w, https:\/\/treinvestimentos.com.br\/antigo\/wp-content\/uploads\/2025\/04\/20250320_102719-1-600x1066.jpg 600w, https:\/\/treinvestimentos.com.br\/antigo\/wp-content\/uploads\/2025\/04\/20250320_102719-1-scaled.jpg 1441w\" sizes=\"auto, (max-width: 577px) 100vw, 577px\" \/><\/figure>\n\n\n\n<figure class=\"wp-block-image size-large is-resized\"><img loading=\"lazy\" decoding=\"async\" width=\"1200\" height=\"1600\" data-id=\"6957\" src=\"https:\/\/treinvestimentos.com.br\/wp-content\/uploads\/2025\/04\/AD_4nXds-ecGgtPRt0egvHZJnO2GU8VUnxnsth9779GmQZngrIe_GQJ-CNEzEBE0dcspCboaDf02nPQwaEWpz1JoB6mQaR86pk5CgDBrn3yh_hoNtO4UxULyRkm424Ul3X4_W1z3kg-Ajw-1.png\" alt=\"\" class=\"wp-image-6957\" style=\"width:468px;height:auto\" srcset=\"https:\/\/treinvestimentos.com.br\/antigo\/wp-content\/uploads\/2025\/04\/AD_4nXds-ecGgtPRt0egvHZJnO2GU8VUnxnsth9779GmQZngrIe_GQJ-CNEzEBE0dcspCboaDf02nPQwaEWpz1JoB6mQaR86pk5CgDBrn3yh_hoNtO4UxULyRkm424Ul3X4_W1z3kg-Ajw-1.png 1200w, https:\/\/treinvestimentos.com.br\/antigo\/wp-content\/uploads\/2025\/04\/AD_4nXds-ecGgtPRt0egvHZJnO2GU8VUnxnsth9779GmQZngrIe_GQJ-CNEzEBE0dcspCboaDf02nPQwaEWpz1JoB6mQaR86pk5CgDBrn3yh_hoNtO4UxULyRkm424Ul3X4_W1z3kg-Ajw-1-263x350.png 263w, https:\/\/treinvestimentos.com.br\/antigo\/wp-content\/uploads\/2025\/04\/AD_4nXds-ecGgtPRt0egvHZJnO2GU8VUnxnsth9779GmQZngrIe_GQJ-CNEzEBE0dcspCboaDf02nPQwaEWpz1JoB6mQaR86pk5CgDBrn3yh_hoNtO4UxULyRkm424Ul3X4_W1z3kg-Ajw-1-768x1024.png 768w, https:\/\/treinvestimentos.com.br\/antigo\/wp-content\/uploads\/2025\/04\/AD_4nXds-ecGgtPRt0egvHZJnO2GU8VUnxnsth9779GmQZngrIe_GQJ-CNEzEBE0dcspCboaDf02nPQwaEWpz1JoB6mQaR86pk5CgDBrn3yh_hoNtO4UxULyRkm424Ul3X4_W1z3kg-Ajw-1-1152x1536.png 1152w, https:\/\/treinvestimentos.com.br\/antigo\/wp-content\/uploads\/2025\/04\/AD_4nXds-ecGgtPRt0egvHZJnO2GU8VUnxnsth9779GmQZngrIe_GQJ-CNEzEBE0dcspCboaDf02nPQwaEWpz1JoB6mQaR86pk5CgDBrn3yh_hoNtO4UxULyRkm424Ul3X4_W1z3kg-Ajw-1-600x800.png 600w\" sizes=\"auto, (max-width: 1200px) 100vw, 1200px\" \/><\/figure>\n<\/figure>\n\n\n\n<p>Acordei cedinho no meu \u00faltimo dia de Damanhur. Mir\u00f3 me levou&nbsp; em&nbsp; seu Suzuki para a esta\u00e7\u00e3o de trem de Ivrea. No caminho cheio de curvas, contou-me de sua tentativa \u201cfracassada\u201d de criar sua pr\u00f3pria comunidade fora de Damanhur: <\/p>\n\n\n\n<blockquote class=\"wp-block-quote is-layout-flow wp-block-quote-is-layout-flow\">\n<p><strong><em>&#8220;Depois de algum tempo juntas, as pessoas come\u00e7aram a se desentender e a desistir do projeto. Comecei a perceber que n\u00e3o tinham um real alinhamento filos\u00f3fico e de prop\u00f3sito. N\u00e3o tivemos tempo suficiente antes de come\u00e7ar a construir esta base&#8221;.<\/em><\/strong><\/p>\n<\/blockquote>\n\n\n\n<p>Chegamos \u00e0 esta\u00e7\u00e3o uns minutos antes do trem e Mir\u00f3 me convidou para um caf\u00e9. Foi um gesto delicado, de um jovem muito amoroso, filho de Damanhur. Sentirei saudades.<\/p>\n\n\n\n<p><strong>Captou os segredos para sustentar uma comunidade por 50 anos?<\/strong><\/p>\n\n\n\n<p>Fica aqui meu convite para quem quiser se juntar para trabalhar nestes segredos, para N\u00c3O discutir como organizar o iogurte na geladeira e <strong>SIM, sonhar o imposs\u00edvel.<\/strong><\/p>\n\n\n\n<p>Volto em breve com os amores e ardores de L\u2019Aubier.&nbsp;<\/p>\n\n\n\n<p>Abra\u00e7os e at\u00e9 j\u00e1,<\/p>\n\n\n\n<p>Sergio Resende.&nbsp;<\/p>\n\n\n\n<hr class=\"wp-block-separator has-alpha-channel-opacity\"\/>\n\n\n\n<pre class=\"wp-block-verse\"><em><strong>Sergio Resende<\/strong> \u00e9 cofundador da <a href=\"https:\/\/www.thyme.com.br\/\">Thyme - Evolu\u00e7\u00e3o Cultural<\/a>, na qual atua como consultor de cultura organizacional e coach de executivos. \u00c9 tamb\u00e9m cofundador&nbsp; e diretor da <a href=\"https:\/\/treinvestimentos.com.br\/\">Tr\u00ea Investindo com Causa<\/a>. H\u00e1 25 anos, dedica-se a entender o ser humano em seu contexto de trabalho e a promover o desenvolvimento de indiv\u00edduos livres e organiza\u00e7\u00f5es saud\u00e1veis. Nos primeiros meses de 2025, Sergio embarca em uma Jornada de Pesquisa internacional, em busca de inspira\u00e7\u00f5es para o futuro de nossa sociedade e a constru\u00e7\u00e3o de uma Nova Economia.&nbsp;<br><br>Acompanhe o Sergio nessa viagem na se\u00e7\u00e3o <a href=\"https:\/\/treinvestimentos.com.br\/blog\/jornadas\/\">Jornadas<\/a> do <a href=\"https:\/\/treinvestimentos.com.br\/conteudos\/\">blog da Tr\u00ea<\/a>.<\/em><\/pre>\n","protected":false},"excerpt":{"rendered":"<p>Por Sergio Resende | Tr\u00ea Investindo com Causa Isabela, minha filha mais nova, na conclus\u00e3o do ensino m\u00e9dio na escola Waldorf, em 2007, pesquisou e escreveu sobre ecovilas. Foi a\u00ed&#8230;<\/p>\n","protected":false},"author":152,"featured_media":6941,"comment_status":"open","ping_status":"open","sticky":false,"template":"","format":"standard","meta":{"give_campaign_id":0,"inline_featured_image":false,"footnotes":"[]"},"categories":[73],"tags":[74],"class_list":{"0":"post-6931","1":"post","2":"type-post","3":"status-publish","4":"format-standard","5":"has-post-thumbnail","7":"category-jornadas","8":"tag-jornada"},"yoast_head":"<!-- This site is optimized with the Yoast SEO plugin v27.5 - https:\/\/yoast.com\/product\/yoast-seo-wordpress\/ -->\n<title>Jornada de Pesquisa #5 - Damanhur: Sobre como fazer limpeza e organizar o iogurte na geladeira, ou n\u00e3o - Tr\u00ea Investindo com Causa<\/title>\n<meta name=\"robots\" content=\"noindex, follow\" \/>\n<meta property=\"og:locale\" content=\"pt_BR\" \/>\n<meta property=\"og:type\" content=\"article\" \/>\n<meta property=\"og:title\" content=\"Jornada de Pesquisa #5 - Damanhur: Sobre como fazer limpeza e organizar o iogurte na geladeira, ou n\u00e3o - Tr\u00ea Investindo com Causa\" \/>\n<meta property=\"og:description\" content=\"Por Sergio Resende | Tr\u00ea Investindo com Causa Isabela, minha filha mais nova, na conclus\u00e3o do ensino m\u00e9dio na escola Waldorf, em 2007, pesquisou e escreveu sobre ecovilas. Foi a\u00ed...\" \/>\n<meta property=\"og:url\" content=\"https:\/\/treinvestimentos.com.br\/antigo\/jornadas\/jornada-de-pesquisa-5-damanhur-sobre-como-fazer-limpeza-e-organizar-o-iogurte-na-geladeira-ou-nao\/\" \/>\n<meta property=\"og:site_name\" content=\"Tr\u00ea Investindo com Causa\" \/>\n<meta property=\"article:published_time\" content=\"2025-04-09T22:13:03+00:00\" \/>\n<meta property=\"article:modified_time\" content=\"2025-04-14T12:32:12+00:00\" \/>\n<meta property=\"og:image\" content=\"https:\/\/treinvestimentos.com.br\/antigo\/wp-content\/uploads\/2025\/04\/21152050460222.webp\" \/>\n\t<meta property=\"og:image:width\" content=\"1280\" \/>\n\t<meta property=\"og:image:height\" content=\"690\" \/>\n\t<meta property=\"og:image:type\" content=\"image\/webp\" \/>\n<meta name=\"author\" content=\"Milena Moraes\" \/>\n<meta name=\"twitter:card\" content=\"summary_large_image\" \/>\n<meta name=\"twitter:label1\" content=\"Escrito por\" \/>\n\t<meta name=\"twitter:data1\" content=\"Milena Moraes\" \/>\n\t<meta name=\"twitter:label2\" content=\"Est. tempo de leitura\" \/>\n\t<meta name=\"twitter:data2\" content=\"18 minutos\" \/>\n<script type=\"application\/ld+json\" class=\"yoast-schema-graph\">{\"@context\":\"https:\\\/\\\/schema.org\",\"@graph\":[{\"@type\":\"Article\",\"@id\":\"https:\\\/\\\/treinvestimentos.com.br\\\/antigo\\\/jornadas\\\/jornada-de-pesquisa-5-damanhur-sobre-como-fazer-limpeza-e-organizar-o-iogurte-na-geladeira-ou-nao\\\/#article\",\"isPartOf\":{\"@id\":\"https:\\\/\\\/treinvestimentos.com.br\\\/antigo\\\/jornadas\\\/jornada-de-pesquisa-5-damanhur-sobre-como-fazer-limpeza-e-organizar-o-iogurte-na-geladeira-ou-nao\\\/\"},\"author\":{\"name\":\"Milena Moraes\",\"@id\":\"https:\\\/\\\/treinvestimentos.com.br\\\/antigo\\\/#\\\/schema\\\/person\\\/b0a4e82ce3ce39a58a59f15134916cb6\"},\"headline\":\"Jornada de Pesquisa #5 &#8211; Damanhur: Sobre como fazer limpeza e organizar o iogurte na geladeira, ou n\u00e3o\",\"datePublished\":\"2025-04-09T22:13:03+00:00\",\"dateModified\":\"2025-04-14T12:32:12+00:00\",\"mainEntityOfPage\":{\"@id\":\"https:\\\/\\\/treinvestimentos.com.br\\\/antigo\\\/jornadas\\\/jornada-de-pesquisa-5-damanhur-sobre-como-fazer-limpeza-e-organizar-o-iogurte-na-geladeira-ou-nao\\\/\"},\"wordCount\":3573,\"commentCount\":2,\"publisher\":{\"@id\":\"https:\\\/\\\/treinvestimentos.com.br\\\/antigo\\\/#organization\"},\"image\":{\"@id\":\"https:\\\/\\\/treinvestimentos.com.br\\\/antigo\\\/jornadas\\\/jornada-de-pesquisa-5-damanhur-sobre-como-fazer-limpeza-e-organizar-o-iogurte-na-geladeira-ou-nao\\\/#primaryimage\"},\"thumbnailUrl\":\"https:\\\/\\\/treinvestimentos.com.br\\\/antigo\\\/wp-content\\\/uploads\\\/2025\\\/04\\\/21152050460222.webp\",\"keywords\":[\"Jornada\"],\"articleSection\":[\"Jornadas\"],\"inLanguage\":\"pt-BR\",\"potentialAction\":[{\"@type\":\"CommentAction\",\"name\":\"Comment\",\"target\":[\"https:\\\/\\\/treinvestimentos.com.br\\\/antigo\\\/jornadas\\\/jornada-de-pesquisa-5-damanhur-sobre-como-fazer-limpeza-e-organizar-o-iogurte-na-geladeira-ou-nao\\\/#respond\"]}]},{\"@type\":\"WebPage\",\"@id\":\"https:\\\/\\\/treinvestimentos.com.br\\\/antigo\\\/jornadas\\\/jornada-de-pesquisa-5-damanhur-sobre-como-fazer-limpeza-e-organizar-o-iogurte-na-geladeira-ou-nao\\\/\",\"url\":\"https:\\\/\\\/treinvestimentos.com.br\\\/antigo\\\/jornadas\\\/jornada-de-pesquisa-5-damanhur-sobre-como-fazer-limpeza-e-organizar-o-iogurte-na-geladeira-ou-nao\\\/\",\"name\":\"Jornada de Pesquisa #5 - Damanhur: Sobre como fazer limpeza e organizar o iogurte na geladeira, ou n\u00e3o - Tr\u00ea Investindo com Causa\",\"isPartOf\":{\"@id\":\"https:\\\/\\\/treinvestimentos.com.br\\\/antigo\\\/#website\"},\"primaryImageOfPage\":{\"@id\":\"https:\\\/\\\/treinvestimentos.com.br\\\/antigo\\\/jornadas\\\/jornada-de-pesquisa-5-damanhur-sobre-como-fazer-limpeza-e-organizar-o-iogurte-na-geladeira-ou-nao\\\/#primaryimage\"},\"image\":{\"@id\":\"https:\\\/\\\/treinvestimentos.com.br\\\/antigo\\\/jornadas\\\/jornada-de-pesquisa-5-damanhur-sobre-como-fazer-limpeza-e-organizar-o-iogurte-na-geladeira-ou-nao\\\/#primaryimage\"},\"thumbnailUrl\":\"https:\\\/\\\/treinvestimentos.com.br\\\/antigo\\\/wp-content\\\/uploads\\\/2025\\\/04\\\/21152050460222.webp\",\"datePublished\":\"2025-04-09T22:13:03+00:00\",\"dateModified\":\"2025-04-14T12:32:12+00:00\",\"breadcrumb\":{\"@id\":\"https:\\\/\\\/treinvestimentos.com.br\\\/antigo\\\/jornadas\\\/jornada-de-pesquisa-5-damanhur-sobre-como-fazer-limpeza-e-organizar-o-iogurte-na-geladeira-ou-nao\\\/#breadcrumb\"},\"inLanguage\":\"pt-BR\",\"potentialAction\":[{\"@type\":\"ReadAction\",\"target\":[\"https:\\\/\\\/treinvestimentos.com.br\\\/antigo\\\/jornadas\\\/jornada-de-pesquisa-5-damanhur-sobre-como-fazer-limpeza-e-organizar-o-iogurte-na-geladeira-ou-nao\\\/\"]}]},{\"@type\":\"ImageObject\",\"inLanguage\":\"pt-BR\",\"@id\":\"https:\\\/\\\/treinvestimentos.com.br\\\/antigo\\\/jornadas\\\/jornada-de-pesquisa-5-damanhur-sobre-como-fazer-limpeza-e-organizar-o-iogurte-na-geladeira-ou-nao\\\/#primaryimage\",\"url\":\"https:\\\/\\\/treinvestimentos.com.br\\\/antigo\\\/wp-content\\\/uploads\\\/2025\\\/04\\\/21152050460222.webp\",\"contentUrl\":\"https:\\\/\\\/treinvestimentos.com.br\\\/antigo\\\/wp-content\\\/uploads\\\/2025\\\/04\\\/21152050460222.webp\",\"width\":1280,\"height\":690},{\"@type\":\"BreadcrumbList\",\"@id\":\"https:\\\/\\\/treinvestimentos.com.br\\\/antigo\\\/jornadas\\\/jornada-de-pesquisa-5-damanhur-sobre-como-fazer-limpeza-e-organizar-o-iogurte-na-geladeira-ou-nao\\\/#breadcrumb\",\"itemListElement\":[{\"@type\":\"ListItem\",\"position\":1,\"name\":\"In\u00edcio\",\"item\":\"https:\\\/\\\/treinvestimentos.com.br\\\/antigo\\\/\"},{\"@type\":\"ListItem\",\"position\":2,\"name\":\"Jornada de Pesquisa #5 &#8211; Damanhur: Sobre como fazer limpeza e organizar o iogurte na geladeira, ou n\u00e3o\"}]},{\"@type\":\"WebSite\",\"@id\":\"https:\\\/\\\/treinvestimentos.com.br\\\/antigo\\\/#website\",\"url\":\"https:\\\/\\\/treinvestimentos.com.br\\\/antigo\\\/\",\"name\":\"Tr\u00ea Investindo com Causa\",\"description\":\"Queremos popularizar o investimento em causas, promovendo uma amplia\u00e7\u00e3o da consci\u00eancia no uso do dinheiro e na co-constru\u00e7\u00e3o de uma nova economia.\",\"publisher\":{\"@id\":\"https:\\\/\\\/treinvestimentos.com.br\\\/antigo\\\/#organization\"},\"potentialAction\":[{\"@type\":\"SearchAction\",\"target\":{\"@type\":\"EntryPoint\",\"urlTemplate\":\"https:\\\/\\\/treinvestimentos.com.br\\\/antigo\\\/?s={search_term_string}\"},\"query-input\":{\"@type\":\"PropertyValueSpecification\",\"valueRequired\":true,\"valueName\":\"search_term_string\"}}],\"inLanguage\":\"pt-BR\"},{\"@type\":\"Organization\",\"@id\":\"https:\\\/\\\/treinvestimentos.com.br\\\/antigo\\\/#organization\",\"name\":\"Tr\u00ea Investindo com Causa\",\"url\":\"https:\\\/\\\/treinvestimentos.com.br\\\/antigo\\\/\",\"logo\":{\"@type\":\"ImageObject\",\"inLanguage\":\"pt-BR\",\"@id\":\"https:\\\/\\\/treinvestimentos.com.br\\\/antigo\\\/#\\\/schema\\\/logo\\\/image\\\/\",\"url\":\"https:\\\/\\\/treinvestimentos.com.br\\\/wp-content\\\/uploads\\\/2021\\\/08\\\/Logo-completo-Tre-azul.png\",\"contentUrl\":\"https:\\\/\\\/treinvestimentos.com.br\\\/wp-content\\\/uploads\\\/2021\\\/08\\\/Logo-completo-Tre-azul.png\",\"width\":1175,\"height\":311,\"caption\":\"Tr\u00ea Investindo com Causa\"},\"image\":{\"@id\":\"https:\\\/\\\/treinvestimentos.com.br\\\/antigo\\\/#\\\/schema\\\/logo\\\/image\\\/\"},\"sameAs\":[\"https:\\\/\\\/www.linkedin.com\\\/company\\\/treinvestindocomcausa\\\/?originalSubdomain=br\"]},{\"@type\":\"Person\",\"@id\":\"https:\\\/\\\/treinvestimentos.com.br\\\/antigo\\\/#\\\/schema\\\/person\\\/b0a4e82ce3ce39a58a59f15134916cb6\",\"name\":\"Milena Moraes\",\"image\":{\"@type\":\"ImageObject\",\"inLanguage\":\"pt-BR\",\"@id\":\"https:\\\/\\\/secure.gravatar.com\\\/avatar\\\/008a27b68dac139c6cbd0aa2724595e49bf0b65e965ae081528e0d76fe6d0d0b?s=96&d=mm&r=g\",\"url\":\"https:\\\/\\\/secure.gravatar.com\\\/avatar\\\/008a27b68dac139c6cbd0aa2724595e49bf0b65e965ae081528e0d76fe6d0d0b?s=96&d=mm&r=g\",\"contentUrl\":\"https:\\\/\\\/secure.gravatar.com\\\/avatar\\\/008a27b68dac139c6cbd0aa2724595e49bf0b65e965ae081528e0d76fe6d0d0b?s=96&d=mm&r=g\",\"caption\":\"Milena Moraes\"}}]}<\/script>\n<!-- \/ Yoast SEO plugin. -->","yoast_head_json":{"title":"Jornada de Pesquisa #5 - Damanhur: Sobre como fazer limpeza e organizar o iogurte na geladeira, ou n\u00e3o - Tr\u00ea Investindo com Causa","robots":{"index":"noindex","follow":"follow"},"og_locale":"pt_BR","og_type":"article","og_title":"Jornada de Pesquisa #5 - Damanhur: Sobre como fazer limpeza e organizar o iogurte na geladeira, ou n\u00e3o - Tr\u00ea Investindo com Causa","og_description":"Por Sergio Resende | Tr\u00ea Investindo com Causa Isabela, minha filha mais nova, na conclus\u00e3o do ensino m\u00e9dio na escola Waldorf, em 2007, pesquisou e escreveu sobre ecovilas. Foi a\u00ed...","og_url":"https:\/\/treinvestimentos.com.br\/antigo\/jornadas\/jornada-de-pesquisa-5-damanhur-sobre-como-fazer-limpeza-e-organizar-o-iogurte-na-geladeira-ou-nao\/","og_site_name":"Tr\u00ea Investindo com Causa","article_published_time":"2025-04-09T22:13:03+00:00","article_modified_time":"2025-04-14T12:32:12+00:00","og_image":[{"width":1280,"height":690,"url":"https:\/\/treinvestimentos.com.br\/antigo\/wp-content\/uploads\/2025\/04\/21152050460222.webp","type":"image\/webp"}],"author":"Milena Moraes","twitter_card":"summary_large_image","twitter_misc":{"Escrito por":"Milena Moraes","Est. tempo de leitura":"18 minutos"},"schema":{"@context":"https:\/\/schema.org","@graph":[{"@type":"Article","@id":"https:\/\/treinvestimentos.com.br\/antigo\/jornadas\/jornada-de-pesquisa-5-damanhur-sobre-como-fazer-limpeza-e-organizar-o-iogurte-na-geladeira-ou-nao\/#article","isPartOf":{"@id":"https:\/\/treinvestimentos.com.br\/antigo\/jornadas\/jornada-de-pesquisa-5-damanhur-sobre-como-fazer-limpeza-e-organizar-o-iogurte-na-geladeira-ou-nao\/"},"author":{"name":"Milena Moraes","@id":"https:\/\/treinvestimentos.com.br\/antigo\/#\/schema\/person\/b0a4e82ce3ce39a58a59f15134916cb6"},"headline":"Jornada de Pesquisa #5 &#8211; Damanhur: Sobre como fazer limpeza e organizar o iogurte na geladeira, ou n\u00e3o","datePublished":"2025-04-09T22:13:03+00:00","dateModified":"2025-04-14T12:32:12+00:00","mainEntityOfPage":{"@id":"https:\/\/treinvestimentos.com.br\/antigo\/jornadas\/jornada-de-pesquisa-5-damanhur-sobre-como-fazer-limpeza-e-organizar-o-iogurte-na-geladeira-ou-nao\/"},"wordCount":3573,"commentCount":2,"publisher":{"@id":"https:\/\/treinvestimentos.com.br\/antigo\/#organization"},"image":{"@id":"https:\/\/treinvestimentos.com.br\/antigo\/jornadas\/jornada-de-pesquisa-5-damanhur-sobre-como-fazer-limpeza-e-organizar-o-iogurte-na-geladeira-ou-nao\/#primaryimage"},"thumbnailUrl":"https:\/\/treinvestimentos.com.br\/antigo\/wp-content\/uploads\/2025\/04\/21152050460222.webp","keywords":["Jornada"],"articleSection":["Jornadas"],"inLanguage":"pt-BR","potentialAction":[{"@type":"CommentAction","name":"Comment","target":["https:\/\/treinvestimentos.com.br\/antigo\/jornadas\/jornada-de-pesquisa-5-damanhur-sobre-como-fazer-limpeza-e-organizar-o-iogurte-na-geladeira-ou-nao\/#respond"]}]},{"@type":"WebPage","@id":"https:\/\/treinvestimentos.com.br\/antigo\/jornadas\/jornada-de-pesquisa-5-damanhur-sobre-como-fazer-limpeza-e-organizar-o-iogurte-na-geladeira-ou-nao\/","url":"https:\/\/treinvestimentos.com.br\/antigo\/jornadas\/jornada-de-pesquisa-5-damanhur-sobre-como-fazer-limpeza-e-organizar-o-iogurte-na-geladeira-ou-nao\/","name":"Jornada de Pesquisa #5 - Damanhur: Sobre como fazer limpeza e organizar o iogurte na geladeira, ou n\u00e3o - Tr\u00ea Investindo com Causa","isPartOf":{"@id":"https:\/\/treinvestimentos.com.br\/antigo\/#website"},"primaryImageOfPage":{"@id":"https:\/\/treinvestimentos.com.br\/antigo\/jornadas\/jornada-de-pesquisa-5-damanhur-sobre-como-fazer-limpeza-e-organizar-o-iogurte-na-geladeira-ou-nao\/#primaryimage"},"image":{"@id":"https:\/\/treinvestimentos.com.br\/antigo\/jornadas\/jornada-de-pesquisa-5-damanhur-sobre-como-fazer-limpeza-e-organizar-o-iogurte-na-geladeira-ou-nao\/#primaryimage"},"thumbnailUrl":"https:\/\/treinvestimentos.com.br\/antigo\/wp-content\/uploads\/2025\/04\/21152050460222.webp","datePublished":"2025-04-09T22:13:03+00:00","dateModified":"2025-04-14T12:32:12+00:00","breadcrumb":{"@id":"https:\/\/treinvestimentos.com.br\/antigo\/jornadas\/jornada-de-pesquisa-5-damanhur-sobre-como-fazer-limpeza-e-organizar-o-iogurte-na-geladeira-ou-nao\/#breadcrumb"},"inLanguage":"pt-BR","potentialAction":[{"@type":"ReadAction","target":["https:\/\/treinvestimentos.com.br\/antigo\/jornadas\/jornada-de-pesquisa-5-damanhur-sobre-como-fazer-limpeza-e-organizar-o-iogurte-na-geladeira-ou-nao\/"]}]},{"@type":"ImageObject","inLanguage":"pt-BR","@id":"https:\/\/treinvestimentos.com.br\/antigo\/jornadas\/jornada-de-pesquisa-5-damanhur-sobre-como-fazer-limpeza-e-organizar-o-iogurte-na-geladeira-ou-nao\/#primaryimage","url":"https:\/\/treinvestimentos.com.br\/antigo\/wp-content\/uploads\/2025\/04\/21152050460222.webp","contentUrl":"https:\/\/treinvestimentos.com.br\/antigo\/wp-content\/uploads\/2025\/04\/21152050460222.webp","width":1280,"height":690},{"@type":"BreadcrumbList","@id":"https:\/\/treinvestimentos.com.br\/antigo\/jornadas\/jornada-de-pesquisa-5-damanhur-sobre-como-fazer-limpeza-e-organizar-o-iogurte-na-geladeira-ou-nao\/#breadcrumb","itemListElement":[{"@type":"ListItem","position":1,"name":"In\u00edcio","item":"https:\/\/treinvestimentos.com.br\/antigo\/"},{"@type":"ListItem","position":2,"name":"Jornada de Pesquisa #5 &#8211; Damanhur: Sobre como fazer limpeza e organizar o iogurte na geladeira, ou n\u00e3o"}]},{"@type":"WebSite","@id":"https:\/\/treinvestimentos.com.br\/antigo\/#website","url":"https:\/\/treinvestimentos.com.br\/antigo\/","name":"Tr\u00ea Investindo com Causa","description":"Queremos popularizar o investimento em causas, promovendo uma amplia\u00e7\u00e3o da consci\u00eancia no uso do dinheiro e na co-constru\u00e7\u00e3o de uma nova economia.","publisher":{"@id":"https:\/\/treinvestimentos.com.br\/antigo\/#organization"},"potentialAction":[{"@type":"SearchAction","target":{"@type":"EntryPoint","urlTemplate":"https:\/\/treinvestimentos.com.br\/antigo\/?s={search_term_string}"},"query-input":{"@type":"PropertyValueSpecification","valueRequired":true,"valueName":"search_term_string"}}],"inLanguage":"pt-BR"},{"@type":"Organization","@id":"https:\/\/treinvestimentos.com.br\/antigo\/#organization","name":"Tr\u00ea Investindo com Causa","url":"https:\/\/treinvestimentos.com.br\/antigo\/","logo":{"@type":"ImageObject","inLanguage":"pt-BR","@id":"https:\/\/treinvestimentos.com.br\/antigo\/#\/schema\/logo\/image\/","url":"https:\/\/treinvestimentos.com.br\/wp-content\/uploads\/2021\/08\/Logo-completo-Tre-azul.png","contentUrl":"https:\/\/treinvestimentos.com.br\/wp-content\/uploads\/2021\/08\/Logo-completo-Tre-azul.png","width":1175,"height":311,"caption":"Tr\u00ea Investindo com Causa"},"image":{"@id":"https:\/\/treinvestimentos.com.br\/antigo\/#\/schema\/logo\/image\/"},"sameAs":["https:\/\/www.linkedin.com\/company\/treinvestindocomcausa\/?originalSubdomain=br"]},{"@type":"Person","@id":"https:\/\/treinvestimentos.com.br\/antigo\/#\/schema\/person\/b0a4e82ce3ce39a58a59f15134916cb6","name":"Milena Moraes","image":{"@type":"ImageObject","inLanguage":"pt-BR","@id":"https:\/\/secure.gravatar.com\/avatar\/008a27b68dac139c6cbd0aa2724595e49bf0b65e965ae081528e0d76fe6d0d0b?s=96&d=mm&r=g","url":"https:\/\/secure.gravatar.com\/avatar\/008a27b68dac139c6cbd0aa2724595e49bf0b65e965ae081528e0d76fe6d0d0b?s=96&d=mm&r=g","contentUrl":"https:\/\/secure.gravatar.com\/avatar\/008a27b68dac139c6cbd0aa2724595e49bf0b65e965ae081528e0d76fe6d0d0b?s=96&d=mm&r=g","caption":"Milena Moraes"}}]}},"_links":{"self":[{"href":"https:\/\/treinvestimentos.com.br\/antigo\/wp-json\/wp\/v2\/posts\/6931","targetHints":{"allow":["GET"]}}],"collection":[{"href":"https:\/\/treinvestimentos.com.br\/antigo\/wp-json\/wp\/v2\/posts"}],"about":[{"href":"https:\/\/treinvestimentos.com.br\/antigo\/wp-json\/wp\/v2\/types\/post"}],"author":[{"embeddable":true,"href":"https:\/\/treinvestimentos.com.br\/antigo\/wp-json\/wp\/v2\/users\/152"}],"replies":[{"embeddable":true,"href":"https:\/\/treinvestimentos.com.br\/antigo\/wp-json\/wp\/v2\/comments?post=6931"}],"version-history":[{"count":11,"href":"https:\/\/treinvestimentos.com.br\/antigo\/wp-json\/wp\/v2\/posts\/6931\/revisions"}],"predecessor-version":[{"id":6975,"href":"https:\/\/treinvestimentos.com.br\/antigo\/wp-json\/wp\/v2\/posts\/6931\/revisions\/6975"}],"wp:featuredmedia":[{"embeddable":true,"href":"https:\/\/treinvestimentos.com.br\/antigo\/wp-json\/wp\/v2\/media\/6941"}],"wp:attachment":[{"href":"https:\/\/treinvestimentos.com.br\/antigo\/wp-json\/wp\/v2\/media?parent=6931"}],"wp:term":[{"taxonomy":"category","embeddable":true,"href":"https:\/\/treinvestimentos.com.br\/antigo\/wp-json\/wp\/v2\/categories?post=6931"},{"taxonomy":"post_tag","embeddable":true,"href":"https:\/\/treinvestimentos.com.br\/antigo\/wp-json\/wp\/v2\/tags?post=6931"}],"curies":[{"name":"wp","href":"https:\/\/api.w.org\/{rel}","templated":true}]}}