{"id":6818,"date":"2025-03-11T11:46:01","date_gmt":"2025-03-11T14:46:01","guid":{"rendered":"https:\/\/treinvestimentos.com.br\/?p=6818"},"modified":"2025-03-13T16:45:27","modified_gmt":"2025-03-13T19:45:27","slug":"jornada-de-pesquisa-3-olhos-de-ver-e-coragem-de-fazer","status":"publish","type":"post","link":"https:\/\/treinvestimentos.com.br\/antigo\/jornadas\/jornada-de-pesquisa-3-olhos-de-ver-e-coragem-de-fazer\/","title":{"rendered":"Jornada de Pesquisa #3 &#8211; Olhos de ver e coragem de fazer"},"content":{"rendered":"\n<p><em>Por Sergio Resende | Tr\u00ea Investindo com Causa<\/em><\/p>\n\n\n\n<p class=\"has-text-align-left\">Estou fechando minha jornada em <a href=\"https:\/\/sekem.com\/\">SEKEM<\/a> com uma enorme dificuldade de escolher o que contar para voc\u00eas sobre os \u00faltimos dias aqui. Conto sobre a visita, acompanhado pelos vendedores de SEKEM ao Hype1 (uma grande rede de supermercado), para ver o <strong>posicionamento dos produtos SEKEM na prateleira<\/strong> e sobre como fui recebido pelos gerentes com pompas e honras? Ou da minha emo\u00e7\u00e3o ao ver a <strong>apresenta\u00e7\u00e3o do teatro de sombras dos alunos da 5\u00aa s\u00e9rie <\/strong>da escola para os filhos dos colaboradores para a comunidade local?&nbsp;<\/p>\n\n\n\n<figure class=\"wp-block-gallery has-nested-images columns-default is-cropped wp-block-gallery-1 is-layout-flex wp-block-gallery-is-layout-flex\">\n<figure class=\"wp-block-image size-large\"><img loading=\"lazy\" decoding=\"async\" width=\"1024\" height=\"577\" data-id=\"6821\" src=\"https:\/\/treinvestimentos.com.br\/wp-content\/uploads\/2025\/03\/20250227_122523-1024x577.jpg\" alt=\"\" class=\"wp-image-6821\" srcset=\"https:\/\/treinvestimentos.com.br\/antigo\/wp-content\/uploads\/2025\/03\/20250227_122523-1024x577.jpg 1024w, https:\/\/treinvestimentos.com.br\/antigo\/wp-content\/uploads\/2025\/03\/20250227_122523-350x197.jpg 350w, https:\/\/treinvestimentos.com.br\/antigo\/wp-content\/uploads\/2025\/03\/20250227_122523-768x432.jpg 768w, https:\/\/treinvestimentos.com.br\/antigo\/wp-content\/uploads\/2025\/03\/20250227_122523-1536x865.jpg 1536w\" sizes=\"auto, (max-width: 1024px) 100vw, 1024px\" \/><\/figure>\n\n\n\n<figure class=\"wp-block-image size-large\"><img loading=\"lazy\" decoding=\"async\" width=\"1024\" height=\"577\" data-id=\"6856\" src=\"https:\/\/treinvestimentos.com.br\/wp-content\/uploads\/2025\/03\/20250227_091925-4-1024x577.jpg\" alt=\"\" class=\"wp-image-6856\" srcset=\"https:\/\/treinvestimentos.com.br\/antigo\/wp-content\/uploads\/2025\/03\/20250227_091925-4-1024x577.jpg 1024w, https:\/\/treinvestimentos.com.br\/antigo\/wp-content\/uploads\/2025\/03\/20250227_091925-4-350x197.jpg 350w, https:\/\/treinvestimentos.com.br\/antigo\/wp-content\/uploads\/2025\/03\/20250227_091925-4-768x432.jpg 768w, https:\/\/treinvestimentos.com.br\/antigo\/wp-content\/uploads\/2025\/03\/20250227_091925-4-1536x865.jpg 1536w, https:\/\/treinvestimentos.com.br\/antigo\/wp-content\/uploads\/2025\/03\/20250227_091925-4-2048x1153.jpg 2048w, https:\/\/treinvestimentos.com.br\/antigo\/wp-content\/uploads\/2025\/03\/20250227_091925-4-600x338.jpg 600w\" sizes=\"auto, (max-width: 1024px) 100vw, 1024px\" \/><\/figure>\n<\/figure>\n\n\n\n<p>Talvez seja melhor contar sobre a <strong>conversa com o diretor de finan\u00e7as do grupo<\/strong>, em que ele explicou a crise econ\u00f4mica no Egito e como a sequ\u00eancia de desvaloriza\u00e7\u00e3o da moeda eg\u00edpcia afetou os resultados das empresas nos \u00faltimos anos &#8211; especialmente no ano passado com uma varia\u00e7\u00e3o de 16 EGP\/1 EURO para 50 EGP\/1 EURO e, como ainda assim, <strong>10% dos lucros v\u00e3o para a funda\u00e7\u00e3o e as associa\u00e7\u00f5es integradas ao grupo SEKEM.<\/strong> Ou, quem sabe, contar como foi minha experi\u00eancia ao participar, com colaboradores da f\u00e1brica, da<strong> viv\u00eancia de \u201c<em>desenho de formas<\/em>\u201d<\/strong>, uma parte dos <strong>10% do tempo do colaborador dedicado \u00e0 arte e autodesenvolvimento?<\/strong><\/p>\n\n\n\n<p class=\"has-text-align-left\">N\u00e3o poderia deixar de contar como <strong>os pr\u00e9dios das f\u00e1bricas, e as casas da ecovila, est\u00e3o harmoniosamente integrados \u00e0 natureza <\/strong>e que diferen\u00e7a isto faz num pa\u00eds como o Egito.<\/p>\n\n\n\n<figure class=\"wp-block-image size-large\"><img loading=\"lazy\" decoding=\"async\" width=\"1024\" height=\"577\" src=\"https:\/\/treinvestimentos.com.br\/wp-content\/uploads\/2025\/03\/20250301_085733-1-1024x577.jpg\" alt=\"\" class=\"wp-image-6849\" srcset=\"https:\/\/treinvestimentos.com.br\/antigo\/wp-content\/uploads\/2025\/03\/20250301_085733-1-1024x577.jpg 1024w, https:\/\/treinvestimentos.com.br\/antigo\/wp-content\/uploads\/2025\/03\/20250301_085733-1-350x197.jpg 350w, https:\/\/treinvestimentos.com.br\/antigo\/wp-content\/uploads\/2025\/03\/20250301_085733-1-768x432.jpg 768w, https:\/\/treinvestimentos.com.br\/antigo\/wp-content\/uploads\/2025\/03\/20250301_085733-1-1536x865.jpg 1536w, https:\/\/treinvestimentos.com.br\/antigo\/wp-content\/uploads\/2025\/03\/20250301_085733-1-2048x1153.jpg 2048w, https:\/\/treinvestimentos.com.br\/antigo\/wp-content\/uploads\/2025\/03\/20250301_085733-1-600x338.jpg 600w\" sizes=\"auto, (max-width: 1024px) 100vw, 1024px\" \/><\/figure>\n\n\n\n<p>Bem, mas vamos ser pr\u00e1ticos! O que \u00e9 importante ver, compreender ou aprender sobre SEKEM?&nbsp;<\/p>\n\n\n\n<p>Mostafa, o vendedor que me levou ao Hyper1, entrou para o time de SEKEM h\u00e1 oito meses. Ele me contou que est\u00e1 bem contente com o novo emprego:<\/p>\n\n\n\n<p><strong>Sergio<\/strong>: Mostafa, what is SEKEM for you in a short sentence? <em>(Mostafa, o que \u00e9 a SEKEM para voc\u00ea em uma frase curta?)<\/em><\/p>\n\n\n\n<p><strong>Mostafa<\/strong>: SEKEM is about building communities <em>(SEKEM \u00e9 sobre construir comunidades).<\/em><\/p>\n\n\n\n<div class=\"wp-block-columns is-layout-flex wp-container-core-columns-is-layout-9d6595d7 wp-block-columns-is-layout-flex\">\n<div class=\"wp-block-column is-layout-flow wp-block-column-is-layout-flow\" style=\"flex-basis:100%\">\n<figure class=\"wp-block-gallery has-nested-images columns-default is-cropped wp-block-gallery-2 is-layout-flex wp-block-gallery-is-layout-flex\">\n<figure class=\"wp-block-image size-large\"><img loading=\"lazy\" decoding=\"async\" width=\"1024\" height=\"577\" data-id=\"6828\" src=\"https:\/\/treinvestimentos.com.br\/wp-content\/uploads\/2025\/03\/20250225_120800-1024x577.jpg\" alt=\"\" class=\"wp-image-6828\" srcset=\"https:\/\/treinvestimentos.com.br\/antigo\/wp-content\/uploads\/2025\/03\/20250225_120800-1024x577.jpg 1024w, https:\/\/treinvestimentos.com.br\/antigo\/wp-content\/uploads\/2025\/03\/20250225_120800-350x197.jpg 350w, https:\/\/treinvestimentos.com.br\/antigo\/wp-content\/uploads\/2025\/03\/20250225_120800-768x432.jpg 768w, https:\/\/treinvestimentos.com.br\/antigo\/wp-content\/uploads\/2025\/03\/20250225_120800-1536x865.jpg 1536w\" sizes=\"auto, (max-width: 1024px) 100vw, 1024px\" \/><\/figure>\n\n\n\n<figure class=\"wp-block-image size-large\"><img loading=\"lazy\" decoding=\"async\" width=\"1024\" height=\"577\" data-id=\"6827\" src=\"https:\/\/treinvestimentos.com.br\/wp-content\/uploads\/2025\/03\/20250225_112845-1024x577.jpg\" alt=\"\" class=\"wp-image-6827\" srcset=\"https:\/\/treinvestimentos.com.br\/antigo\/wp-content\/uploads\/2025\/03\/20250225_112845-1024x577.jpg 1024w, https:\/\/treinvestimentos.com.br\/antigo\/wp-content\/uploads\/2025\/03\/20250225_112845-350x197.jpg 350w, https:\/\/treinvestimentos.com.br\/antigo\/wp-content\/uploads\/2025\/03\/20250225_112845-768x432.jpg 768w, https:\/\/treinvestimentos.com.br\/antigo\/wp-content\/uploads\/2025\/03\/20250225_112845-1536x865.jpg 1536w\" sizes=\"auto, (max-width: 1024px) 100vw, 1024px\" \/><\/figure>\n<\/figure>\n<\/div>\n<\/div>\n\n\n\n<p>Eu j\u00e1 tinha ouvido isto de v\u00e1rias outras pessoas da dire\u00e7\u00e3o, mas honestamente n\u00e3o esperava de pronto de um vendedor rec\u00e9m chegado e que passa boa parte de seu dia visitando clientes. Mas vamos lembrar que antes de come\u00e7ar suas visitas, Mostafa participa do \u201c<strong><em>Morning Circle<\/em><\/strong>\u201d. N\u00e3o s\u00f3 ele, mas todos, de todas as empresas, escolas e associa\u00e7\u00f5es.&nbsp;<\/p>\n\n\n\n<p>O dia em SEKEM come\u00e7a com um <strong>c\u00edrculo no qual podem se ver e se perceber como parte de um todo<\/strong>. Os c\u00edrculos variam um pouco de formato, mas <strong>em todos, algum aprendizado ou sabedoria ser\u00e1 compartilhado<\/strong>. Participei, na maioria das manh\u00e3s, \u00e0s 6:30hs, de um dos c\u00edrculos no qual se re\u00fanem membros do Conselho do Futuro, moradores fixos e tempor\u00e1rios da ecovila e Helmy Abloulish, cofundador e CEO de SEKEM.<\/p>\n\n\n\n<figure class=\"wp-block-gallery has-nested-images columns-default is-cropped wp-block-gallery-3 is-layout-flex wp-block-gallery-is-layout-flex\">\n<figure class=\"wp-block-image size-full\"><img decoding=\"async\" data-id=\"6829\" src=\"https:\/\/treinvestimentos.com.br\/wp-content\/uploads\/2025\/03\/20250225_090346.jpg\" alt=\"\" class=\"wp-image-6829\"\/><\/figure>\n<\/figure>\n\n\n\n<p>N\u00e3o vou simplificar dizendo que as pessoas se sentem fazendo parte de uma comunidade s\u00f3 por causa do c\u00edrculo, mas posso afirmar com tranquilidade que <strong>no centro dos princ\u00edpios de SEKEM est\u00e1 presente a ideia de formar comunidades<\/strong>. O \u201c<em>Morning Circle<\/em>\u201d \u00e9 apenas um dos mecanismos que suportam este princ\u00edpio para dentro e para fora da organiza\u00e7\u00e3o e do pa\u00eds.&nbsp;<\/p>\n\n\n\n<p>J\u00e1 estava sem gra\u00e7a com tanto apoio para os agendamentos de conversas, mas Regina, uma das pioneiras, me respondeu que est\u00e3o <strong>conscientes de investir bastante tempo em construir relacionamentos.<\/strong> E vi isto acontecer muito. N\u00e3o foram poucas as situa\u00e7\u00f5es nas quais dividi a mesa de refei\u00e7\u00f5es com outros visitantes internacionais, parceiros ou potenciais parceiros.&nbsp;<\/p>\n\n\n\n<p>Samuel, um jovem alem\u00e3o que trabalha na \u00e1rea de exporta\u00e7\u00e3o da Lotus, empresa do grupo que faz o processamento e secagem de ervas, comenta que, em alguns casos, novos compradores internacionais demoram para entender que <strong>fazer neg\u00f3cio com SEKEM n\u00e3o \u00e9 sobre um bra\u00e7o de ferro de comprar e vender, mas sim sobre formar uma comunidade na qual fazer neg\u00f3cios \u00e9 um meio e n\u00e3o um fim<\/strong>.&nbsp;<\/p>\n\n\n\n<p>Para al\u00e9m da comunidade local, \u00e9 poss\u00edvel enxergar uma potente comunidade mundial SEKEM constru\u00edda gr\u00e3o por gr\u00e3o de areia ao longo dos seus 48 anos.&nbsp;<\/p>\n\n\n\n<p>Seguindo na pergunta sobre o que podemos ver, compreender ou aprender sobre SEKEM, precisamos olhar para a ideia de <strong>\u201c<\/strong><strong><em>unfold potential<\/em><\/strong><strong>\u201d<\/strong>, que aparece escrito na placa da <a href=\"https:\/\/hu.edu.eg\/\">Universidade Heli\u00f3polis<\/a>, um dos empreendimentos do grupo.&nbsp;<\/p>\n\n\n\n<p>Conta a lenda, e v\u00e1rios me contaram, que <strong>o fundador Ibrahim Aboulish, pai de Helmy, costumava pedir para as pessoas realizarem atividades, ou coordenarem projetos, que elas n\u00e3o se consideravam aptas a fazer<\/strong>. Ele tinha uma especial capacidade de observar as pessoas e desafi\u00e1-las, com precis\u00e3o, cuidado e generosidade. Isto permanece na cultura, mesmo ap\u00f3s sua morte. Assim \u00e9 que podemos ver Nihal conduzindo as oficinas de desenho de forma dos colaboradores, quando ela mesma ainda est\u00e1 aprendendo.&nbsp;<\/p>\n\n\n\n<figure class=\"wp-block-image size-large\"><img loading=\"lazy\" decoding=\"async\" width=\"1024\" height=\"418\" src=\"https:\/\/treinvestimentos.com.br\/wp-content\/uploads\/2025\/03\/formas-1024x418.jpg\" alt=\"\" class=\"wp-image-6846\" srcset=\"https:\/\/treinvestimentos.com.br\/antigo\/wp-content\/uploads\/2025\/03\/formas-1024x418.jpg 1024w, https:\/\/treinvestimentos.com.br\/antigo\/wp-content\/uploads\/2025\/03\/formas-350x143.jpg 350w, https:\/\/treinvestimentos.com.br\/antigo\/wp-content\/uploads\/2025\/03\/formas-768x313.jpg 768w, https:\/\/treinvestimentos.com.br\/antigo\/wp-content\/uploads\/2025\/03\/formas-600x245.jpg 600w, https:\/\/treinvestimentos.com.br\/antigo\/wp-content\/uploads\/2025\/03\/formas.jpg 1111w\" sizes=\"auto, (max-width: 1024px) 100vw, 1024px\" \/><\/figure>\n\n\n\n<p>SEKEM n\u00e3o \u00e9 um lugar para se estudar muito sobre algo e ent\u00e3o come\u00e7ar a fazer, <strong>\u00e9 um lugar para come\u00e7ar a fazer e ent\u00e3o aprender<\/strong>. O fazer a servi\u00e7o \u00e9 o meio de desvelar, desdobrar e desenvolver o potencial de cada pessoa e de cada empreendimento. Isto explica, o que j\u00e1 contei no texto anterior, sobre o m\u00e9todo de ensino e pesquisa da Universidade Heli\u00f3polis.&nbsp;<\/p>\n\n\n\n<p>At\u00e9 recentemente 90% dos produtos SEKEM eram comercializados no mercado interno, no qual s\u00e3o l\u00edderes em praticamente toda a linha de ch\u00e1s, azeite e mel. Com a constante desvaloriza\u00e7\u00e3o da moeda, tornou-se vital ampliar as exporta\u00e7\u00f5es para cumprir com os financiamentos em EURO. <strong>As exporta\u00e7\u00f5es cresceram e representam hoje cerca de 50% das vendas<\/strong>. Os principais compradores s\u00e3o pa\u00edses da Europa, nos quais o selo <a href=\"https:\/\/demeter.net\/certification\/\">D\u00e9meter<\/a> \u00e9 mais conhecido e significa alt\u00edssima qualidade. <strong>Mas n\u00e3o \u00e9 sobre disputa de mercado, ainda que na prateleira do mercado ela exista, \u00e9 sobre produzir alimentos que s\u00e3o bons para a sa\u00fade do ser humano e do planeta.&nbsp;&nbsp;<\/strong><\/p>\n\n\n\n<figure class=\"wp-block-gallery has-nested-images columns-default is-cropped wp-block-gallery-4 is-layout-flex wp-block-gallery-is-layout-flex\">\n<figure class=\"wp-block-image size-large is-resized\"><img loading=\"lazy\" decoding=\"async\" width=\"1024\" height=\"1024\" data-id=\"6832\" src=\"https:\/\/treinvestimentos.com.br\/wp-content\/uploads\/2025\/03\/20250226_1020462-1024x1024.jpg\" alt=\"\" class=\"wp-image-6832\" style=\"width:374px;height:auto\" srcset=\"https:\/\/treinvestimentos.com.br\/antigo\/wp-content\/uploads\/2025\/03\/20250226_1020462-1024x1024.jpg 1024w, https:\/\/treinvestimentos.com.br\/antigo\/wp-content\/uploads\/2025\/03\/20250226_1020462-350x350.jpg 350w, https:\/\/treinvestimentos.com.br\/antigo\/wp-content\/uploads\/2025\/03\/20250226_1020462-200x200.jpg 200w, https:\/\/treinvestimentos.com.br\/antigo\/wp-content\/uploads\/2025\/03\/20250226_1020462-768x769.jpg 768w, https:\/\/treinvestimentos.com.br\/antigo\/wp-content\/uploads\/2025\/03\/20250226_1020462-1534x1536.jpg 1534w, https:\/\/treinvestimentos.com.br\/antigo\/wp-content\/uploads\/2025\/03\/20250226_1020462-140x140.jpg 140w, https:\/\/treinvestimentos.com.br\/antigo\/wp-content\/uploads\/2025\/03\/20250226_1020462-100x100.jpg 100w, https:\/\/treinvestimentos.com.br\/antigo\/wp-content\/uploads\/2025\/03\/20250226_1020462-500x500.jpg 500w, https:\/\/treinvestimentos.com.br\/antigo\/wp-content\/uploads\/2025\/03\/20250226_1020462-1000x1000.jpg 1000w, https:\/\/treinvestimentos.com.br\/antigo\/wp-content\/uploads\/2025\/03\/20250226_1020462-800x800.jpg 800w, https:\/\/treinvestimentos.com.br\/antigo\/wp-content\/uploads\/2025\/03\/20250226_1020462-300x300.jpg 300w, https:\/\/treinvestimentos.com.br\/antigo\/wp-content\/uploads\/2025\/03\/20250226_1020462-600x601.jpg 600w, https:\/\/treinvestimentos.com.br\/antigo\/wp-content\/uploads\/2025\/03\/20250226_1020462-150x150.jpg 150w, https:\/\/treinvestimentos.com.br\/antigo\/wp-content\/uploads\/2025\/03\/20250226_1020462.jpg 1615w\" sizes=\"auto, (max-width: 1024px) 100vw, 1024px\" \/><\/figure>\n\n\n\n<figure class=\"wp-block-image size-large\"><img loading=\"lazy\" decoding=\"async\" width=\"1024\" height=\"577\" data-id=\"6834\" src=\"https:\/\/treinvestimentos.com.br\/wp-content\/uploads\/2025\/03\/20250226_101754-1024x577.jpg\" alt=\"\" class=\"wp-image-6834\" srcset=\"https:\/\/treinvestimentos.com.br\/antigo\/wp-content\/uploads\/2025\/03\/20250226_101754-1024x577.jpg 1024w, https:\/\/treinvestimentos.com.br\/antigo\/wp-content\/uploads\/2025\/03\/20250226_101754-350x197.jpg 350w, https:\/\/treinvestimentos.com.br\/antigo\/wp-content\/uploads\/2025\/03\/20250226_101754-768x432.jpg 768w, https:\/\/treinvestimentos.com.br\/antigo\/wp-content\/uploads\/2025\/03\/20250226_101754-1536x865.jpg 1536w\" sizes=\"auto, (max-width: 1024px) 100vw, 1024px\" \/><\/figure>\n<\/figure>\n\n\n\n<p>Ent\u00e3o chegamos a tr\u00eas pontos nos quais podemos ver o esfor\u00e7o de SEKEM para atuar sistemicamente, de acordo com a natureza trimembrada da sociedade: <strong>na produ\u00e7\u00e3o de alimentos, na forma\u00e7\u00e3o de comunidades e no desenvolvimento das capacidades humanas.<\/strong><\/p>\n\n\n\n<p>Todos os empreendimentos t\u00eam sua pr\u00f3pria estrutura, equipe, planos e quando voc\u00ea olha para eles isoladamente n\u00e3o v\u00ea uma grande complexidade &#8211; produ\u00e7\u00e3o agr\u00edcola, processamento, distribui\u00e7\u00e3o, escolas, ONGs, etc. Mas quando olha para o <strong>entrela\u00e7amento entre os empreendimentos<\/strong>: os projetos de desenvolvimento dos colaboradores, dos agricultores, das pr\u00e1ticas agr\u00edcolas, dos estudantes desde o jardim da inf\u00e2ncia at\u00e9 a universidade, os est\u00e1gios dos estudantes, as pesquisas, o desenvolvimento local, a certifica\u00e7\u00e3o, o microcr\u00e9dito, o cr\u00e9dito de carbono, o plano detalhado em torno dos <a href=\"https:\/\/brasil.un.org\/pt-br\/sdgs\">17 Objetivos de Desenvolvimento Sustent\u00e1vel<\/a>, etc. &#8211; a\u00ed vemos uma <strong>organiza\u00e7\u00e3o extremamente sofisticada.&nbsp;<\/strong><\/p>\n\n\n\n<p>N\u00e3o vou aborrec\u00ea-los com detalhes sobre a estrutura jur\u00eddica, mas preciso destacar singularidade: <strong>os pioneiros criaram na Alemanha uma sociedade de benef\u00edcio, para a qual transferiram todas as suas a\u00e7\u00f5es, de tal forma que a empresa hoje pertence a si mesma, <\/strong>semelhante ao modelo de<strong> \u201c<\/strong><a href=\"https:\/\/wearestewards.nl\/en\/what-is-steward-ownership\/\"><strong><em>steward ownership<\/em><\/strong><\/a><strong>\u201d<\/strong> adotado por empresas como como a Bosch, Zeiss e Novo Nordisk.<\/p>\n\n\n\n<p>Voc\u00ea pode estar achando SEKEM incr\u00edvel ou que estou iludido. Poderia, mas n\u00e3o estou. Passei aqui tr\u00eas semanas, nesta que \u00e9 a minha quarta visita, e entrevistei muita gente. <strong>SEKEM n\u00e3o \u00e9 perfeita, nem poderia. <\/strong>Fiz um relat\u00f3rio para eles, utilizando o m\u00e9todo que temos na <a href=\"https:\/\/www.thyme.com.br\/\">Thyme<\/a>, no qual apresentei cinco pontos nos quais observei tens\u00f5es culturais, ou seja, pontos sobre os quais as pessoas divergem entre como gostariam que fossem as coisas e como s\u00e3o na realidade. Nenhum destes pontos tira o brilho de tudo que escrevi nestes dois relatos. <strong>E afinal, para eles \u201c<em>better done than perfect<\/em>\u201d (<em>melhor feito do que perfeito,<\/em> em portugu\u00eas).\u00a0<\/strong><\/p>\n\n\n\n<p>SEKEM \u00e9 replic\u00e1vel? Obviamente n\u00e3o. <strong>Mas criar uma proposta original, inspirada em alguns ou v\u00e1rios de seus fundamentos, atendendo \u00e0s peculiaridades e necessidades do Brasil, absolutamente sim! <\/strong>E em breve espero me encontrar com <strong>realizadores inquiethos<\/strong> certos para isto, como v\u00e1rios que encontrei aqui, <strong>com olhos de ver e coragem de fazer<\/strong>.<\/p>\n\n\n\n<p><strong>Saio daqui animado,<\/strong> com articula\u00e7\u00f5es para a Certifica\u00e7\u00e3o da Economia do Amor e tamb\u00e9m para interc\u00e2mbio de estudantes da Universidade de Heli\u00f3polis na Fazenda Volkmann, que produz arroz biodin\u00e2mico, no Rio Grande do Sul (obrigado Felipe Mendes por abrir a porta com o Jo\u00e3o Volkmann e Jo\u00e3o pela prontid\u00e3o). Tamb\u00e9m saio com muitos novos amigos do cora\u00e7\u00e3o em SEKEM.&nbsp;&nbsp;<\/p>\n\n\n\n<figure class=\"wp-block-gallery has-nested-images columns-default is-cropped wp-block-gallery-5 is-layout-flex wp-block-gallery-is-layout-flex\">\n<figure class=\"wp-block-image size-large\"><img loading=\"lazy\" decoding=\"async\" width=\"1024\" height=\"768\" data-id=\"6831\" src=\"https:\/\/treinvestimentos.com.br\/wp-content\/uploads\/2025\/03\/20250308_070536-1024x768.jpg\" alt=\"\" class=\"wp-image-6831\" srcset=\"https:\/\/treinvestimentos.com.br\/antigo\/wp-content\/uploads\/2025\/03\/20250308_070536-1024x768.jpg 1024w, https:\/\/treinvestimentos.com.br\/antigo\/wp-content\/uploads\/2025\/03\/20250308_070536-350x263.jpg 350w, https:\/\/treinvestimentos.com.br\/antigo\/wp-content\/uploads\/2025\/03\/20250308_070536-768x576.jpg 768w, https:\/\/treinvestimentos.com.br\/antigo\/wp-content\/uploads\/2025\/03\/20250308_070536-1536x1152.jpg 1536w, https:\/\/treinvestimentos.com.br\/antigo\/wp-content\/uploads\/2025\/03\/20250308_070536-2048x1536.jpg 2048w, https:\/\/treinvestimentos.com.br\/antigo\/wp-content\/uploads\/2025\/03\/20250308_070536-600x450.jpg 600w\" sizes=\"auto, (max-width: 1024px) 100vw, 1024px\" \/><\/figure>\n<\/figure>\n\n\n\n<p>Minhas pr\u00f3ximas paradas ser\u00e3o <a href=\"https:\/\/www.naturasi.it\/?srsltid=AfmBOookLn6NTscY6Gz5o9GA2GfrGAqj4Pz5OLu4AhDRaIPG2TnZBEmQ\">Naturasi<\/a> e <a href=\"https:\/\/damanhur.org\/?lang=it\">Damanhur<\/a> na It\u00e1lia. J\u00e1 j\u00e1 volto com minhas impress\u00f5es.<\/p>\n\n\n\n<p>Abra\u00e7os e beijos.&nbsp;<\/p>\n\n\n\n<p>At\u00e9 j\u00e1,<\/p>\n\n\n\n<p><strong>Sergio Resende<\/strong><\/p>\n\n\n\n<hr class=\"wp-block-separator has-alpha-channel-opacity\"\/>\n\n\n\n<pre class=\"wp-block-verse\"><em><strong>Sergio Resende<\/strong> \u00e9 cofundador da <a href=\"https:\/\/www.thyme.com.br\/\">Thyme - Evolu\u00e7\u00e3o Cultural<\/a>, na qual atua como consultor de cultura organizacional e coach de executivos. \u00c9 tamb\u00e9m cofundador&nbsp; e diretor da <a href=\"https:\/\/treinvestimentos.com.br\/\">Tr\u00ea Investindo com Causa<\/a>. H\u00e1 25 anos, dedica-se a entender o ser humano em seu contexto de trabalho e a promover o desenvolvimento de indiv\u00edduos livres e organiza\u00e7\u00f5es saud\u00e1veis. Nos primeiros meses de 2025, Sergio embarca em uma Jornada de Pesquisa internacional, em busca de inspira\u00e7\u00f5es para o futuro de nossa sociedade e a constru\u00e7\u00e3o de uma Nova Economia.&nbsp;<br><br>Acompanhe o Sergio nessa viagem na se\u00e7\u00e3o <a href=\"https:\/\/treinvestimentos.com.br\/blog\/jornadas\/\">Jornadas<\/a> do <a href=\"https:\/\/treinvestimentos.com.br\/conteudos\/\">blog da Tr\u00ea<\/a>.<\/em><\/pre>\n\n\n\n<p><\/p>\n","protected":false},"excerpt":{"rendered":"<p>Por Sergio Resende | Tr\u00ea Investindo com Causa Estou fechando minha jornada em SEKEM com uma enorme dificuldade de escolher o que contar para voc\u00eas sobre os \u00faltimos dias aqui&#8230;.<\/p>\n","protected":false},"author":152,"featured_media":6835,"comment_status":"open","ping_status":"open","sticky":false,"template":"","format":"standard","meta":{"give_campaign_id":0,"inline_featured_image":false,"footnotes":"[]"},"categories":[73],"tags":[74],"class_list":{"0":"post-6818","1":"post","2":"type-post","3":"status-publish","4":"format-standard","5":"has-post-thumbnail","7":"category-jornadas","8":"tag-jornada"},"yoast_head":"<!-- This site is optimized with the Yoast SEO plugin v27.5 - https:\/\/yoast.com\/product\/yoast-seo-wordpress\/ -->\n<title>Jornada de Pesquisa #3 - Olhos de ver e coragem de fazer - Tr\u00ea Investindo com Causa<\/title>\n<meta name=\"robots\" content=\"noindex, follow\" \/>\n<meta property=\"og:locale\" content=\"pt_BR\" \/>\n<meta property=\"og:type\" content=\"article\" \/>\n<meta property=\"og:title\" content=\"Jornada de Pesquisa #3 - Olhos de ver e coragem de fazer - Tr\u00ea Investindo com Causa\" \/>\n<meta property=\"og:description\" content=\"Por Sergio Resende | Tr\u00ea Investindo com Causa Estou fechando minha jornada em SEKEM com uma enorme dificuldade de escolher o que contar para voc\u00eas sobre os \u00faltimos dias aqui....\" \/>\n<meta property=\"og:url\" content=\"https:\/\/treinvestimentos.com.br\/antigo\/jornadas\/jornada-de-pesquisa-3-olhos-de-ver-e-coragem-de-fazer\/\" \/>\n<meta property=\"og:site_name\" content=\"Tr\u00ea Investindo com Causa\" \/>\n<meta property=\"article:published_time\" content=\"2025-03-11T14:46:01+00:00\" \/>\n<meta property=\"article:modified_time\" content=\"2025-03-13T19:45:27+00:00\" \/>\n<meta property=\"og:image\" content=\"https:\/\/treinvestimentos.com.br\/antigo\/wp-content\/uploads\/2025\/03\/02-1.jpg\" \/>\n\t<meta property=\"og:image:width\" content=\"650\" \/>\n\t<meta property=\"og:image:height\" content=\"423\" \/>\n\t<meta property=\"og:image:type\" content=\"image\/jpeg\" \/>\n<meta name=\"author\" content=\"Milena Moraes\" \/>\n<meta name=\"twitter:card\" content=\"summary_large_image\" \/>\n<meta name=\"twitter:label1\" content=\"Escrito por\" \/>\n\t<meta name=\"twitter:data1\" content=\"Milena Moraes\" \/>\n\t<meta name=\"twitter:label2\" content=\"Est. tempo de leitura\" \/>\n\t<meta name=\"twitter:data2\" content=\"8 minutos\" \/>\n<script type=\"application\/ld+json\" class=\"yoast-schema-graph\">{\"@context\":\"https:\\\/\\\/schema.org\",\"@graph\":[{\"@type\":\"Article\",\"@id\":\"https:\\\/\\\/treinvestimentos.com.br\\\/antigo\\\/jornadas\\\/jornada-de-pesquisa-3-olhos-de-ver-e-coragem-de-fazer\\\/#article\",\"isPartOf\":{\"@id\":\"https:\\\/\\\/treinvestimentos.com.br\\\/antigo\\\/jornadas\\\/jornada-de-pesquisa-3-olhos-de-ver-e-coragem-de-fazer\\\/\"},\"author\":{\"name\":\"Milena Moraes\",\"@id\":\"https:\\\/\\\/treinvestimentos.com.br\\\/antigo\\\/#\\\/schema\\\/person\\\/b0a4e82ce3ce39a58a59f15134916cb6\"},\"headline\":\"Jornada de Pesquisa #3 &#8211; Olhos de ver e coragem de fazer\",\"datePublished\":\"2025-03-11T14:46:01+00:00\",\"dateModified\":\"2025-03-13T19:45:27+00:00\",\"mainEntityOfPage\":{\"@id\":\"https:\\\/\\\/treinvestimentos.com.br\\\/antigo\\\/jornadas\\\/jornada-de-pesquisa-3-olhos-de-ver-e-coragem-de-fazer\\\/\"},\"wordCount\":1495,\"commentCount\":0,\"publisher\":{\"@id\":\"https:\\\/\\\/treinvestimentos.com.br\\\/antigo\\\/#organization\"},\"image\":{\"@id\":\"https:\\\/\\\/treinvestimentos.com.br\\\/antigo\\\/jornadas\\\/jornada-de-pesquisa-3-olhos-de-ver-e-coragem-de-fazer\\\/#primaryimage\"},\"thumbnailUrl\":\"https:\\\/\\\/treinvestimentos.com.br\\\/antigo\\\/wp-content\\\/uploads\\\/2025\\\/03\\\/02-1.jpg\",\"keywords\":[\"Jornada\"],\"articleSection\":[\"Jornadas\"],\"inLanguage\":\"pt-BR\",\"potentialAction\":[{\"@type\":\"CommentAction\",\"name\":\"Comment\",\"target\":[\"https:\\\/\\\/treinvestimentos.com.br\\\/antigo\\\/jornadas\\\/jornada-de-pesquisa-3-olhos-de-ver-e-coragem-de-fazer\\\/#respond\"]}]},{\"@type\":\"WebPage\",\"@id\":\"https:\\\/\\\/treinvestimentos.com.br\\\/antigo\\\/jornadas\\\/jornada-de-pesquisa-3-olhos-de-ver-e-coragem-de-fazer\\\/\",\"url\":\"https:\\\/\\\/treinvestimentos.com.br\\\/antigo\\\/jornadas\\\/jornada-de-pesquisa-3-olhos-de-ver-e-coragem-de-fazer\\\/\",\"name\":\"Jornada de Pesquisa #3 - Olhos de ver e coragem de fazer - Tr\u00ea Investindo com Causa\",\"isPartOf\":{\"@id\":\"https:\\\/\\\/treinvestimentos.com.br\\\/antigo\\\/#website\"},\"primaryImageOfPage\":{\"@id\":\"https:\\\/\\\/treinvestimentos.com.br\\\/antigo\\\/jornadas\\\/jornada-de-pesquisa-3-olhos-de-ver-e-coragem-de-fazer\\\/#primaryimage\"},\"image\":{\"@id\":\"https:\\\/\\\/treinvestimentos.com.br\\\/antigo\\\/jornadas\\\/jornada-de-pesquisa-3-olhos-de-ver-e-coragem-de-fazer\\\/#primaryimage\"},\"thumbnailUrl\":\"https:\\\/\\\/treinvestimentos.com.br\\\/antigo\\\/wp-content\\\/uploads\\\/2025\\\/03\\\/02-1.jpg\",\"datePublished\":\"2025-03-11T14:46:01+00:00\",\"dateModified\":\"2025-03-13T19:45:27+00:00\",\"breadcrumb\":{\"@id\":\"https:\\\/\\\/treinvestimentos.com.br\\\/antigo\\\/jornadas\\\/jornada-de-pesquisa-3-olhos-de-ver-e-coragem-de-fazer\\\/#breadcrumb\"},\"inLanguage\":\"pt-BR\",\"potentialAction\":[{\"@type\":\"ReadAction\",\"target\":[\"https:\\\/\\\/treinvestimentos.com.br\\\/antigo\\\/jornadas\\\/jornada-de-pesquisa-3-olhos-de-ver-e-coragem-de-fazer\\\/\"]}]},{\"@type\":\"ImageObject\",\"inLanguage\":\"pt-BR\",\"@id\":\"https:\\\/\\\/treinvestimentos.com.br\\\/antigo\\\/jornadas\\\/jornada-de-pesquisa-3-olhos-de-ver-e-coragem-de-fazer\\\/#primaryimage\",\"url\":\"https:\\\/\\\/treinvestimentos.com.br\\\/antigo\\\/wp-content\\\/uploads\\\/2025\\\/03\\\/02-1.jpg\",\"contentUrl\":\"https:\\\/\\\/treinvestimentos.com.br\\\/antigo\\\/wp-content\\\/uploads\\\/2025\\\/03\\\/02-1.jpg\",\"width\":650,\"height\":423},{\"@type\":\"BreadcrumbList\",\"@id\":\"https:\\\/\\\/treinvestimentos.com.br\\\/antigo\\\/jornadas\\\/jornada-de-pesquisa-3-olhos-de-ver-e-coragem-de-fazer\\\/#breadcrumb\",\"itemListElement\":[{\"@type\":\"ListItem\",\"position\":1,\"name\":\"In\u00edcio\",\"item\":\"https:\\\/\\\/treinvestimentos.com.br\\\/antigo\\\/\"},{\"@type\":\"ListItem\",\"position\":2,\"name\":\"Jornada de Pesquisa #3 &#8211; Olhos de ver e coragem de fazer\"}]},{\"@type\":\"WebSite\",\"@id\":\"https:\\\/\\\/treinvestimentos.com.br\\\/antigo\\\/#website\",\"url\":\"https:\\\/\\\/treinvestimentos.com.br\\\/antigo\\\/\",\"name\":\"Tr\u00ea Investindo com Causa\",\"description\":\"Queremos popularizar o investimento em causas, promovendo uma amplia\u00e7\u00e3o da consci\u00eancia no uso do dinheiro e na co-constru\u00e7\u00e3o de uma nova economia.\",\"publisher\":{\"@id\":\"https:\\\/\\\/treinvestimentos.com.br\\\/antigo\\\/#organization\"},\"potentialAction\":[{\"@type\":\"SearchAction\",\"target\":{\"@type\":\"EntryPoint\",\"urlTemplate\":\"https:\\\/\\\/treinvestimentos.com.br\\\/antigo\\\/?s={search_term_string}\"},\"query-input\":{\"@type\":\"PropertyValueSpecification\",\"valueRequired\":true,\"valueName\":\"search_term_string\"}}],\"inLanguage\":\"pt-BR\"},{\"@type\":\"Organization\",\"@id\":\"https:\\\/\\\/treinvestimentos.com.br\\\/antigo\\\/#organization\",\"name\":\"Tr\u00ea Investindo com Causa\",\"url\":\"https:\\\/\\\/treinvestimentos.com.br\\\/antigo\\\/\",\"logo\":{\"@type\":\"ImageObject\",\"inLanguage\":\"pt-BR\",\"@id\":\"https:\\\/\\\/treinvestimentos.com.br\\\/antigo\\\/#\\\/schema\\\/logo\\\/image\\\/\",\"url\":\"https:\\\/\\\/treinvestimentos.com.br\\\/wp-content\\\/uploads\\\/2021\\\/08\\\/Logo-completo-Tre-azul.png\",\"contentUrl\":\"https:\\\/\\\/treinvestimentos.com.br\\\/wp-content\\\/uploads\\\/2021\\\/08\\\/Logo-completo-Tre-azul.png\",\"width\":1175,\"height\":311,\"caption\":\"Tr\u00ea Investindo com Causa\"},\"image\":{\"@id\":\"https:\\\/\\\/treinvestimentos.com.br\\\/antigo\\\/#\\\/schema\\\/logo\\\/image\\\/\"},\"sameAs\":[\"https:\\\/\\\/www.linkedin.com\\\/company\\\/treinvestindocomcausa\\\/?originalSubdomain=br\"]},{\"@type\":\"Person\",\"@id\":\"https:\\\/\\\/treinvestimentos.com.br\\\/antigo\\\/#\\\/schema\\\/person\\\/b0a4e82ce3ce39a58a59f15134916cb6\",\"name\":\"Milena Moraes\",\"image\":{\"@type\":\"ImageObject\",\"inLanguage\":\"pt-BR\",\"@id\":\"https:\\\/\\\/secure.gravatar.com\\\/avatar\\\/008a27b68dac139c6cbd0aa2724595e49bf0b65e965ae081528e0d76fe6d0d0b?s=96&d=mm&r=g\",\"url\":\"https:\\\/\\\/secure.gravatar.com\\\/avatar\\\/008a27b68dac139c6cbd0aa2724595e49bf0b65e965ae081528e0d76fe6d0d0b?s=96&d=mm&r=g\",\"contentUrl\":\"https:\\\/\\\/secure.gravatar.com\\\/avatar\\\/008a27b68dac139c6cbd0aa2724595e49bf0b65e965ae081528e0d76fe6d0d0b?s=96&d=mm&r=g\",\"caption\":\"Milena Moraes\"}}]}<\/script>\n<!-- \/ Yoast SEO plugin. -->","yoast_head_json":{"title":"Jornada de Pesquisa #3 - Olhos de ver e coragem de fazer - Tr\u00ea Investindo com Causa","robots":{"index":"noindex","follow":"follow"},"og_locale":"pt_BR","og_type":"article","og_title":"Jornada de Pesquisa #3 - Olhos de ver e coragem de fazer - Tr\u00ea Investindo com Causa","og_description":"Por Sergio Resende | Tr\u00ea Investindo com Causa Estou fechando minha jornada em SEKEM com uma enorme dificuldade de escolher o que contar para voc\u00eas sobre os \u00faltimos dias aqui....","og_url":"https:\/\/treinvestimentos.com.br\/antigo\/jornadas\/jornada-de-pesquisa-3-olhos-de-ver-e-coragem-de-fazer\/","og_site_name":"Tr\u00ea Investindo com Causa","article_published_time":"2025-03-11T14:46:01+00:00","article_modified_time":"2025-03-13T19:45:27+00:00","og_image":[{"width":650,"height":423,"url":"https:\/\/treinvestimentos.com.br\/antigo\/wp-content\/uploads\/2025\/03\/02-1.jpg","type":"image\/jpeg"}],"author":"Milena Moraes","twitter_card":"summary_large_image","twitter_misc":{"Escrito por":"Milena Moraes","Est. tempo de leitura":"8 minutos"},"schema":{"@context":"https:\/\/schema.org","@graph":[{"@type":"Article","@id":"https:\/\/treinvestimentos.com.br\/antigo\/jornadas\/jornada-de-pesquisa-3-olhos-de-ver-e-coragem-de-fazer\/#article","isPartOf":{"@id":"https:\/\/treinvestimentos.com.br\/antigo\/jornadas\/jornada-de-pesquisa-3-olhos-de-ver-e-coragem-de-fazer\/"},"author":{"name":"Milena Moraes","@id":"https:\/\/treinvestimentos.com.br\/antigo\/#\/schema\/person\/b0a4e82ce3ce39a58a59f15134916cb6"},"headline":"Jornada de Pesquisa #3 &#8211; Olhos de ver e coragem de fazer","datePublished":"2025-03-11T14:46:01+00:00","dateModified":"2025-03-13T19:45:27+00:00","mainEntityOfPage":{"@id":"https:\/\/treinvestimentos.com.br\/antigo\/jornadas\/jornada-de-pesquisa-3-olhos-de-ver-e-coragem-de-fazer\/"},"wordCount":1495,"commentCount":0,"publisher":{"@id":"https:\/\/treinvestimentos.com.br\/antigo\/#organization"},"image":{"@id":"https:\/\/treinvestimentos.com.br\/antigo\/jornadas\/jornada-de-pesquisa-3-olhos-de-ver-e-coragem-de-fazer\/#primaryimage"},"thumbnailUrl":"https:\/\/treinvestimentos.com.br\/antigo\/wp-content\/uploads\/2025\/03\/02-1.jpg","keywords":["Jornada"],"articleSection":["Jornadas"],"inLanguage":"pt-BR","potentialAction":[{"@type":"CommentAction","name":"Comment","target":["https:\/\/treinvestimentos.com.br\/antigo\/jornadas\/jornada-de-pesquisa-3-olhos-de-ver-e-coragem-de-fazer\/#respond"]}]},{"@type":"WebPage","@id":"https:\/\/treinvestimentos.com.br\/antigo\/jornadas\/jornada-de-pesquisa-3-olhos-de-ver-e-coragem-de-fazer\/","url":"https:\/\/treinvestimentos.com.br\/antigo\/jornadas\/jornada-de-pesquisa-3-olhos-de-ver-e-coragem-de-fazer\/","name":"Jornada de Pesquisa #3 - Olhos de ver e coragem de fazer - Tr\u00ea Investindo com Causa","isPartOf":{"@id":"https:\/\/treinvestimentos.com.br\/antigo\/#website"},"primaryImageOfPage":{"@id":"https:\/\/treinvestimentos.com.br\/antigo\/jornadas\/jornada-de-pesquisa-3-olhos-de-ver-e-coragem-de-fazer\/#primaryimage"},"image":{"@id":"https:\/\/treinvestimentos.com.br\/antigo\/jornadas\/jornada-de-pesquisa-3-olhos-de-ver-e-coragem-de-fazer\/#primaryimage"},"thumbnailUrl":"https:\/\/treinvestimentos.com.br\/antigo\/wp-content\/uploads\/2025\/03\/02-1.jpg","datePublished":"2025-03-11T14:46:01+00:00","dateModified":"2025-03-13T19:45:27+00:00","breadcrumb":{"@id":"https:\/\/treinvestimentos.com.br\/antigo\/jornadas\/jornada-de-pesquisa-3-olhos-de-ver-e-coragem-de-fazer\/#breadcrumb"},"inLanguage":"pt-BR","potentialAction":[{"@type":"ReadAction","target":["https:\/\/treinvestimentos.com.br\/antigo\/jornadas\/jornada-de-pesquisa-3-olhos-de-ver-e-coragem-de-fazer\/"]}]},{"@type":"ImageObject","inLanguage":"pt-BR","@id":"https:\/\/treinvestimentos.com.br\/antigo\/jornadas\/jornada-de-pesquisa-3-olhos-de-ver-e-coragem-de-fazer\/#primaryimage","url":"https:\/\/treinvestimentos.com.br\/antigo\/wp-content\/uploads\/2025\/03\/02-1.jpg","contentUrl":"https:\/\/treinvestimentos.com.br\/antigo\/wp-content\/uploads\/2025\/03\/02-1.jpg","width":650,"height":423},{"@type":"BreadcrumbList","@id":"https:\/\/treinvestimentos.com.br\/antigo\/jornadas\/jornada-de-pesquisa-3-olhos-de-ver-e-coragem-de-fazer\/#breadcrumb","itemListElement":[{"@type":"ListItem","position":1,"name":"In\u00edcio","item":"https:\/\/treinvestimentos.com.br\/antigo\/"},{"@type":"ListItem","position":2,"name":"Jornada de Pesquisa #3 &#8211; Olhos de ver e coragem de fazer"}]},{"@type":"WebSite","@id":"https:\/\/treinvestimentos.com.br\/antigo\/#website","url":"https:\/\/treinvestimentos.com.br\/antigo\/","name":"Tr\u00ea Investindo com Causa","description":"Queremos popularizar o investimento em causas, promovendo uma amplia\u00e7\u00e3o da consci\u00eancia no uso do dinheiro e na co-constru\u00e7\u00e3o de uma nova economia.","publisher":{"@id":"https:\/\/treinvestimentos.com.br\/antigo\/#organization"},"potentialAction":[{"@type":"SearchAction","target":{"@type":"EntryPoint","urlTemplate":"https:\/\/treinvestimentos.com.br\/antigo\/?s={search_term_string}"},"query-input":{"@type":"PropertyValueSpecification","valueRequired":true,"valueName":"search_term_string"}}],"inLanguage":"pt-BR"},{"@type":"Organization","@id":"https:\/\/treinvestimentos.com.br\/antigo\/#organization","name":"Tr\u00ea Investindo com Causa","url":"https:\/\/treinvestimentos.com.br\/antigo\/","logo":{"@type":"ImageObject","inLanguage":"pt-BR","@id":"https:\/\/treinvestimentos.com.br\/antigo\/#\/schema\/logo\/image\/","url":"https:\/\/treinvestimentos.com.br\/wp-content\/uploads\/2021\/08\/Logo-completo-Tre-azul.png","contentUrl":"https:\/\/treinvestimentos.com.br\/wp-content\/uploads\/2021\/08\/Logo-completo-Tre-azul.png","width":1175,"height":311,"caption":"Tr\u00ea Investindo com Causa"},"image":{"@id":"https:\/\/treinvestimentos.com.br\/antigo\/#\/schema\/logo\/image\/"},"sameAs":["https:\/\/www.linkedin.com\/company\/treinvestindocomcausa\/?originalSubdomain=br"]},{"@type":"Person","@id":"https:\/\/treinvestimentos.com.br\/antigo\/#\/schema\/person\/b0a4e82ce3ce39a58a59f15134916cb6","name":"Milena Moraes","image":{"@type":"ImageObject","inLanguage":"pt-BR","@id":"https:\/\/secure.gravatar.com\/avatar\/008a27b68dac139c6cbd0aa2724595e49bf0b65e965ae081528e0d76fe6d0d0b?s=96&d=mm&r=g","url":"https:\/\/secure.gravatar.com\/avatar\/008a27b68dac139c6cbd0aa2724595e49bf0b65e965ae081528e0d76fe6d0d0b?s=96&d=mm&r=g","contentUrl":"https:\/\/secure.gravatar.com\/avatar\/008a27b68dac139c6cbd0aa2724595e49bf0b65e965ae081528e0d76fe6d0d0b?s=96&d=mm&r=g","caption":"Milena Moraes"}}]}},"_links":{"self":[{"href":"https:\/\/treinvestimentos.com.br\/antigo\/wp-json\/wp\/v2\/posts\/6818","targetHints":{"allow":["GET"]}}],"collection":[{"href":"https:\/\/treinvestimentos.com.br\/antigo\/wp-json\/wp\/v2\/posts"}],"about":[{"href":"https:\/\/treinvestimentos.com.br\/antigo\/wp-json\/wp\/v2\/types\/post"}],"author":[{"embeddable":true,"href":"https:\/\/treinvestimentos.com.br\/antigo\/wp-json\/wp\/v2\/users\/152"}],"replies":[{"embeddable":true,"href":"https:\/\/treinvestimentos.com.br\/antigo\/wp-json\/wp\/v2\/comments?post=6818"}],"version-history":[{"count":11,"href":"https:\/\/treinvestimentos.com.br\/antigo\/wp-json\/wp\/v2\/posts\/6818\/revisions"}],"predecessor-version":[{"id":6859,"href":"https:\/\/treinvestimentos.com.br\/antigo\/wp-json\/wp\/v2\/posts\/6818\/revisions\/6859"}],"wp:featuredmedia":[{"embeddable":true,"href":"https:\/\/treinvestimentos.com.br\/antigo\/wp-json\/wp\/v2\/media\/6835"}],"wp:attachment":[{"href":"https:\/\/treinvestimentos.com.br\/antigo\/wp-json\/wp\/v2\/media?parent=6818"}],"wp:term":[{"taxonomy":"category","embeddable":true,"href":"https:\/\/treinvestimentos.com.br\/antigo\/wp-json\/wp\/v2\/categories?post=6818"},{"taxonomy":"post_tag","embeddable":true,"href":"https:\/\/treinvestimentos.com.br\/antigo\/wp-json\/wp\/v2\/tags?post=6818"}],"curies":[{"name":"wp","href":"https:\/\/api.w.org\/{rel}","templated":true}]}}