{"id":6746,"date":"2025-02-25T11:51:24","date_gmt":"2025-02-25T14:51:24","guid":{"rendered":"https:\/\/treinvestimentos.com.br\/?p=6746"},"modified":"2025-02-26T10:05:28","modified_gmt":"2025-02-26T13:05:28","slug":"tirar-camomila-de-areia","status":"publish","type":"post","link":"https:\/\/treinvestimentos.com.br\/antigo\/jornadas\/tirar-camomila-de-areia\/","title":{"rendered":"Jornada de Pesquisa #2 &#8211; Tirar camomila de areia"},"content":{"rendered":"\n<p><em>Por Sergio Resende | Tr\u00ea Investindo com Causa<\/em><\/p>\n\n\n\n<p class=\"has-text-align-left\">Ol\u00e1, pessoal! Passando para contar um pouco da minha primeira e intensa semana de jornada.&nbsp;<\/p>\n\n\n\n<p class=\"has-text-align-left\">Esta \u00e9 minha 4\u00aa visita \u00e0 <a href=\"https:\/\/sekem.com\/ar\/index-ar\/\">SEKEM<\/a> e sigo impressionado com o trabalho realizado aqui. Parafraseando a express\u00e3o popular <strong>\u201ctirar leite de pedra\u201d, a SEKEM desenvolve Vida a partir de terrenos extremamente \u00e1ridos.<\/strong><\/p>\n\n\n\n<figure class=\"wp-block-gallery has-nested-images columns-default is-cropped wp-block-gallery-1 is-layout-flex wp-block-gallery-is-layout-flex\">\n<figure class=\"wp-block-image size-large\"><img loading=\"lazy\" decoding=\"async\" width=\"1024\" height=\"576\" data-id=\"6807\" src=\"https:\/\/treinvestimentos.com.br\/wp-content\/uploads\/2025\/02\/Prancheta-1-2-1024x576.jpg\" alt=\"\" class=\"wp-image-6807\" srcset=\"https:\/\/treinvestimentos.com.br\/antigo\/wp-content\/uploads\/2025\/02\/Prancheta-1-2-1024x576.jpg 1024w, https:\/\/treinvestimentos.com.br\/antigo\/wp-content\/uploads\/2025\/02\/Prancheta-1-2-350x197.jpg 350w, https:\/\/treinvestimentos.com.br\/antigo\/wp-content\/uploads\/2025\/02\/Prancheta-1-2-768x432.jpg 768w, https:\/\/treinvestimentos.com.br\/antigo\/wp-content\/uploads\/2025\/02\/Prancheta-1-2-1536x864.jpg 1536w, https:\/\/treinvestimentos.com.br\/antigo\/wp-content\/uploads\/2025\/02\/Prancheta-1-2-600x338.jpg 600w, https:\/\/treinvestimentos.com.br\/antigo\/wp-content\/uploads\/2025\/02\/Prancheta-1-2.jpg 1920w\" sizes=\"auto, (max-width: 1024px) 100vw, 1024px\" \/><\/figure>\n<\/figure>\n\n\n\n<p>Para quem ainda n\u00e3o conhece e est\u00e1 me acompanhando, a <strong>SEKEM \u00e9 uma organiza\u00e7\u00e3o eg\u00edpcia, inspirada em princ\u00edpios da antroposofia<\/strong>. Formada por empresas e fazendas, uma funda\u00e7\u00e3o e uma universidade, a organiza\u00e7\u00e3o totaliza mais de 2 mil funcion\u00e1rios, com mais de 17 mil pequenos agricultores biodin\u00e2micos associados e certificados &#8211; movimentando aproximadamente de US$400 milh\u00f5es por ano (em moeda comparativa ao poder compra). Com uma vis\u00e3o de desenvolvimento para 200 anos nas dimens\u00f5es econ\u00f4micas, sociais, culturais e ambientais. Mais informa\u00e7\u00f5es podem ser acessadas no <a href=\"https:\/\/sekem.com\/ar\/index-ar\/\">site<\/a>.<\/p>\n\n\n\n<p>Nesta primeira semana tive a oportunidade de conhecer melhor a <a href=\"https:\/\/hu.edu.eg\/\"><strong>Universidade Heli\u00f3polis<\/strong><\/a><strong>, as fazendas Minya e Wahat, no sul do Egito e a <\/strong><a href=\"https:\/\/economyoflove.net\/certification\/\"><strong>Certifica\u00e7\u00e3o EoL &#8211; <\/strong><strong><em>Economy of Love<\/em><\/strong><strong>.&nbsp;<\/strong><\/a><\/p>\n\n\n\n<p>&nbsp;A Universidade Heli\u00f3polis tem atualmente 3 mil alunos em suas cinco&nbsp; faculdades: agricultura org\u00e2nica, engenharia, farm\u00e1cia, administra\u00e7\u00e3o e economia, e fisioterapia. <strong>A institui\u00e7\u00e3o desenvolve pesquisas, especialmente nas \u00e1reas de agricultura e farm\u00e1cia.<\/strong> Al\u00e9m disso, a Universidade desenvolveu uma <strong>unidade espec\u00edfica, como uma incubadora, para dar<\/strong> <strong>suporte a novos neg\u00f3cios de impacto social e ambiental.&nbsp;<\/strong><\/p>\n\n\n\n<div class=\"wp-block-columns is-layout-flex wp-container-core-columns-is-layout-9d6595d7 wp-block-columns-is-layout-flex\">\n<div class=\"wp-block-column is-layout-flow wp-block-column-is-layout-flow\" style=\"flex-basis:100%\">\n<figure class=\"wp-block-gallery has-nested-images columns-default is-cropped wp-block-gallery-2 is-layout-flex wp-block-gallery-is-layout-flex\">\n<figure class=\"wp-block-image size-large\"><img loading=\"lazy\" decoding=\"async\" width=\"577\" height=\"1024\" data-id=\"6800\" src=\"https:\/\/treinvestimentos.com.br\/wp-content\/uploads\/2025\/02\/04-577x1024.jpg\" alt=\"\" class=\"wp-image-6800\" srcset=\"https:\/\/treinvestimentos.com.br\/antigo\/wp-content\/uploads\/2025\/02\/04-577x1024.jpg 577w, https:\/\/treinvestimentos.com.br\/antigo\/wp-content\/uploads\/2025\/02\/04-197x350.jpg 197w, https:\/\/treinvestimentos.com.br\/antigo\/wp-content\/uploads\/2025\/02\/04-768x1364.jpg 768w, https:\/\/treinvestimentos.com.br\/antigo\/wp-content\/uploads\/2025\/02\/04-scaled.jpg 1441w\" sizes=\"auto, (max-width: 577px) 100vw, 577px\" \/><\/figure>\n\n\n\n<figure class=\"wp-block-image size-large\"><img loading=\"lazy\" decoding=\"async\" width=\"577\" height=\"1024\" data-id=\"6801\" src=\"https:\/\/treinvestimentos.com.br\/wp-content\/uploads\/2025\/02\/05-577x1024.jpg\" alt=\"\" class=\"wp-image-6801\" srcset=\"https:\/\/treinvestimentos.com.br\/antigo\/wp-content\/uploads\/2025\/02\/05-577x1024.jpg 577w, https:\/\/treinvestimentos.com.br\/antigo\/wp-content\/uploads\/2025\/02\/05-197x350.jpg 197w, https:\/\/treinvestimentos.com.br\/antigo\/wp-content\/uploads\/2025\/02\/05-768x1364.jpg 768w, https:\/\/treinvestimentos.com.br\/antigo\/wp-content\/uploads\/2025\/02\/05-scaled.jpg 1441w\" sizes=\"auto, (max-width: 577px) 100vw, 577px\" \/><\/figure>\n<\/figure>\n<\/div>\n<\/div>\n\n\n\n<p>Dois pontos fundamentais na forma\u00e7\u00e3o dos alunos merecem destaque. O primeiro \u00e9 de que todos os alunos, independentemente do curso, passam por <strong>viv\u00eancias de arte, cultura e autodesenvolvimento, que eles chamam de \u201c<\/strong><strong><em>core curriculum<\/em><\/strong><strong>\u201d<\/strong>. O segundo \u00e9 relacionado ao direcionamento para <strong>desenvolver o conhecimento a partir da viv\u00eancia e observa\u00e7\u00e3o da realidade em campo.<\/strong> Existe um concreto esfor\u00e7o de <strong>aproxima\u00e7\u00e3o das quest\u00f5es pr\u00e1ticas da sociedade, em que as&nbsp; discuss\u00f5es em sala de aula partem das observa\u00e7\u00f5es em campo<\/strong>.&nbsp;<\/p>\n\n\n\n<p>Esses dois pontos tornam a<strong> forma\u00e7\u00e3o do aluno muito diferenciada<\/strong> em rela\u00e7\u00e3o \u00e0s outras universidades locais e exigem uma forte adapta\u00e7\u00e3o do corpo docente, acostumados com a abordagem te\u00f3rica da academia.&nbsp;<\/p>\n\n\n\n<p>Youmna \u00e9 a respons\u00e1vel por interc\u00e2mbios internacionais e me convidou a <strong>identificar oportunidades no Brasil para alunos de agricultura org\u00e2nica e\/ou biodin\u00e2mica, assim como para aqueles de administra\u00e7\u00e3o e economia. Se voc\u00ea enxerga algum lugar interessante para receber os alunos, por favor, me avise.<\/strong>&nbsp;A visita \u00e0s fazendas Minya e <a href=\"https:\/\/pivot.sekem.com\/\">Wahat<\/a> me trouxe uma dimens\u00e3o do que \u00e9 <strong>plantar no deserto.<\/strong> Talvez fotos e v\u00eddeos tragam uma no\u00e7\u00e3o, mas s\u00f3 pisando no ch\u00e3o arenoso e seco, imerso numa imensid\u00e3o esbranqui\u00e7ada por todos os lados, e observando um campo de camomila se formando \u00e9 que temos uma ideia mais clara do que \u00e9. Como disse <strong>Helmy Abouliesh, CEO e Fundador de SEKEM: \u201cEsp\u00edrito criando a partir da mat\u00e9ria\u201d<\/strong>.<\/p>\n\n\n\n<figure class=\"wp-block-image size-large\"><img loading=\"lazy\" decoding=\"async\" width=\"1024\" height=\"576\" src=\"https:\/\/treinvestimentos.com.br\/wp-content\/uploads\/2025\/02\/25-1024x576.jpg\" alt=\"\" class=\"wp-image-6804\" srcset=\"https:\/\/treinvestimentos.com.br\/antigo\/wp-content\/uploads\/2025\/02\/25-1024x576.jpg 1024w, https:\/\/treinvestimentos.com.br\/antigo\/wp-content\/uploads\/2025\/02\/25-350x197.jpg 350w, https:\/\/treinvestimentos.com.br\/antigo\/wp-content\/uploads\/2025\/02\/25-768x432.jpg 768w, https:\/\/treinvestimentos.com.br\/antigo\/wp-content\/uploads\/2025\/02\/25-1536x864.jpg 1536w, https:\/\/treinvestimentos.com.br\/antigo\/wp-content\/uploads\/2025\/02\/25-600x338.jpg 600w, https:\/\/treinvestimentos.com.br\/antigo\/wp-content\/uploads\/2025\/02\/25.jpg 1920w\" sizes=\"auto, (max-width: 1024px) 100vw, 1024px\" \/><\/figure>\n\n\n\n<p>Essas duas fazendas s\u00e3o irm\u00e3s mais novas no grupo e podemos observar ali: a for\u00e7a da agricultura biodin\u00e2mica<strong>. Wahat \u00e9 um projeto completo de transforma\u00e7\u00e3o. <\/strong>Com uma estrutura que agrega um laborat\u00f3rio de an\u00e1lise de solos e pesquisa comparativa da agricultura biodin\u00e2mica com a agricultura convencional. Al\u00e9m disso, conta com um centro cultural com teatro de arena, um conjunto de pr\u00e9dios para a educa\u00e7\u00e3o infantil inspirada na pedagogia Waldorf, uma f\u00e1brica que recicla cascas de palmeira para vasos de plantio, um centro de compostagem, moradia para estudantes, um centro de hospedagem para visitantes de todo o do mundo e, obviamente, estruturas operacionais de uma fazenda.<\/p>\n\n\n\n<figure class=\"wp-block-gallery has-nested-images columns-default is-cropped wp-block-gallery-3 is-layout-flex wp-block-gallery-is-layout-flex\">\n<figure class=\"wp-block-image size-large\"><img loading=\"lazy\" decoding=\"async\" width=\"1024\" height=\"577\" data-id=\"6756\" src=\"https:\/\/treinvestimentos.com.br\/wp-content\/uploads\/2025\/02\/20250220_171455-1024x577.jpg\" alt=\"\" class=\"wp-image-6756\" srcset=\"https:\/\/treinvestimentos.com.br\/antigo\/wp-content\/uploads\/2025\/02\/20250220_171455-1024x577.jpg 1024w, https:\/\/treinvestimentos.com.br\/antigo\/wp-content\/uploads\/2025\/02\/20250220_171455-350x197.jpg 350w, https:\/\/treinvestimentos.com.br\/antigo\/wp-content\/uploads\/2025\/02\/20250220_171455-768x432.jpg 768w, https:\/\/treinvestimentos.com.br\/antigo\/wp-content\/uploads\/2025\/02\/20250220_171455-1536x865.jpg 1536w, https:\/\/treinvestimentos.com.br\/antigo\/wp-content\/uploads\/2025\/02\/20250220_171455-2048x1153.jpg 2048w, https:\/\/treinvestimentos.com.br\/antigo\/wp-content\/uploads\/2025\/02\/20250220_171455-600x338.jpg 600w\" sizes=\"auto, (max-width: 1024px) 100vw, 1024px\" \/><\/figure>\n\n\n\n<figure class=\"wp-block-image size-large\"><img loading=\"lazy\" decoding=\"async\" width=\"1024\" height=\"577\" data-id=\"6805\" src=\"https:\/\/treinvestimentos.com.br\/wp-content\/uploads\/2025\/02\/20250221_081019-1-1024x577.jpg\" alt=\"\" class=\"wp-image-6805\" srcset=\"https:\/\/treinvestimentos.com.br\/antigo\/wp-content\/uploads\/2025\/02\/20250221_081019-1-1024x577.jpg 1024w, https:\/\/treinvestimentos.com.br\/antigo\/wp-content\/uploads\/2025\/02\/20250221_081019-1-350x197.jpg 350w, https:\/\/treinvestimentos.com.br\/antigo\/wp-content\/uploads\/2025\/02\/20250221_081019-1-768x432.jpg 768w, https:\/\/treinvestimentos.com.br\/antigo\/wp-content\/uploads\/2025\/02\/20250221_081019-1-1536x865.jpg 1536w\" sizes=\"auto, (max-width: 1024px) 100vw, 1024px\" \/><\/figure>\n<\/figure>\n\n\n\n<p>Uma parte significativa das receitas de Wahat prov\u00e9m da <strong>venda de cr\u00e9dito de carbono,<\/strong> que \u00e9 gerado pelo intenso plantio de \u00e1rvores e pela agricultura biodin\u00e2mica, que sequestra uma maior quantidade de carbono da atmosfera do que a agricultura convencional. <strong>Wahat \u00e9, simultaneamente, um n\u00facleo de produ\u00e7\u00e3o e pesquisa, com&nbsp; um p\u00e9 fincado na mat\u00e9ria bruta e outro na eleva\u00e7\u00e3o do ser humano.&nbsp;&nbsp;<\/strong><\/p>\n\n\n\n<p>A maior parte das propriedades rurais do Egito \u00e9 formada por pequenas \u00e1reas, irrigadas por canais criados a partir do Rio Nilo, onde a pr\u00e1tica agr\u00edcola \u00e9 majoritariamente manual, com uso intensivo de fertilizantes e pesticidas. <strong>A vis\u00e3o da SEKEM \u00e9 transformar a agricultura no Egito e, para isso, criou uma estrutura de certifica\u00e7\u00e3o e apoio \u00e0 transi\u00e7\u00e3o &#8211; com a qual pretende converter para agricultura biodin\u00e2mica 250 mil produtores at\u00e9 2028<\/strong>.&nbsp;<\/p>\n\n\n\n<div class=\"wp-block-group is-nowrap is-layout-flex wp-container-core-group-is-layout-ad2f72ca wp-block-group-is-layout-flex\">\n<p>A <strong>Certifica\u00e7\u00e3o EoL<\/strong> est\u00e1 estruturada nas quatro dimens\u00f5es, como citadas anteriormente: econ\u00f4mica, social, cultural e ambiental. Al\u00e9m dessas dimens\u00f5es, tamb\u00e9m temos cinco componentes principais: <strong>\u201c<\/strong><strong><em>Certification, Impactrace, Carbon Credits, Fundo <\/em><\/strong><strong>e<\/strong><strong><em> Education\u201d<\/em><\/strong>. A partir disso, s\u00e3o oferecidos aos agricultores: suporte para a certifica\u00e7\u00e3o dos padr\u00f5es de cultivo e gest\u00e3o da propriedade, um modelo de rastreabilidade (que permite ao consumidor saber de onde e como vem o produto adquirido), acesso ao mercado de cr\u00e9dito de carbono, financiamento de novos insumos necess\u00e1rios \u00e0 convers\u00e3o para a agricultura biodin\u00e2mica e equipamentos de produ\u00e7\u00e3o sustent\u00e1veis, como pain\u00e9is solares.&nbsp;<\/p>\n<\/div>\n\n\n<div class=\"wp-block-image\">\n<figure class=\"aligncenter size-large is-resized\"><img loading=\"lazy\" decoding=\"async\" width=\"577\" height=\"1024\" src=\"https:\/\/treinvestimentos.com.br\/wp-content\/uploads\/2025\/02\/20250217_132829-1-2-577x1024.jpg\" alt=\"\" class=\"wp-image-6784\" style=\"width:186px;height:auto\" srcset=\"https:\/\/treinvestimentos.com.br\/antigo\/wp-content\/uploads\/2025\/02\/20250217_132829-1-2-577x1024.jpg 577w, https:\/\/treinvestimentos.com.br\/antigo\/wp-content\/uploads\/2025\/02\/20250217_132829-1-2-197x350.jpg 197w, https:\/\/treinvestimentos.com.br\/antigo\/wp-content\/uploads\/2025\/02\/20250217_132829-1-2-768x1364.jpg 768w, https:\/\/treinvestimentos.com.br\/antigo\/wp-content\/uploads\/2025\/02\/20250217_132829-1-2-scaled.jpg 1441w\" sizes=\"auto, (max-width: 577px) 100vw, 577px\" \/><\/figure>\n<\/div>\n\n\n<p>Por fim, recebem apoio e treinamento para viv\u00eancia em comunidades sustent\u00e1veis e autodesenvolvimento para si e seus colaboradores. Tive a oportunidade de conversar com as pessoas respons\u00e1veis por cada um dos cinco&nbsp; componentes e <strong>estou bem animado com a possibilidade de fazer uma parceria entre Tr\u00ea e SEKEM para apoiar o fortalecimento da nossa agricultura org\u00e2nica e biodin\u00e2mica.<\/strong> Aguardem not\u00edcias.&nbsp;<\/p>\n\n\n\n<figure class=\"wp-block-image size-large\"><img loading=\"lazy\" decoding=\"async\" width=\"1024\" height=\"576\" src=\"https:\/\/treinvestimentos.com.br\/wp-content\/uploads\/2025\/02\/20250220_173613-2-1024x576.jpg\" alt=\"\" class=\"wp-image-6806\" srcset=\"https:\/\/treinvestimentos.com.br\/antigo\/wp-content\/uploads\/2025\/02\/20250220_173613-2-1024x576.jpg 1024w, https:\/\/treinvestimentos.com.br\/antigo\/wp-content\/uploads\/2025\/02\/20250220_173613-2-350x197.jpg 350w, https:\/\/treinvestimentos.com.br\/antigo\/wp-content\/uploads\/2025\/02\/20250220_173613-2-768x432.jpg 768w, https:\/\/treinvestimentos.com.br\/antigo\/wp-content\/uploads\/2025\/02\/20250220_173613-2-600x338.jpg 600w, https:\/\/treinvestimentos.com.br\/antigo\/wp-content\/uploads\/2025\/02\/20250220_173613-2.jpg 1064w\" sizes=\"auto, (max-width: 1024px) 100vw, 1024px\" \/><\/figure>\n\n\n\n<p>\u00c9 isso, pessoal. Espero que eu tenha conseguido passar uma imagem e resumir adequadamente horas e horas de conversas e visitas.&nbsp;<\/p>\n\n\n\n<p>At\u00e9 j\u00e1.<\/p>\n\n\n\n<p><strong>Sergio Resende.<\/strong><\/p>\n\n\n\n<hr class=\"wp-block-separator has-alpha-channel-opacity\"\/>\n\n\n\n<pre class=\"wp-block-verse\"><em><strong>Sergio Resende<\/strong> \u00e9 cofundador da <a href=\"https:\/\/www.thyme.com.br\/\">Thyme - Evolu\u00e7\u00e3o Cultural<\/a>, na qual atua como consultor de cultura organizacional e coach de executivos. \u00c9 tamb\u00e9m cofundador&nbsp; e diretor da <a href=\"https:\/\/treinvestimentos.com.br\/\">Tr\u00ea Investindo com Causa<\/a>. H\u00e1 25 anos, dedica-se a entender o ser humano em seu contexto de trabalho e a promover o desenvolvimento de indiv\u00edduos livres e organiza\u00e7\u00f5es saud\u00e1veis. Nos primeiros meses de 2025, Sergio embarca em uma Jornada de Pesquisa internacional, em busca de inspira\u00e7\u00f5es para o futuro de nossa sociedade e a constru\u00e7\u00e3o de uma Nova Economia.&nbsp;<br><br>Acompanhe o Sergio nessa viagem na se\u00e7\u00e3o <a href=\"https:\/\/treinvestimentos.com.br\/blog\/jornadas\/\">Jornadas<\/a> do <a href=\"https:\/\/treinvestimentos.com.br\/conteudos\/\">blog da Tr\u00ea<\/a>.<\/em><\/pre>\n\n\n\n<p><\/p>\n","protected":false},"excerpt":{"rendered":"<p>Por Sergio Resende | Tr\u00ea Investindo com Causa Ol\u00e1, pessoal! Passando para contar um pouco da minha primeira e intensa semana de jornada.&nbsp; Esta \u00e9 minha 4\u00aa visita \u00e0 SEKEM&#8230;<\/p>\n","protected":false},"author":152,"featured_media":6768,"comment_status":"open","ping_status":"open","sticky":false,"template":"","format":"standard","meta":{"give_campaign_id":0,"inline_featured_image":false,"footnotes":"[]"},"categories":[73],"tags":[74],"class_list":{"0":"post-6746","1":"post","2":"type-post","3":"status-publish","4":"format-standard","5":"has-post-thumbnail","7":"category-jornadas","8":"tag-jornada"},"yoast_head":"<!-- This site is optimized with the Yoast SEO plugin v27.5 - https:\/\/yoast.com\/product\/yoast-seo-wordpress\/ -->\n<title>Jornada de Pesquisa #2 - Tirar camomila de areia - Tr\u00ea Investindo com Causa<\/title>\n<meta name=\"robots\" content=\"noindex, follow\" \/>\n<meta property=\"og:locale\" content=\"pt_BR\" \/>\n<meta property=\"og:type\" content=\"article\" \/>\n<meta property=\"og:title\" content=\"Jornada de Pesquisa #2 - Tirar camomila de areia - Tr\u00ea Investindo com Causa\" \/>\n<meta property=\"og:description\" content=\"Por Sergio Resende | Tr\u00ea Investindo com Causa Ol\u00e1, pessoal! Passando para contar um pouco da minha primeira e intensa semana de jornada.&nbsp; Esta \u00e9 minha 4\u00aa visita \u00e0 SEKEM...\" \/>\n<meta property=\"og:url\" content=\"https:\/\/treinvestimentos.com.br\/antigo\/jornadas\/tirar-camomila-de-areia\/\" \/>\n<meta property=\"og:site_name\" content=\"Tr\u00ea Investindo com Causa\" \/>\n<meta property=\"article:published_time\" content=\"2025-02-25T14:51:24+00:00\" \/>\n<meta property=\"article:modified_time\" content=\"2025-02-26T13:05:28+00:00\" \/>\n<meta property=\"og:image\" content=\"https:\/\/treinvestimentos.com.br\/antigo\/wp-content\/uploads\/2025\/02\/20250220_115017-1-e1740511339499.jpg\" \/>\n\t<meta property=\"og:image:width\" content=\"966\" \/>\n\t<meta property=\"og:image:height\" content=\"599\" \/>\n\t<meta property=\"og:image:type\" content=\"image\/jpeg\" \/>\n<meta name=\"author\" content=\"Milena Moraes\" \/>\n<meta name=\"twitter:card\" content=\"summary_large_image\" \/>\n<meta name=\"twitter:label1\" content=\"Escrito por\" \/>\n\t<meta name=\"twitter:data1\" content=\"Milena Moraes\" \/>\n\t<meta name=\"twitter:label2\" content=\"Est. tempo de leitura\" \/>\n\t<meta name=\"twitter:data2\" content=\"5 minutos\" \/>\n<script type=\"application\/ld+json\" class=\"yoast-schema-graph\">{\"@context\":\"https:\\\/\\\/schema.org\",\"@graph\":[{\"@type\":\"Article\",\"@id\":\"https:\\\/\\\/treinvestimentos.com.br\\\/antigo\\\/jornadas\\\/tirar-camomila-de-areia\\\/#article\",\"isPartOf\":{\"@id\":\"https:\\\/\\\/treinvestimentos.com.br\\\/antigo\\\/jornadas\\\/tirar-camomila-de-areia\\\/\"},\"author\":{\"name\":\"Milena Moraes\",\"@id\":\"https:\\\/\\\/treinvestimentos.com.br\\\/antigo\\\/#\\\/schema\\\/person\\\/b0a4e82ce3ce39a58a59f15134916cb6\"},\"headline\":\"Jornada de Pesquisa #2 &#8211; Tirar camomila de areia\",\"datePublished\":\"2025-02-25T14:51:24+00:00\",\"dateModified\":\"2025-02-26T13:05:28+00:00\",\"mainEntityOfPage\":{\"@id\":\"https:\\\/\\\/treinvestimentos.com.br\\\/antigo\\\/jornadas\\\/tirar-camomila-de-areia\\\/\"},\"wordCount\":968,\"commentCount\":1,\"publisher\":{\"@id\":\"https:\\\/\\\/treinvestimentos.com.br\\\/antigo\\\/#organization\"},\"image\":{\"@id\":\"https:\\\/\\\/treinvestimentos.com.br\\\/antigo\\\/jornadas\\\/tirar-camomila-de-areia\\\/#primaryimage\"},\"thumbnailUrl\":\"https:\\\/\\\/treinvestimentos.com.br\\\/antigo\\\/wp-content\\\/uploads\\\/2025\\\/02\\\/20250220_115017-1-e1740511339499.jpg\",\"keywords\":[\"Jornada\"],\"articleSection\":[\"Jornadas\"],\"inLanguage\":\"pt-BR\",\"potentialAction\":[{\"@type\":\"CommentAction\",\"name\":\"Comment\",\"target\":[\"https:\\\/\\\/treinvestimentos.com.br\\\/antigo\\\/jornadas\\\/tirar-camomila-de-areia\\\/#respond\"]}]},{\"@type\":\"WebPage\",\"@id\":\"https:\\\/\\\/treinvestimentos.com.br\\\/antigo\\\/jornadas\\\/tirar-camomila-de-areia\\\/\",\"url\":\"https:\\\/\\\/treinvestimentos.com.br\\\/antigo\\\/jornadas\\\/tirar-camomila-de-areia\\\/\",\"name\":\"Jornada de Pesquisa #2 - Tirar camomila de areia - Tr\u00ea Investindo com Causa\",\"isPartOf\":{\"@id\":\"https:\\\/\\\/treinvestimentos.com.br\\\/antigo\\\/#website\"},\"primaryImageOfPage\":{\"@id\":\"https:\\\/\\\/treinvestimentos.com.br\\\/antigo\\\/jornadas\\\/tirar-camomila-de-areia\\\/#primaryimage\"},\"image\":{\"@id\":\"https:\\\/\\\/treinvestimentos.com.br\\\/antigo\\\/jornadas\\\/tirar-camomila-de-areia\\\/#primaryimage\"},\"thumbnailUrl\":\"https:\\\/\\\/treinvestimentos.com.br\\\/antigo\\\/wp-content\\\/uploads\\\/2025\\\/02\\\/20250220_115017-1-e1740511339499.jpg\",\"datePublished\":\"2025-02-25T14:51:24+00:00\",\"dateModified\":\"2025-02-26T13:05:28+00:00\",\"breadcrumb\":{\"@id\":\"https:\\\/\\\/treinvestimentos.com.br\\\/antigo\\\/jornadas\\\/tirar-camomila-de-areia\\\/#breadcrumb\"},\"inLanguage\":\"pt-BR\",\"potentialAction\":[{\"@type\":\"ReadAction\",\"target\":[\"https:\\\/\\\/treinvestimentos.com.br\\\/antigo\\\/jornadas\\\/tirar-camomila-de-areia\\\/\"]}]},{\"@type\":\"ImageObject\",\"inLanguage\":\"pt-BR\",\"@id\":\"https:\\\/\\\/treinvestimentos.com.br\\\/antigo\\\/jornadas\\\/tirar-camomila-de-areia\\\/#primaryimage\",\"url\":\"https:\\\/\\\/treinvestimentos.com.br\\\/antigo\\\/wp-content\\\/uploads\\\/2025\\\/02\\\/20250220_115017-1-e1740511339499.jpg\",\"contentUrl\":\"https:\\\/\\\/treinvestimentos.com.br\\\/antigo\\\/wp-content\\\/uploads\\\/2025\\\/02\\\/20250220_115017-1-e1740511339499.jpg\",\"width\":966,\"height\":599},{\"@type\":\"BreadcrumbList\",\"@id\":\"https:\\\/\\\/treinvestimentos.com.br\\\/antigo\\\/jornadas\\\/tirar-camomila-de-areia\\\/#breadcrumb\",\"itemListElement\":[{\"@type\":\"ListItem\",\"position\":1,\"name\":\"In\u00edcio\",\"item\":\"https:\\\/\\\/treinvestimentos.com.br\\\/antigo\\\/\"},{\"@type\":\"ListItem\",\"position\":2,\"name\":\"Jornada de Pesquisa #2 &#8211; Tirar camomila de areia\"}]},{\"@type\":\"WebSite\",\"@id\":\"https:\\\/\\\/treinvestimentos.com.br\\\/antigo\\\/#website\",\"url\":\"https:\\\/\\\/treinvestimentos.com.br\\\/antigo\\\/\",\"name\":\"Tr\u00ea Investindo com Causa\",\"description\":\"Queremos popularizar o investimento em causas, promovendo uma amplia\u00e7\u00e3o da consci\u00eancia no uso do dinheiro e na co-constru\u00e7\u00e3o de uma nova economia.\",\"publisher\":{\"@id\":\"https:\\\/\\\/treinvestimentos.com.br\\\/antigo\\\/#organization\"},\"potentialAction\":[{\"@type\":\"SearchAction\",\"target\":{\"@type\":\"EntryPoint\",\"urlTemplate\":\"https:\\\/\\\/treinvestimentos.com.br\\\/antigo\\\/?s={search_term_string}\"},\"query-input\":{\"@type\":\"PropertyValueSpecification\",\"valueRequired\":true,\"valueName\":\"search_term_string\"}}],\"inLanguage\":\"pt-BR\"},{\"@type\":\"Organization\",\"@id\":\"https:\\\/\\\/treinvestimentos.com.br\\\/antigo\\\/#organization\",\"name\":\"Tr\u00ea Investindo com Causa\",\"url\":\"https:\\\/\\\/treinvestimentos.com.br\\\/antigo\\\/\",\"logo\":{\"@type\":\"ImageObject\",\"inLanguage\":\"pt-BR\",\"@id\":\"https:\\\/\\\/treinvestimentos.com.br\\\/antigo\\\/#\\\/schema\\\/logo\\\/image\\\/\",\"url\":\"https:\\\/\\\/treinvestimentos.com.br\\\/wp-content\\\/uploads\\\/2021\\\/08\\\/Logo-completo-Tre-azul.png\",\"contentUrl\":\"https:\\\/\\\/treinvestimentos.com.br\\\/wp-content\\\/uploads\\\/2021\\\/08\\\/Logo-completo-Tre-azul.png\",\"width\":1175,\"height\":311,\"caption\":\"Tr\u00ea Investindo com Causa\"},\"image\":{\"@id\":\"https:\\\/\\\/treinvestimentos.com.br\\\/antigo\\\/#\\\/schema\\\/logo\\\/image\\\/\"},\"sameAs\":[\"https:\\\/\\\/www.linkedin.com\\\/company\\\/treinvestindocomcausa\\\/?originalSubdomain=br\"]},{\"@type\":\"Person\",\"@id\":\"https:\\\/\\\/treinvestimentos.com.br\\\/antigo\\\/#\\\/schema\\\/person\\\/b0a4e82ce3ce39a58a59f15134916cb6\",\"name\":\"Milena Moraes\",\"image\":{\"@type\":\"ImageObject\",\"inLanguage\":\"pt-BR\",\"@id\":\"https:\\\/\\\/secure.gravatar.com\\\/avatar\\\/008a27b68dac139c6cbd0aa2724595e49bf0b65e965ae081528e0d76fe6d0d0b?s=96&d=mm&r=g\",\"url\":\"https:\\\/\\\/secure.gravatar.com\\\/avatar\\\/008a27b68dac139c6cbd0aa2724595e49bf0b65e965ae081528e0d76fe6d0d0b?s=96&d=mm&r=g\",\"contentUrl\":\"https:\\\/\\\/secure.gravatar.com\\\/avatar\\\/008a27b68dac139c6cbd0aa2724595e49bf0b65e965ae081528e0d76fe6d0d0b?s=96&d=mm&r=g\",\"caption\":\"Milena Moraes\"}}]}<\/script>\n<!-- \/ Yoast SEO plugin. -->","yoast_head_json":{"title":"Jornada de Pesquisa #2 - Tirar camomila de areia - Tr\u00ea Investindo com Causa","robots":{"index":"noindex","follow":"follow"},"og_locale":"pt_BR","og_type":"article","og_title":"Jornada de Pesquisa #2 - Tirar camomila de areia - Tr\u00ea Investindo com Causa","og_description":"Por Sergio Resende | Tr\u00ea Investindo com Causa Ol\u00e1, pessoal! Passando para contar um pouco da minha primeira e intensa semana de jornada.&nbsp; Esta \u00e9 minha 4\u00aa visita \u00e0 SEKEM...","og_url":"https:\/\/treinvestimentos.com.br\/antigo\/jornadas\/tirar-camomila-de-areia\/","og_site_name":"Tr\u00ea Investindo com Causa","article_published_time":"2025-02-25T14:51:24+00:00","article_modified_time":"2025-02-26T13:05:28+00:00","og_image":[{"width":966,"height":599,"url":"https:\/\/treinvestimentos.com.br\/antigo\/wp-content\/uploads\/2025\/02\/20250220_115017-1-e1740511339499.jpg","type":"image\/jpeg"}],"author":"Milena Moraes","twitter_card":"summary_large_image","twitter_misc":{"Escrito por":"Milena Moraes","Est. tempo de leitura":"5 minutos"},"schema":{"@context":"https:\/\/schema.org","@graph":[{"@type":"Article","@id":"https:\/\/treinvestimentos.com.br\/antigo\/jornadas\/tirar-camomila-de-areia\/#article","isPartOf":{"@id":"https:\/\/treinvestimentos.com.br\/antigo\/jornadas\/tirar-camomila-de-areia\/"},"author":{"name":"Milena Moraes","@id":"https:\/\/treinvestimentos.com.br\/antigo\/#\/schema\/person\/b0a4e82ce3ce39a58a59f15134916cb6"},"headline":"Jornada de Pesquisa #2 &#8211; Tirar camomila de areia","datePublished":"2025-02-25T14:51:24+00:00","dateModified":"2025-02-26T13:05:28+00:00","mainEntityOfPage":{"@id":"https:\/\/treinvestimentos.com.br\/antigo\/jornadas\/tirar-camomila-de-areia\/"},"wordCount":968,"commentCount":1,"publisher":{"@id":"https:\/\/treinvestimentos.com.br\/antigo\/#organization"},"image":{"@id":"https:\/\/treinvestimentos.com.br\/antigo\/jornadas\/tirar-camomila-de-areia\/#primaryimage"},"thumbnailUrl":"https:\/\/treinvestimentos.com.br\/antigo\/wp-content\/uploads\/2025\/02\/20250220_115017-1-e1740511339499.jpg","keywords":["Jornada"],"articleSection":["Jornadas"],"inLanguage":"pt-BR","potentialAction":[{"@type":"CommentAction","name":"Comment","target":["https:\/\/treinvestimentos.com.br\/antigo\/jornadas\/tirar-camomila-de-areia\/#respond"]}]},{"@type":"WebPage","@id":"https:\/\/treinvestimentos.com.br\/antigo\/jornadas\/tirar-camomila-de-areia\/","url":"https:\/\/treinvestimentos.com.br\/antigo\/jornadas\/tirar-camomila-de-areia\/","name":"Jornada de Pesquisa #2 - Tirar camomila de areia - Tr\u00ea Investindo com Causa","isPartOf":{"@id":"https:\/\/treinvestimentos.com.br\/antigo\/#website"},"primaryImageOfPage":{"@id":"https:\/\/treinvestimentos.com.br\/antigo\/jornadas\/tirar-camomila-de-areia\/#primaryimage"},"image":{"@id":"https:\/\/treinvestimentos.com.br\/antigo\/jornadas\/tirar-camomila-de-areia\/#primaryimage"},"thumbnailUrl":"https:\/\/treinvestimentos.com.br\/antigo\/wp-content\/uploads\/2025\/02\/20250220_115017-1-e1740511339499.jpg","datePublished":"2025-02-25T14:51:24+00:00","dateModified":"2025-02-26T13:05:28+00:00","breadcrumb":{"@id":"https:\/\/treinvestimentos.com.br\/antigo\/jornadas\/tirar-camomila-de-areia\/#breadcrumb"},"inLanguage":"pt-BR","potentialAction":[{"@type":"ReadAction","target":["https:\/\/treinvestimentos.com.br\/antigo\/jornadas\/tirar-camomila-de-areia\/"]}]},{"@type":"ImageObject","inLanguage":"pt-BR","@id":"https:\/\/treinvestimentos.com.br\/antigo\/jornadas\/tirar-camomila-de-areia\/#primaryimage","url":"https:\/\/treinvestimentos.com.br\/antigo\/wp-content\/uploads\/2025\/02\/20250220_115017-1-e1740511339499.jpg","contentUrl":"https:\/\/treinvestimentos.com.br\/antigo\/wp-content\/uploads\/2025\/02\/20250220_115017-1-e1740511339499.jpg","width":966,"height":599},{"@type":"BreadcrumbList","@id":"https:\/\/treinvestimentos.com.br\/antigo\/jornadas\/tirar-camomila-de-areia\/#breadcrumb","itemListElement":[{"@type":"ListItem","position":1,"name":"In\u00edcio","item":"https:\/\/treinvestimentos.com.br\/antigo\/"},{"@type":"ListItem","position":2,"name":"Jornada de Pesquisa #2 &#8211; Tirar camomila de areia"}]},{"@type":"WebSite","@id":"https:\/\/treinvestimentos.com.br\/antigo\/#website","url":"https:\/\/treinvestimentos.com.br\/antigo\/","name":"Tr\u00ea Investindo com Causa","description":"Queremos popularizar o investimento em causas, promovendo uma amplia\u00e7\u00e3o da consci\u00eancia no uso do dinheiro e na co-constru\u00e7\u00e3o de uma nova economia.","publisher":{"@id":"https:\/\/treinvestimentos.com.br\/antigo\/#organization"},"potentialAction":[{"@type":"SearchAction","target":{"@type":"EntryPoint","urlTemplate":"https:\/\/treinvestimentos.com.br\/antigo\/?s={search_term_string}"},"query-input":{"@type":"PropertyValueSpecification","valueRequired":true,"valueName":"search_term_string"}}],"inLanguage":"pt-BR"},{"@type":"Organization","@id":"https:\/\/treinvestimentos.com.br\/antigo\/#organization","name":"Tr\u00ea Investindo com Causa","url":"https:\/\/treinvestimentos.com.br\/antigo\/","logo":{"@type":"ImageObject","inLanguage":"pt-BR","@id":"https:\/\/treinvestimentos.com.br\/antigo\/#\/schema\/logo\/image\/","url":"https:\/\/treinvestimentos.com.br\/wp-content\/uploads\/2021\/08\/Logo-completo-Tre-azul.png","contentUrl":"https:\/\/treinvestimentos.com.br\/wp-content\/uploads\/2021\/08\/Logo-completo-Tre-azul.png","width":1175,"height":311,"caption":"Tr\u00ea Investindo com Causa"},"image":{"@id":"https:\/\/treinvestimentos.com.br\/antigo\/#\/schema\/logo\/image\/"},"sameAs":["https:\/\/www.linkedin.com\/company\/treinvestindocomcausa\/?originalSubdomain=br"]},{"@type":"Person","@id":"https:\/\/treinvestimentos.com.br\/antigo\/#\/schema\/person\/b0a4e82ce3ce39a58a59f15134916cb6","name":"Milena Moraes","image":{"@type":"ImageObject","inLanguage":"pt-BR","@id":"https:\/\/secure.gravatar.com\/avatar\/008a27b68dac139c6cbd0aa2724595e49bf0b65e965ae081528e0d76fe6d0d0b?s=96&d=mm&r=g","url":"https:\/\/secure.gravatar.com\/avatar\/008a27b68dac139c6cbd0aa2724595e49bf0b65e965ae081528e0d76fe6d0d0b?s=96&d=mm&r=g","contentUrl":"https:\/\/secure.gravatar.com\/avatar\/008a27b68dac139c6cbd0aa2724595e49bf0b65e965ae081528e0d76fe6d0d0b?s=96&d=mm&r=g","caption":"Milena Moraes"}}]}},"_links":{"self":[{"href":"https:\/\/treinvestimentos.com.br\/antigo\/wp-json\/wp\/v2\/posts\/6746","targetHints":{"allow":["GET"]}}],"collection":[{"href":"https:\/\/treinvestimentos.com.br\/antigo\/wp-json\/wp\/v2\/posts"}],"about":[{"href":"https:\/\/treinvestimentos.com.br\/antigo\/wp-json\/wp\/v2\/types\/post"}],"author":[{"embeddable":true,"href":"https:\/\/treinvestimentos.com.br\/antigo\/wp-json\/wp\/v2\/users\/152"}],"replies":[{"embeddable":true,"href":"https:\/\/treinvestimentos.com.br\/antigo\/wp-json\/wp\/v2\/comments?post=6746"}],"version-history":[{"count":22,"href":"https:\/\/treinvestimentos.com.br\/antigo\/wp-json\/wp\/v2\/posts\/6746\/revisions"}],"predecessor-version":[{"id":6815,"href":"https:\/\/treinvestimentos.com.br\/antigo\/wp-json\/wp\/v2\/posts\/6746\/revisions\/6815"}],"wp:featuredmedia":[{"embeddable":true,"href":"https:\/\/treinvestimentos.com.br\/antigo\/wp-json\/wp\/v2\/media\/6768"}],"wp:attachment":[{"href":"https:\/\/treinvestimentos.com.br\/antigo\/wp-json\/wp\/v2\/media?parent=6746"}],"wp:term":[{"taxonomy":"category","embeddable":true,"href":"https:\/\/treinvestimentos.com.br\/antigo\/wp-json\/wp\/v2\/categories?post=6746"},{"taxonomy":"post_tag","embeddable":true,"href":"https:\/\/treinvestimentos.com.br\/antigo\/wp-json\/wp\/v2\/tags?post=6746"}],"curies":[{"name":"wp","href":"https:\/\/api.w.org\/{rel}","templated":true}]}}