{"id":6725,"date":"2025-02-10T12:00:00","date_gmt":"2025-02-10T15:00:00","guid":{"rendered":"https:\/\/treinvestimentos.com.br\/?p=6725"},"modified":"2025-03-11T16:51:48","modified_gmt":"2025-03-11T19:51:48","slug":"convite-para-jornada-de-pesquisa","status":"publish","type":"post","link":"https:\/\/treinvestimentos.com.br\/antigo\/jornadas\/convite-para-jornada-de-pesquisa\/","title":{"rendered":"Convite para jornada de\u00a0Pesquisa\u00a0#1"},"content":{"rendered":"\n<p><em>Por Sergio Resende | Tr\u00ea Investindo com Causa<\/em><\/p>\n\n\n\n<p class=\"has-text-align-left\">Compartilho aqui o in\u00edcio de uma nova <strong>jornada pessoal e profissional<\/strong> de pesquisa. Esta jornada resulta do desejo de dar um passo adicional para encontrar inspira\u00e7\u00f5es para o futuro de nossa sociedade.<\/p>\n\n\n\n<p class=\"has-text-align-left\">Nos \u00faltimos 25 anos dediquei esfor\u00e7os para compreender o ser humano em seu contexto de trabalho<br>e contribuir para o desenvolvimento de indiv\u00edduos livres e saud\u00e1veis por meio de coaching de executivos e da Escola de Coaches do Ecosocial, entre outros espa\u00e7os. Fiz esfor\u00e7os para levar a salutog\u00eanese organizacional para l\u00edderes e suas empresas por meio do <a href=\"https:\/\/parsifal21.com.br\/\">Parsifal21<\/a> e promover culturas organizacionais amorosamente potentes na <a href=\"https:\/\/www.thyme.com.br\/\">Thyme<\/a>. Na <a href=\"https:\/\/treinvestimentos.com.br\/\">Tr\u00ea &#8211; investindo com causa<\/a>, tenho dedicado energia para compreender e contribuir para um fluir saud\u00e1vel do dinheiro na economia. Assim, fui incluindo camadas no meu trabalho, que v\u00e3o do indiv\u00edduo \u00e0 sociedade.<\/p>\n\n\n\n<p>Nesta trajet\u00f3ria encontrei e continuo a encontrar pessoas, <strong>realizadoras e realizadores inqui<em>ethos<\/em>,<\/strong> que, do ponto que observam e vivem o mundo, sejam empres\u00e1rios, executivos, consultores, terapeutas, herdeiros de terras, agricultores, professores, pais, m\u00e3es, ativistas, pol\u00edticos, cidad\u00e3os, etc., sentem que, para al\u00e9m dos paradigmas atuais da vida econ\u00f4mica, social e cultural, <strong>algo novo precisa surgir para nos orientar na constru\u00e7\u00e3o do amanh\u00e3, n\u00e3o o amanh\u00e3 de 2025, mas o amanh\u00e3 de 50 anos.<\/strong><\/p>\n\n\n\n<p>Inspirado nas conversas com estes realizadores inqui<em>ethos<\/em> \u00e9 que parto para esta nova jornada com muitas perguntas, que espero nos levar adiante dos \u201cterrenos j\u00e1 pisados\u201d anteriormente. Gostaria de destacar algumas para materializar meus objetivos:<\/p>\n\n\n\n<ul class=\"wp-block-list\">\n<li>Como reunir for\u00e7as empreendedoras e capital para promover um desenvolvimento local que leve em conta e integre as dimens\u00f5es econ\u00f4micas, culturais, sociais e ambientais?<\/li>\n\n\n\n<li>Como propriedades rurais, que n\u00e3o t\u00eam voca\u00e7\u00e3o para a agricultura de larga escala, podem encontrar novos caminhos economicamente vi\u00e1veis?<\/li>\n\n\n\n<li>Como a vis\u00e3o da natureza trimembrada da sociedade, formulada por Rudolf Steiner, pode nos ajudar, na pr\u00e1tica, a nos mover da atual polariza\u00e7\u00e3o ideol\u00f3gica?<\/li>\n<\/ul>\n\n\n\n<p><strong>Em 16 de fevereiro parto para minha 4\u00aa visita \u00e0 <a href=\"https:\/\/sekem.com\/en\/index\/\">SEKEM <\/a>no Egito<\/strong>, um grupo de empreendimentos empresariais e culturais, com mais de 50 anos de exist\u00eancia, refer\u00eancia mundial pelo impacto social e ambiental que promovem. De l\u00e1 tenho planos de passar por <a href=\"https:\/\/damanhur.org\/\"><strong>Damanhur<\/strong><\/a> na It\u00e1lia, <a href=\"https:\/\/www.aubier.ch\/fr\/\"><strong>L\u2019aubier<\/strong><\/a> na Sui\u00e7a e <strong><a href=\"https:\/\/pt.wikipedia.org\/wiki\/Folkestone\">Folkestone<\/a> <\/strong>da Inglaterra, sobre as quais darei mais detalhes brevemente. Voltando do exterior no final de abril, darei seguimento \u00e0 pesquisa estudando impulsos brasileiros. Pretendo chegar ao in\u00edcio de 2026 com um material de refer\u00eancia escrito e compromissos com interessados em projetos pr\u00e1ticos de implementa\u00e7\u00e3o.<\/p>\n\n\n\n<p><strong>Durante minhas visitas reservarei tempo para receber aqueles que se sentirem chamados a se inspirar para a constru\u00e7\u00e3o do amanh\u00e3.<\/strong> Abaixo a programa\u00e7\u00e3o da primeira etapa do meu projeto, ainda sujeita a ajustes.<\/p>\n\n\n\n<figure class=\"wp-block-image size-large\"><img loading=\"lazy\" decoding=\"async\" width=\"1024\" height=\"765\" src=\"https:\/\/treinvestimentos.com.br\/wp-content\/uploads\/2025\/02\/programacao_v1-1024x765.png\" alt=\"\" class=\"wp-image-6736\" srcset=\"https:\/\/treinvestimentos.com.br\/antigo\/wp-content\/uploads\/2025\/02\/programacao_v1-1024x765.png 1024w, https:\/\/treinvestimentos.com.br\/antigo\/wp-content\/uploads\/2025\/02\/programacao_v1-350x261.png 350w, https:\/\/treinvestimentos.com.br\/antigo\/wp-content\/uploads\/2025\/02\/programacao_v1-768x574.png 768w, https:\/\/treinvestimentos.com.br\/antigo\/wp-content\/uploads\/2025\/02\/programacao_v1-1536x1147.png 1536w, https:\/\/treinvestimentos.com.br\/antigo\/wp-content\/uploads\/2025\/02\/programacao_v1-2048x1530.png 2048w, https:\/\/treinvestimentos.com.br\/antigo\/wp-content\/uploads\/2025\/02\/programacao_v1-600x448.png 600w\" sizes=\"auto, (max-width: 1024px) 100vw, 1024px\" \/><\/figure>\n\n\n\n<p><br><strong>E a\u00ed, vamos juntos construir o amanh\u00e3?<\/strong><\/p>\n\n\n\n<p><em>Sergio Resende<\/em><\/p>\n","protected":false},"excerpt":{"rendered":"<p>Por Sergio Resende | Tr\u00ea Investindo com Causa Compartilho aqui o in\u00edcio de uma nova jornada pessoal e profissional de pesquisa. Esta jornada resulta do desejo de dar um passo&#8230;<\/p>\n","protected":false},"author":152,"featured_media":6729,"comment_status":"open","ping_status":"open","sticky":false,"template":"","format":"standard","meta":{"give_campaign_id":0,"inline_featured_image":false,"footnotes":""},"categories":[73],"tags":[74],"class_list":{"0":"post-6725","1":"post","2":"type-post","3":"status-publish","4":"format-standard","5":"has-post-thumbnail","7":"category-jornadas","8":"tag-jornada"},"yoast_head":"<!-- This site is optimized with the Yoast SEO plugin v27.5 - https:\/\/yoast.com\/product\/yoast-seo-wordpress\/ -->\n<title>Convite para jornada de\u00a0Pesquisa\u00a0#1 - Tr\u00ea Investindo com Causa<\/title>\n<meta name=\"robots\" content=\"noindex, follow\" \/>\n<meta property=\"og:locale\" content=\"pt_BR\" \/>\n<meta property=\"og:type\" content=\"article\" \/>\n<meta property=\"og:title\" content=\"Convite para jornada de\u00a0Pesquisa\u00a0#1 - Tr\u00ea Investindo com Causa\" \/>\n<meta property=\"og:description\" content=\"Por Sergio Resende | Tr\u00ea Investindo com Causa Compartilho aqui o in\u00edcio de uma nova jornada pessoal e profissional de pesquisa. Esta jornada resulta do desejo de dar um passo...\" \/>\n<meta property=\"og:url\" content=\"https:\/\/treinvestimentos.com.br\/antigo\/jornadas\/convite-para-jornada-de-pesquisa\/\" \/>\n<meta property=\"og:site_name\" content=\"Tr\u00ea Investindo com Causa\" \/>\n<meta property=\"article:published_time\" content=\"2025-02-10T15:00:00+00:00\" \/>\n<meta property=\"article:modified_time\" content=\"2025-03-11T19:51:48+00:00\" \/>\n<meta property=\"og:image\" content=\"https:\/\/treinvestimentos.com.br\/antigo\/wp-content\/uploads\/2025\/02\/jeremy-bishop-EwKXn5CapA4-unsplash-scaled.jpg\" \/>\n\t<meta property=\"og:image:width\" content=\"1707\" \/>\n\t<meta property=\"og:image:height\" content=\"2560\" \/>\n\t<meta property=\"og:image:type\" content=\"image\/jpeg\" \/>\n<meta name=\"author\" content=\"Milena Moraes\" \/>\n<meta name=\"twitter:card\" content=\"summary_large_image\" \/>\n<meta name=\"twitter:label1\" content=\"Escrito por\" \/>\n\t<meta name=\"twitter:data1\" content=\"Milena Moraes\" \/>\n\t<meta name=\"twitter:label2\" content=\"Est. tempo de leitura\" \/>\n\t<meta name=\"twitter:data2\" content=\"2 minutos\" \/>\n<script type=\"application\/ld+json\" class=\"yoast-schema-graph\">{\"@context\":\"https:\\\/\\\/schema.org\",\"@graph\":[{\"@type\":\"Article\",\"@id\":\"https:\\\/\\\/treinvestimentos.com.br\\\/antigo\\\/jornadas\\\/convite-para-jornada-de-pesquisa\\\/#article\",\"isPartOf\":{\"@id\":\"https:\\\/\\\/treinvestimentos.com.br\\\/antigo\\\/jornadas\\\/convite-para-jornada-de-pesquisa\\\/\"},\"author\":{\"name\":\"Milena Moraes\",\"@id\":\"https:\\\/\\\/treinvestimentos.com.br\\\/antigo\\\/#\\\/schema\\\/person\\\/b0a4e82ce3ce39a58a59f15134916cb6\"},\"headline\":\"Convite para jornada de\u00a0Pesquisa\u00a0#1\",\"datePublished\":\"2025-02-10T15:00:00+00:00\",\"dateModified\":\"2025-03-11T19:51:48+00:00\",\"mainEntityOfPage\":{\"@id\":\"https:\\\/\\\/treinvestimentos.com.br\\\/antigo\\\/jornadas\\\/convite-para-jornada-de-pesquisa\\\/\"},\"wordCount\":486,\"commentCount\":0,\"publisher\":{\"@id\":\"https:\\\/\\\/treinvestimentos.com.br\\\/antigo\\\/#organization\"},\"image\":{\"@id\":\"https:\\\/\\\/treinvestimentos.com.br\\\/antigo\\\/jornadas\\\/convite-para-jornada-de-pesquisa\\\/#primaryimage\"},\"thumbnailUrl\":\"https:\\\/\\\/treinvestimentos.com.br\\\/antigo\\\/wp-content\\\/uploads\\\/2025\\\/02\\\/jeremy-bishop-EwKXn5CapA4-unsplash-scaled.jpg\",\"keywords\":[\"Jornada\"],\"articleSection\":[\"Jornadas\"],\"inLanguage\":\"pt-BR\",\"potentialAction\":[{\"@type\":\"CommentAction\",\"name\":\"Comment\",\"target\":[\"https:\\\/\\\/treinvestimentos.com.br\\\/antigo\\\/jornadas\\\/convite-para-jornada-de-pesquisa\\\/#respond\"]}]},{\"@type\":\"WebPage\",\"@id\":\"https:\\\/\\\/treinvestimentos.com.br\\\/antigo\\\/jornadas\\\/convite-para-jornada-de-pesquisa\\\/\",\"url\":\"https:\\\/\\\/treinvestimentos.com.br\\\/antigo\\\/jornadas\\\/convite-para-jornada-de-pesquisa\\\/\",\"name\":\"Convite para jornada de\u00a0Pesquisa\u00a0#1 - Tr\u00ea Investindo com Causa\",\"isPartOf\":{\"@id\":\"https:\\\/\\\/treinvestimentos.com.br\\\/antigo\\\/#website\"},\"primaryImageOfPage\":{\"@id\":\"https:\\\/\\\/treinvestimentos.com.br\\\/antigo\\\/jornadas\\\/convite-para-jornada-de-pesquisa\\\/#primaryimage\"},\"image\":{\"@id\":\"https:\\\/\\\/treinvestimentos.com.br\\\/antigo\\\/jornadas\\\/convite-para-jornada-de-pesquisa\\\/#primaryimage\"},\"thumbnailUrl\":\"https:\\\/\\\/treinvestimentos.com.br\\\/antigo\\\/wp-content\\\/uploads\\\/2025\\\/02\\\/jeremy-bishop-EwKXn5CapA4-unsplash-scaled.jpg\",\"datePublished\":\"2025-02-10T15:00:00+00:00\",\"dateModified\":\"2025-03-11T19:51:48+00:00\",\"breadcrumb\":{\"@id\":\"https:\\\/\\\/treinvestimentos.com.br\\\/antigo\\\/jornadas\\\/convite-para-jornada-de-pesquisa\\\/#breadcrumb\"},\"inLanguage\":\"pt-BR\",\"potentialAction\":[{\"@type\":\"ReadAction\",\"target\":[\"https:\\\/\\\/treinvestimentos.com.br\\\/antigo\\\/jornadas\\\/convite-para-jornada-de-pesquisa\\\/\"]}]},{\"@type\":\"ImageObject\",\"inLanguage\":\"pt-BR\",\"@id\":\"https:\\\/\\\/treinvestimentos.com.br\\\/antigo\\\/jornadas\\\/convite-para-jornada-de-pesquisa\\\/#primaryimage\",\"url\":\"https:\\\/\\\/treinvestimentos.com.br\\\/antigo\\\/wp-content\\\/uploads\\\/2025\\\/02\\\/jeremy-bishop-EwKXn5CapA4-unsplash-scaled.jpg\",\"contentUrl\":\"https:\\\/\\\/treinvestimentos.com.br\\\/antigo\\\/wp-content\\\/uploads\\\/2025\\\/02\\\/jeremy-bishop-EwKXn5CapA4-unsplash-scaled.jpg\",\"width\":1707,\"height\":2560},{\"@type\":\"BreadcrumbList\",\"@id\":\"https:\\\/\\\/treinvestimentos.com.br\\\/antigo\\\/jornadas\\\/convite-para-jornada-de-pesquisa\\\/#breadcrumb\",\"itemListElement\":[{\"@type\":\"ListItem\",\"position\":1,\"name\":\"In\u00edcio\",\"item\":\"https:\\\/\\\/treinvestimentos.com.br\\\/antigo\\\/\"},{\"@type\":\"ListItem\",\"position\":2,\"name\":\"Convite para jornada de\u00a0Pesquisa\u00a0#1\"}]},{\"@type\":\"WebSite\",\"@id\":\"https:\\\/\\\/treinvestimentos.com.br\\\/antigo\\\/#website\",\"url\":\"https:\\\/\\\/treinvestimentos.com.br\\\/antigo\\\/\",\"name\":\"Tr\u00ea Investindo com Causa\",\"description\":\"Queremos popularizar o investimento em causas, promovendo uma amplia\u00e7\u00e3o da consci\u00eancia no uso do dinheiro e na co-constru\u00e7\u00e3o de uma nova economia.\",\"publisher\":{\"@id\":\"https:\\\/\\\/treinvestimentos.com.br\\\/antigo\\\/#organization\"},\"potentialAction\":[{\"@type\":\"SearchAction\",\"target\":{\"@type\":\"EntryPoint\",\"urlTemplate\":\"https:\\\/\\\/treinvestimentos.com.br\\\/antigo\\\/?s={search_term_string}\"},\"query-input\":{\"@type\":\"PropertyValueSpecification\",\"valueRequired\":true,\"valueName\":\"search_term_string\"}}],\"inLanguage\":\"pt-BR\"},{\"@type\":\"Organization\",\"@id\":\"https:\\\/\\\/treinvestimentos.com.br\\\/antigo\\\/#organization\",\"name\":\"Tr\u00ea Investindo com Causa\",\"url\":\"https:\\\/\\\/treinvestimentos.com.br\\\/antigo\\\/\",\"logo\":{\"@type\":\"ImageObject\",\"inLanguage\":\"pt-BR\",\"@id\":\"https:\\\/\\\/treinvestimentos.com.br\\\/antigo\\\/#\\\/schema\\\/logo\\\/image\\\/\",\"url\":\"https:\\\/\\\/treinvestimentos.com.br\\\/wp-content\\\/uploads\\\/2021\\\/08\\\/Logo-completo-Tre-azul.png\",\"contentUrl\":\"https:\\\/\\\/treinvestimentos.com.br\\\/wp-content\\\/uploads\\\/2021\\\/08\\\/Logo-completo-Tre-azul.png\",\"width\":1175,\"height\":311,\"caption\":\"Tr\u00ea Investindo com Causa\"},\"image\":{\"@id\":\"https:\\\/\\\/treinvestimentos.com.br\\\/antigo\\\/#\\\/schema\\\/logo\\\/image\\\/\"},\"sameAs\":[\"https:\\\/\\\/www.linkedin.com\\\/company\\\/treinvestindocomcausa\\\/?originalSubdomain=br\"]},{\"@type\":\"Person\",\"@id\":\"https:\\\/\\\/treinvestimentos.com.br\\\/antigo\\\/#\\\/schema\\\/person\\\/b0a4e82ce3ce39a58a59f15134916cb6\",\"name\":\"Milena Moraes\",\"image\":{\"@type\":\"ImageObject\",\"inLanguage\":\"pt-BR\",\"@id\":\"https:\\\/\\\/secure.gravatar.com\\\/avatar\\\/008a27b68dac139c6cbd0aa2724595e49bf0b65e965ae081528e0d76fe6d0d0b?s=96&d=mm&r=g\",\"url\":\"https:\\\/\\\/secure.gravatar.com\\\/avatar\\\/008a27b68dac139c6cbd0aa2724595e49bf0b65e965ae081528e0d76fe6d0d0b?s=96&d=mm&r=g\",\"contentUrl\":\"https:\\\/\\\/secure.gravatar.com\\\/avatar\\\/008a27b68dac139c6cbd0aa2724595e49bf0b65e965ae081528e0d76fe6d0d0b?s=96&d=mm&r=g\",\"caption\":\"Milena Moraes\"}}]}<\/script>\n<!-- \/ Yoast SEO plugin. -->","yoast_head_json":{"title":"Convite para jornada de\u00a0Pesquisa\u00a0#1 - Tr\u00ea Investindo com Causa","robots":{"index":"noindex","follow":"follow"},"og_locale":"pt_BR","og_type":"article","og_title":"Convite para jornada de\u00a0Pesquisa\u00a0#1 - Tr\u00ea Investindo com Causa","og_description":"Por Sergio Resende | Tr\u00ea Investindo com Causa Compartilho aqui o in\u00edcio de uma nova jornada pessoal e profissional de pesquisa. Esta jornada resulta do desejo de dar um passo...","og_url":"https:\/\/treinvestimentos.com.br\/antigo\/jornadas\/convite-para-jornada-de-pesquisa\/","og_site_name":"Tr\u00ea Investindo com Causa","article_published_time":"2025-02-10T15:00:00+00:00","article_modified_time":"2025-03-11T19:51:48+00:00","og_image":[{"width":1707,"height":2560,"url":"https:\/\/treinvestimentos.com.br\/antigo\/wp-content\/uploads\/2025\/02\/jeremy-bishop-EwKXn5CapA4-unsplash-scaled.jpg","type":"image\/jpeg"}],"author":"Milena Moraes","twitter_card":"summary_large_image","twitter_misc":{"Escrito por":"Milena Moraes","Est. tempo de leitura":"2 minutos"},"schema":{"@context":"https:\/\/schema.org","@graph":[{"@type":"Article","@id":"https:\/\/treinvestimentos.com.br\/antigo\/jornadas\/convite-para-jornada-de-pesquisa\/#article","isPartOf":{"@id":"https:\/\/treinvestimentos.com.br\/antigo\/jornadas\/convite-para-jornada-de-pesquisa\/"},"author":{"name":"Milena Moraes","@id":"https:\/\/treinvestimentos.com.br\/antigo\/#\/schema\/person\/b0a4e82ce3ce39a58a59f15134916cb6"},"headline":"Convite para jornada de\u00a0Pesquisa\u00a0#1","datePublished":"2025-02-10T15:00:00+00:00","dateModified":"2025-03-11T19:51:48+00:00","mainEntityOfPage":{"@id":"https:\/\/treinvestimentos.com.br\/antigo\/jornadas\/convite-para-jornada-de-pesquisa\/"},"wordCount":486,"commentCount":0,"publisher":{"@id":"https:\/\/treinvestimentos.com.br\/antigo\/#organization"},"image":{"@id":"https:\/\/treinvestimentos.com.br\/antigo\/jornadas\/convite-para-jornada-de-pesquisa\/#primaryimage"},"thumbnailUrl":"https:\/\/treinvestimentos.com.br\/antigo\/wp-content\/uploads\/2025\/02\/jeremy-bishop-EwKXn5CapA4-unsplash-scaled.jpg","keywords":["Jornada"],"articleSection":["Jornadas"],"inLanguage":"pt-BR","potentialAction":[{"@type":"CommentAction","name":"Comment","target":["https:\/\/treinvestimentos.com.br\/antigo\/jornadas\/convite-para-jornada-de-pesquisa\/#respond"]}]},{"@type":"WebPage","@id":"https:\/\/treinvestimentos.com.br\/antigo\/jornadas\/convite-para-jornada-de-pesquisa\/","url":"https:\/\/treinvestimentos.com.br\/antigo\/jornadas\/convite-para-jornada-de-pesquisa\/","name":"Convite para jornada de\u00a0Pesquisa\u00a0#1 - Tr\u00ea Investindo com Causa","isPartOf":{"@id":"https:\/\/treinvestimentos.com.br\/antigo\/#website"},"primaryImageOfPage":{"@id":"https:\/\/treinvestimentos.com.br\/antigo\/jornadas\/convite-para-jornada-de-pesquisa\/#primaryimage"},"image":{"@id":"https:\/\/treinvestimentos.com.br\/antigo\/jornadas\/convite-para-jornada-de-pesquisa\/#primaryimage"},"thumbnailUrl":"https:\/\/treinvestimentos.com.br\/antigo\/wp-content\/uploads\/2025\/02\/jeremy-bishop-EwKXn5CapA4-unsplash-scaled.jpg","datePublished":"2025-02-10T15:00:00+00:00","dateModified":"2025-03-11T19:51:48+00:00","breadcrumb":{"@id":"https:\/\/treinvestimentos.com.br\/antigo\/jornadas\/convite-para-jornada-de-pesquisa\/#breadcrumb"},"inLanguage":"pt-BR","potentialAction":[{"@type":"ReadAction","target":["https:\/\/treinvestimentos.com.br\/antigo\/jornadas\/convite-para-jornada-de-pesquisa\/"]}]},{"@type":"ImageObject","inLanguage":"pt-BR","@id":"https:\/\/treinvestimentos.com.br\/antigo\/jornadas\/convite-para-jornada-de-pesquisa\/#primaryimage","url":"https:\/\/treinvestimentos.com.br\/antigo\/wp-content\/uploads\/2025\/02\/jeremy-bishop-EwKXn5CapA4-unsplash-scaled.jpg","contentUrl":"https:\/\/treinvestimentos.com.br\/antigo\/wp-content\/uploads\/2025\/02\/jeremy-bishop-EwKXn5CapA4-unsplash-scaled.jpg","width":1707,"height":2560},{"@type":"BreadcrumbList","@id":"https:\/\/treinvestimentos.com.br\/antigo\/jornadas\/convite-para-jornada-de-pesquisa\/#breadcrumb","itemListElement":[{"@type":"ListItem","position":1,"name":"In\u00edcio","item":"https:\/\/treinvestimentos.com.br\/antigo\/"},{"@type":"ListItem","position":2,"name":"Convite para jornada de\u00a0Pesquisa\u00a0#1"}]},{"@type":"WebSite","@id":"https:\/\/treinvestimentos.com.br\/antigo\/#website","url":"https:\/\/treinvestimentos.com.br\/antigo\/","name":"Tr\u00ea Investindo com Causa","description":"Queremos popularizar o investimento em causas, promovendo uma amplia\u00e7\u00e3o da consci\u00eancia no uso do dinheiro e na co-constru\u00e7\u00e3o de uma nova economia.","publisher":{"@id":"https:\/\/treinvestimentos.com.br\/antigo\/#organization"},"potentialAction":[{"@type":"SearchAction","target":{"@type":"EntryPoint","urlTemplate":"https:\/\/treinvestimentos.com.br\/antigo\/?s={search_term_string}"},"query-input":{"@type":"PropertyValueSpecification","valueRequired":true,"valueName":"search_term_string"}}],"inLanguage":"pt-BR"},{"@type":"Organization","@id":"https:\/\/treinvestimentos.com.br\/antigo\/#organization","name":"Tr\u00ea Investindo com Causa","url":"https:\/\/treinvestimentos.com.br\/antigo\/","logo":{"@type":"ImageObject","inLanguage":"pt-BR","@id":"https:\/\/treinvestimentos.com.br\/antigo\/#\/schema\/logo\/image\/","url":"https:\/\/treinvestimentos.com.br\/wp-content\/uploads\/2021\/08\/Logo-completo-Tre-azul.png","contentUrl":"https:\/\/treinvestimentos.com.br\/wp-content\/uploads\/2021\/08\/Logo-completo-Tre-azul.png","width":1175,"height":311,"caption":"Tr\u00ea Investindo com Causa"},"image":{"@id":"https:\/\/treinvestimentos.com.br\/antigo\/#\/schema\/logo\/image\/"},"sameAs":["https:\/\/www.linkedin.com\/company\/treinvestindocomcausa\/?originalSubdomain=br"]},{"@type":"Person","@id":"https:\/\/treinvestimentos.com.br\/antigo\/#\/schema\/person\/b0a4e82ce3ce39a58a59f15134916cb6","name":"Milena Moraes","image":{"@type":"ImageObject","inLanguage":"pt-BR","@id":"https:\/\/secure.gravatar.com\/avatar\/008a27b68dac139c6cbd0aa2724595e49bf0b65e965ae081528e0d76fe6d0d0b?s=96&d=mm&r=g","url":"https:\/\/secure.gravatar.com\/avatar\/008a27b68dac139c6cbd0aa2724595e49bf0b65e965ae081528e0d76fe6d0d0b?s=96&d=mm&r=g","contentUrl":"https:\/\/secure.gravatar.com\/avatar\/008a27b68dac139c6cbd0aa2724595e49bf0b65e965ae081528e0d76fe6d0d0b?s=96&d=mm&r=g","caption":"Milena Moraes"}}]}},"_links":{"self":[{"href":"https:\/\/treinvestimentos.com.br\/antigo\/wp-json\/wp\/v2\/posts\/6725","targetHints":{"allow":["GET"]}}],"collection":[{"href":"https:\/\/treinvestimentos.com.br\/antigo\/wp-json\/wp\/v2\/posts"}],"about":[{"href":"https:\/\/treinvestimentos.com.br\/antigo\/wp-json\/wp\/v2\/types\/post"}],"author":[{"embeddable":true,"href":"https:\/\/treinvestimentos.com.br\/antigo\/wp-json\/wp\/v2\/users\/152"}],"replies":[{"embeddable":true,"href":"https:\/\/treinvestimentos.com.br\/antigo\/wp-json\/wp\/v2\/comments?post=6725"}],"version-history":[{"count":8,"href":"https:\/\/treinvestimentos.com.br\/antigo\/wp-json\/wp\/v2\/posts\/6725\/revisions"}],"predecessor-version":[{"id":6843,"href":"https:\/\/treinvestimentos.com.br\/antigo\/wp-json\/wp\/v2\/posts\/6725\/revisions\/6843"}],"wp:featuredmedia":[{"embeddable":true,"href":"https:\/\/treinvestimentos.com.br\/antigo\/wp-json\/wp\/v2\/media\/6729"}],"wp:attachment":[{"href":"https:\/\/treinvestimentos.com.br\/antigo\/wp-json\/wp\/v2\/media?parent=6725"}],"wp:term":[{"taxonomy":"category","embeddable":true,"href":"https:\/\/treinvestimentos.com.br\/antigo\/wp-json\/wp\/v2\/categories?post=6725"},{"taxonomy":"post_tag","embeddable":true,"href":"https:\/\/treinvestimentos.com.br\/antigo\/wp-json\/wp\/v2\/tags?post=6725"}],"curies":[{"name":"wp","href":"https:\/\/api.w.org\/{rel}","templated":true}]}}