{"id":6696,"date":"2025-02-11T15:34:25","date_gmt":"2025-02-11T18:34:25","guid":{"rendered":"https:\/\/treinvestimentos.com.br\/?p=6696"},"modified":"2025-02-17T11:31:40","modified_gmt":"2025-02-17T14:31:40","slug":"nossas-historias-10-exchange-do-bem-transformando-viagens-em-acoes-de-impacto","status":"publish","type":"post","link":"https:\/\/treinvestimentos.com.br\/antigo\/nossas-historias\/nossas-historias-10-exchange-do-bem-transformando-viagens-em-acoes-de-impacto\/","title":{"rendered":"Cap\u00edtulo 10: Exchange do Bem \u2013 Transformando Viagens em A\u00e7\u00f5es de Impacto"},"content":{"rendered":"\n<p><em>Por Beatriz Gir\u00e3o e Mariana Stamato | Tr\u00ea Investindo com Causa <\/em><\/p>\n\n\n\n<h2 class=\"wp-block-heading\"><strong><strong>Semeando a cultura do Bem<\/strong><\/strong><\/h2>\n\n\n\n<p>Eduardo Mariano cresceu imerso na cultura do voluntariado. Desde a inf\u00e2ncia, acompanhava seus pais em projetos volunt\u00e1rios em eventos da igreja frequentada pela fam\u00edlia. Tamb\u00e9m sempre viu seus pais auxiliando comunidades no acesso a cestas b\u00e1sicas ou dando apoio a pacientes com c\u00e2ncer. Mesmo sem compreender completamente aquele universo de trocas e solidariedade, <strong>desde cedo germinava nele a semente da paix\u00e3o pelo voluntariado.<\/strong><\/p>\n\n\n\n<blockquote class=\"wp-block-quote is-layout-flow wp-block-quote-is-layout-flow\">\n<p>\u201cMeus pais sempre foram pessoas que ajudaram todos ao redor, mesmo quando a situa\u00e7\u00e3o financeira deles era delicada. Com o passar dos anos, conforme a realidade financeira deles melhorava, eles passaram a ajudar ainda mais, com pequenas atitudes&#8221;, relata Eduardo.<\/p>\n<\/blockquote>\n\n\n\n<p>Em 2013, buscando expandir seus horizontes,&nbsp; Eduardo teve a oportunidade de viajar como volunt\u00e1rio para o Nepal. Durante cinco semanas, ajudava em um orfanato com 34 crian\u00e7as e dava aula de ingl\u00eas para as crian\u00e7as de uma pequena comunidade localizada perto do distrito de Bharatpur, regi\u00e3o centro-sul do pa\u00eds. <strong>Ao retornar ao Brasil, sentiu que sua miss\u00e3o estava incompleta.<\/strong> <strong>A vontade de fazer mais por causas socioambientais o acompanhou durante todo o voo de volta.<\/strong><\/p>\n\n\n<div class=\"wp-block-image\">\n<figure class=\"aligncenter size-full is-resized\"><img loading=\"lazy\" decoding=\"async\" width=\"1000\" height=\"500\" src=\"https:\/\/treinvestimentos.com.br\/wp-content\/uploads\/2025\/02\/Prancheta-10.jpg\" alt=\"\" class=\"wp-image-6698\" style=\"width:700px\" srcset=\"https:\/\/treinvestimentos.com.br\/antigo\/wp-content\/uploads\/2025\/02\/Prancheta-10.jpg 1000w, https:\/\/treinvestimentos.com.br\/antigo\/wp-content\/uploads\/2025\/02\/Prancheta-10-350x175.jpg 350w, https:\/\/treinvestimentos.com.br\/antigo\/wp-content\/uploads\/2025\/02\/Prancheta-10-768x384.jpg 768w, https:\/\/treinvestimentos.com.br\/antigo\/wp-content\/uploads\/2025\/02\/Prancheta-10-670x335.jpg 670w, https:\/\/treinvestimentos.com.br\/antigo\/wp-content\/uploads\/2025\/02\/Prancheta-10-600x300.jpg 600w\" sizes=\"auto, (max-width: 1000px) 100vw, 1000px\" \/><\/figure>\n<\/div>\n\n\n<div class=\"wp-block-group\"><div class=\"wp-block-group__inner-container is-layout-constrained wp-block-group-is-layout-constrained\">\n<div class=\"wp-block-columns is-layout-flex wp-container-core-columns-is-layout-9d6595d7 wp-block-columns-is-layout-flex\">\n<div class=\"wp-block-column is-layout-flow wp-block-column-is-layout-flow\" style=\"flex-basis:100%\">\n<p>Essa \u201cpulguinha atr\u00e1s da orelha\u201d de Eduardo n\u00e3o descansou em solo brasileiro. Dois anos ap\u00f3s a experi\u00eancia no Nepal e j\u00e1 de volta \u00e0 vida corporativa no mercado financeiro, o administrador mergulhou em leituras sobre trabalhos volunt\u00e1rios ao redor do mundo e sobre o sistema econ\u00f4mico atual. Por\u00e9m, ao inv\u00e9s de \u201csaciar\u201d a inquieta\u00e7\u00e3o, essas reflex\u00f5es a alimentavam ainda mais.<\/p>\n\n\n\n<p>Incomodado, Eduardo sentiu que precisava buscar um prop\u00f3sito maior em seu trabalho. As experi\u00eancias no <a href=\"https:\/\/exchangedobem.com\/paises\/nepal\/\">Nepal<\/a> o acompanhavam durante a rotina, e a vontade de fazer mais crescia a cada dia. <strong>\u201cSe ningu\u00e9m continuar o que constru\u00ed, qual foi o sentido da viagem?\u201d, essa reflex\u00e3o central foi&nbsp; o ponto chave para que ele decidisse deixar a antiga empresa e iniciar seu pr\u00f3prio neg\u00f3cio.<\/strong><\/p>\n\n\n\n<p>Em 2016 a <a href=\"https:\/\/exchangedobem.com\/\">Exchange do Bem<\/a> nasceu com a miss\u00e3o de tornar o mundo um lugar melhor:<strong> \u201cN\u00e3o vamos conseguir mudar o mundo, mas podemos deix\u00e1-lo melhor para quem j\u00e1 est\u00e1 aqui\u201d.<\/strong> Como todo empreendedor, o in\u00edcio do neg\u00f3cio foi permeado por burocracias, mas sempre relembrava o <strong>prop\u00f3sito por tr\u00e1s de todo o esfor\u00e7o:<\/strong> <strong>\u201cConectar pessoas \u00e0 projetos sociais ao redor do mundo\u201d.<\/strong><\/p>\n\n\n\n<blockquote class=\"wp-block-quote is-layout-flow wp-block-quote-is-layout-flow\">\n<p><\/p>\n<\/blockquote>\n<\/div>\n<\/div>\n<\/div><\/div>\n\n\n<div class=\"wp-block-image\">\n<figure class=\"aligncenter size-full is-resized\"><img loading=\"lazy\" decoding=\"async\" width=\"1000\" height=\"500\" src=\"https:\/\/treinvestimentos.com.br\/wp-content\/uploads\/2025\/02\/Prancheta-1.jpg\" alt=\"\" class=\"wp-image-6699\" style=\"width:700px\" srcset=\"https:\/\/treinvestimentos.com.br\/antigo\/wp-content\/uploads\/2025\/02\/Prancheta-1.jpg 1000w, https:\/\/treinvestimentos.com.br\/antigo\/wp-content\/uploads\/2025\/02\/Prancheta-1-350x175.jpg 350w, https:\/\/treinvestimentos.com.br\/antigo\/wp-content\/uploads\/2025\/02\/Prancheta-1-768x384.jpg 768w, https:\/\/treinvestimentos.com.br\/antigo\/wp-content\/uploads\/2025\/02\/Prancheta-1-670x335.jpg 670w, https:\/\/treinvestimentos.com.br\/antigo\/wp-content\/uploads\/2025\/02\/Prancheta-1-600x300.jpg 600w\" sizes=\"auto, (max-width: 1000px) 100vw, 1000px\" \/><\/figure>\n<\/div>\n\n\n<h2 class=\"wp-block-heading\"><strong>CoVida20: Tr\u00ea &amp; Exchange do Bem<\/strong><\/h2>\n\n\n\n<p>A Exchange do Bem se conectou com a <a href=\"https:\/\/treinvestimentos.com.br\/sobre-a-tre\/\">Tr\u00ea<\/a> em um dos momentos mais desafiadores do s\u00e9culo XXI: a pandemia da Covid-19. Em 2020, Eduardo viu seu neg\u00f3cio quase voltar \u00e0 \u201cestaca zero\u201d. <strong>Trabalhar com viagens enquanto o mundo inteiro se refugiava em casa era como remar contra a mar\u00e9 nos planos de espalhar o bem globalmente.<\/strong><\/p>\n\n\n\n<p>Para a Exchange do Bem, antes do v\u00edrus, o neg\u00f3cio crescia de forma exponencial, com cerca de 50% de aumento anual. Por\u00e9m, em fevereiro de 2020, as viagens come\u00e7aram a ser canceladas, a receita caiu drasticamente, e surgiram desafios relacionados aos volunt\u00e1rios que j\u00e1 estavam em outros pa\u00edses e precisavam retornar ao Brasil. No momento em que neg\u00f3cios, rotinas e formas de trabalho tiveram que se reinventar completamente, n\u00e3o foi diferente para a Exchange do Bem.<\/p>\n\n\n\n<p>Ao longo dos primeiros meses permeados pelo v\u00edrus da Covid, a Tr\u00ea desenvolveu o <a href=\"https:\/\/covida20.com.br\/\"><strong>CoVida20<\/strong><\/a>. Um programa de <strong>financiamento para neg\u00f3cios de impacto comprometidos com a manuten\u00e7\u00e3o de emprego e renda durante a pandemia. <\/strong>O programa reuniu diferentes perfis de investidores e doadores para oferecer aos neg\u00f3cios empr\u00e9stimos em condi\u00e7\u00f5es acess\u00edveis e coerentes com o momento atual, visando manter neg\u00f3cios vivos durante uma crise global.<\/p>\n\n\n\n<p>Eduardo chegou ao CoVida20 \u201cde paraquedas\u201d. Durante uma conversa emocionante e sincera com o <strong>diretor da Tr\u00ea, <\/strong><a href=\"https:\/\/www.linkedin.com\/in\/otavio-lourencao-7791077\/\"><strong>Ot\u00e1vio Louren\u00e7\u00e3o<\/strong><\/a>, Eduardo e outros dois s\u00f3cios expressaram o prop\u00f3sito e miss\u00e3o do neg\u00f3cio. A desejada vaga no programa desenvolvido em parceria entre a Tr\u00ea, <a href=\"https:\/\/sistemabbrasil.org\/\">Sistema B<\/a>, <a href=\"https:\/\/ccbrasil.cc\/\">Capitalismo Consciente<\/a> e <a href=\"https:\/\/din4mo.com\/\">Din4mo<\/a>, foi conquistada e, com isso, um <strong>sentimento de al\u00edvio, parceria, acolhimento e, sobretudo, a esperan\u00e7a de que havia um futuro para a Exchange do Bem.<\/strong><\/p>\n\n\n<div class=\"wp-block-image\">\n<figure class=\"aligncenter size-full is-resized\"><img loading=\"lazy\" decoding=\"async\" width=\"1000\" height=\"500\" src=\"https:\/\/treinvestimentos.com.br\/wp-content\/uploads\/2025\/02\/Prancheta-8.png\" alt=\"\" class=\"wp-image-6701\" style=\"width:700px\" srcset=\"https:\/\/treinvestimentos.com.br\/antigo\/wp-content\/uploads\/2025\/02\/Prancheta-8.png 1000w, https:\/\/treinvestimentos.com.br\/antigo\/wp-content\/uploads\/2025\/02\/Prancheta-8-350x175.png 350w, https:\/\/treinvestimentos.com.br\/antigo\/wp-content\/uploads\/2025\/02\/Prancheta-8-768x384.png 768w, https:\/\/treinvestimentos.com.br\/antigo\/wp-content\/uploads\/2025\/02\/Prancheta-8-670x335.png 670w, https:\/\/treinvestimentos.com.br\/antigo\/wp-content\/uploads\/2025\/02\/Prancheta-8-600x300.png 600w\" sizes=\"auto, (max-width: 1000px) 100vw, 1000px\" \/><\/figure>\n<\/div>\n\n\n<p>O administrador relata que a experi\u00eancia trouxe grandes aprendizados como empreendedor. O empr\u00e9stimo gerou responsabilidade para o neg\u00f3cio, que foi al\u00e9m do financeiro, mas um voto de f\u00e9 e confian\u00e7a.&nbsp;<\/p>\n\n\n\n<blockquote class=\"wp-block-quote is-layout-flow wp-block-quote-is-layout-flow\">\n<p>\u201cA mensagem da Tr\u00ea e dos investidores era clara: \u2018<strong>Acredito no teu sonho, e voc\u00ea vai continuar entregando seu impacto. <\/strong>\u00c9 uma fase ruim, mas vamos passar juntos, e voc\u00ea vai continuar fazendo o que faz\u2019\u201d, conta Eduardo.<\/p>\n<\/blockquote>\n\n\n\n<p>Com o CoVida20, a Exchange do Bem conseguiu manter a maioria dos colaboradores da equipe &#8211; em um momento de demiss\u00e3o em massa por conta da pandemia. <strong>Al\u00e9m do respaldo financeiro, houve a sensa\u00e7\u00e3o de que as pessoas acreditavam no neg\u00f3cio e na import\u00e2ncia da continuidade de seu impacto. Isso trouxe a oportunidade e a tranquilidade necess\u00e1rias para Eduardo crescer como empreendedor.<\/strong> Ser acolhido pela comunidade de impacto da Tr\u00ea gerou um verdadeiro \u201cquentinho no cora\u00e7\u00e3o\u201d para todos na Exchange do Bem.<\/p>\n\n\n<div class=\"wp-block-image\">\n<figure class=\"aligncenter size-full is-resized\"><img loading=\"lazy\" decoding=\"async\" width=\"1000\" height=\"500\" src=\"https:\/\/treinvestimentos.com.br\/wp-content\/uploads\/2025\/02\/Prancheta-11.jpg\" alt=\"\" class=\"wp-image-6702\" style=\"width:700px\" srcset=\"https:\/\/treinvestimentos.com.br\/antigo\/wp-content\/uploads\/2025\/02\/Prancheta-11.jpg 1000w, https:\/\/treinvestimentos.com.br\/antigo\/wp-content\/uploads\/2025\/02\/Prancheta-11-350x175.jpg 350w, https:\/\/treinvestimentos.com.br\/antigo\/wp-content\/uploads\/2025\/02\/Prancheta-11-768x384.jpg 768w, https:\/\/treinvestimentos.com.br\/antigo\/wp-content\/uploads\/2025\/02\/Prancheta-11-670x335.jpg 670w, https:\/\/treinvestimentos.com.br\/antigo\/wp-content\/uploads\/2025\/02\/Prancheta-11-600x300.jpg 600w\" sizes=\"auto, (max-width: 1000px) 100vw, 1000px\" \/><\/figure>\n<\/div>\n\n\n<p>Atualmente, o programa Covida20 segue ativo em sua fase final, muitos neg\u00f3cios j\u00e1 finalizaram o pagamento dos empr\u00e9stimos recebidos e outros continuam efetuando o re-pagamento aos investidores.<strong> Com muita gratid\u00e3o e orgulho pela trajet\u00f3ria, Eduardo compartilha que em novembro de 2024&nbsp; a Exchange do Bem concluiu a retribui\u00e7\u00e3o <\/strong>a cada pessoa que acreditou e apoiou o neg\u00f3cio, mesmo quando tudo parecia perdido. Os investidores que acreditaram, receberam seus valores corrigidos de volta e podem continuar gerando impacto ao reinvestir esses valores em novas causas e <a href=\"https:\/\/treinvestimentos.mova.vc\/#oportunidades\">programas dispon\u00edveis<\/a> na plataforma da Tr\u00ea.<\/p>\n\n\n\n<p>Em maio de 2024, chuvas em volumes in\u00e9ditos causaram enormes perdas de vidas e de patrim\u00f4nios p\u00fablicos e privados no <a href=\"https:\/\/www.instagram.com\/p\/DARZYY5v0a2\/?img_index=1\"><strong>Rio Grande do Sul<\/strong><\/a>, estado natal do Eduardo e da Exchange do Bem. Assim, eles criaram uma <strong>a\u00e7\u00e3o emergencial de capta\u00e7\u00e3o de recursos e doa\u00e7\u00e3o de bens que pode levar apoio a muitas pessoas, mostrando o seu constante engajamento com apoio e voluntariado.&nbsp;&nbsp;<\/strong><\/p>\n\n\n\n<h2 class=\"wp-block-heading\"><strong>A rede do Bem<\/strong><\/h2>\n\n\n\n<p>O <a href=\"https:\/\/exchangedobem.com\/category\/blog\/depoimentos\/\">impacto gerado pela Exchange do Bem<\/a> \u00e9 global:<strong> a rede criada pelo neg\u00f3cio mant\u00e9m projetos, volunt\u00e1rios e comunidades unidas de maneira integrada e significativa. <\/strong>O processo de contato, sele\u00e7\u00e3o e conex\u00e3o dos volunt\u00e1rios com os projetos \u00e9 realizado de forma pessoal e humanizada. Eduardo, ou algu\u00e9m da sua confian\u00e7a, visitou pessoalmente cada um dos projetos dispon\u00edveis, <strong>estabelecendo uma rela\u00e7\u00e3o \u00fanica e direta com todas as partes envolvidas.<\/strong><\/p>\n\n\n\n<p>Antes do embarque, os volunt\u00e1rios passam por uma prepara\u00e7\u00e3o espec\u00edfica para o destino escolhido. Em projetos realizados na \u00c1frica, por exemplo, s\u00e3o abordados temas relacionados ao anti racismo e \u00e0s quest\u00f5es de classe, garantindo que <strong>cada viajante esteja preparado para as atividades e para as trocas culturais que vivenciar\u00e1.<\/strong><\/p>\n\n\n<div class=\"wp-block-image\">\n<figure class=\"aligncenter size-full is-resized\"><img loading=\"lazy\" decoding=\"async\" width=\"1000\" height=\"500\" src=\"https:\/\/treinvestimentos.com.br\/wp-content\/uploads\/2025\/02\/Prancheta-12-1.png\" alt=\"\" class=\"wp-image-6704\" style=\"width:700px\" srcset=\"https:\/\/treinvestimentos.com.br\/antigo\/wp-content\/uploads\/2025\/02\/Prancheta-12-1.png 1000w, https:\/\/treinvestimentos.com.br\/antigo\/wp-content\/uploads\/2025\/02\/Prancheta-12-1-350x175.png 350w, https:\/\/treinvestimentos.com.br\/antigo\/wp-content\/uploads\/2025\/02\/Prancheta-12-1-768x384.png 768w, https:\/\/treinvestimentos.com.br\/antigo\/wp-content\/uploads\/2025\/02\/Prancheta-12-1-670x335.png 670w, https:\/\/treinvestimentos.com.br\/antigo\/wp-content\/uploads\/2025\/02\/Prancheta-12-1-600x300.png 600w\" sizes=\"auto, (max-width: 1000px) 100vw, 1000px\" \/><\/figure>\n<\/div>\n\n\n<h2 class=\"wp-block-heading\"><strong>O impacto no volunt\u00e1rio e na comunidade<\/strong><\/h2>\n\n\n\n<blockquote class=\"wp-block-quote is-layout-flow wp-block-quote-is-layout-flow\">\n<p>\u201cQuase 90% dos volunt\u00e1rios que retornam ao Brasil ap\u00f3s uma viagem relatam o impacto transformador que a experi\u00eancia teve em suas vidas e passam a se dedicar a mais projetos sociais, chegando at\u00e9 a abrir seus pr\u00f3prios neg\u00f3cios voltados para impacto socioambiental positivo. <strong>Os viajantes se conectam com o prop\u00f3sito. <\/strong>Essa paix\u00e3o n\u00e3o fica no pa\u00eds onde o projeto acontece, mas acompanha o volunt\u00e1rio pelo resto da vida, gerando mudan\u00e7as de carreira, pessoais e espirituais&#8221;, explica Eduardo.<\/p>\n<\/blockquote>\n\n\n\n<p>Para a Exchange do Bem, volunt\u00e1rios e projetos est\u00e3o em p\u00e9 de igualdade. <strong>A troca cultural e de aprendizados ocorre de maneira democr\u00e1tica entre o viajante e a comunidade visitada.<\/strong> Um dos maiores pilares do neg\u00f3cio para conectar pessoas e projetos s\u00e3o os <a href=\"https:\/\/brasil.un.org\/pt-br\/sdgs\">Objetivos de Desenvolvimento Sustent\u00e1vel (ODS) da Organiza\u00e7\u00e3o das Na\u00e7\u00f5es Unidas (ONU)<\/a>, como:<\/p>\n\n\n\n<p><strong>ODS 3: <\/strong><a href=\"https:\/\/exchangedobem.com\/tipos_de_programa\/saude\/\"><strong>Sa\u00fade e Bem-Estar<\/strong><\/a> &#8211;<strong> <\/strong>Na Amaz\u00f4nia, Nepal, \u00c1frica do Sul e Nam\u00edbia, volunt\u00e1rios podem apoiar o atendimento m\u00e9dico de comunidades com pouco acesso a servi\u00e7os de sa\u00fade.<\/p>\n\n\n\n<p><strong>ODS 4: <\/strong><a href=\"https:\/\/exchangedobem.com\/tipos_de_programa\/educacao\/\"><strong>Educa\u00e7\u00e3o de Qualidade<\/strong><\/a> &#8211; Volunt\u00e1rios podem atuar na \u00c1frica do Sul, Tail\u00e2ndia, Qu\u00eania ou Mo\u00e7ambique, auxiliando no acesso \u00e0 educa\u00e7\u00e3o para crian\u00e7as dessas comunidades.<\/p>\n\n\n\n<p><strong>ODS 10: <\/strong><a href=\"https:\/\/exchangedobem.com\/tipos_de_programa\/comunidade\/\"><strong>Redu\u00e7\u00e3o das Desigualdades<\/strong><\/a> &#8211;<strong> <\/strong>No Peru, \u00c1frica do Sul, \u00cdndia, Qu\u00eania e Senegal, volunt\u00e1rios t\u00eam a oportunidade de transformar a vida de comunidades carentes, promovendo acesso \u00e0 educa\u00e7\u00e3o e recursos b\u00e1sicos.<\/p>\n\n\n\n<p><strong>ODS 15 e 14: <\/strong><a href=\"https:\/\/exchangedobem.com\/tipos_de_programa\/protecao-aos-animais\/\"><strong>Vida Terrestre e Marinha<\/strong><\/a><strong> <\/strong>&#8211; Destinos como Paran\u00e1, Santa Catarina, Bahia, Amaz\u00f4nia, \u00c1frica do Sul e Tail\u00e2ndia conectam volunt\u00e1rios com causas voltadas para a prote\u00e7\u00e3o e desenvolvimento ambiental.<\/p>\n\n\n<div class=\"wp-block-image\">\n<figure class=\"aligncenter size-full is-resized\"><img loading=\"lazy\" decoding=\"async\" width=\"1000\" height=\"500\" src=\"https:\/\/treinvestimentos.com.br\/wp-content\/uploads\/2025\/02\/Prancheta-13.png\" alt=\"\" class=\"wp-image-6705\" style=\"width:700px\" srcset=\"https:\/\/treinvestimentos.com.br\/antigo\/wp-content\/uploads\/2025\/02\/Prancheta-13.png 1000w, https:\/\/treinvestimentos.com.br\/antigo\/wp-content\/uploads\/2025\/02\/Prancheta-13-350x175.png 350w, https:\/\/treinvestimentos.com.br\/antigo\/wp-content\/uploads\/2025\/02\/Prancheta-13-768x384.png 768w, https:\/\/treinvestimentos.com.br\/antigo\/wp-content\/uploads\/2025\/02\/Prancheta-13-670x335.png 670w, https:\/\/treinvestimentos.com.br\/antigo\/wp-content\/uploads\/2025\/02\/Prancheta-13-600x300.png 600w\" sizes=\"auto, (max-width: 1000px) 100vw, 1000px\" \/><\/figure>\n<\/div>\n\n\n<p>A rede de cultura do voluntariado \u00e9 constru\u00edda como uma verdadeira colcha de retalhos: <strong>causas que conectam projetos a pessoas, transformando realidades e deixando marcas duradouras. Trabalhar com prop\u00f3sito proporciona experi\u00eancias que continuam a impactar a vida de quem participou, tanto no cora\u00e7\u00e3o quanto na mente.<\/strong><\/p>\n\n\n\n<blockquote class=\"wp-block-quote is-layout-flow wp-block-quote-is-layout-flow\">\n<p>\u201cJ\u00e1 temos mais de 2.500 volunt\u00e1rios, 110 mil horas de trabalho volunt\u00e1rio, 60 mil pessoas impactadas e 200 projetos atendidos\u201d, compartilha Eduardo.<\/p>\n<\/blockquote>\n\n\n\n<h2 class=\"wp-block-heading\"><strong>O futuro e inova\u00e7\u00e3o do voluntariado<\/strong><\/h2>\n\n\n\n<p>Segundo Eduardo, as viagens de voluntariado em escala global ainda s\u00e3o majoritariamente uma iniciativa individual. No futuro, ele espera organizar mais viagens em grupo e levar a cultura do voluntariado para o ambiente corporativo. Para o administrador, o <strong>discurso de ESG (Environmental, Social and Governance, ou Ambiental, Social e Governan\u00e7a, em portugu\u00eas) adotado por muitas corpora\u00e7\u00f5es ainda est\u00e1 longe de ser plenamente colocado em pr\u00e1tica.<\/strong><\/p>\n\n\n\n<p>Atualmente, a Exchange do Bem tem observado um movimento por parte das empresas para reduzir esse descompasso entre discurso e pr\u00e1tica em rela\u00e7\u00e3o ao ESG. Por isso, a organiza\u00e7\u00e3o tem desenvolvido e realizado projetos que promovam a imers\u00e3o de empresas em a\u00e7\u00f5es volunt\u00e1rias. Essas iniciativas podem incluir desde um dia em uma comunidade local at\u00e9 contatos regulares, como intera\u00e7\u00f5es semanais ou mensais entre equipes corporativas e projetos sociais, al\u00e9m de aulas sobre pr\u00e1ticas de voluntariado. <strong>Com esta uma nova frente de atua\u00e7\u00e3o, a Exchange do Bem<\/strong> <strong>expande seu escopo de atua\u00e7\u00e3o e gera\u00e7\u00e3o de impacto socioambiental.<\/strong><\/p>\n\n\n<div class=\"wp-block-image\">\n<figure class=\"aligncenter size-full is-resized\"><img loading=\"lazy\" decoding=\"async\" width=\"1000\" height=\"500\" src=\"https:\/\/treinvestimentos.com.br\/wp-content\/uploads\/2025\/02\/Prancheta-14.png\" alt=\"\" class=\"wp-image-6706\" style=\"width:700px\" srcset=\"https:\/\/treinvestimentos.com.br\/antigo\/wp-content\/uploads\/2025\/02\/Prancheta-14.png 1000w, https:\/\/treinvestimentos.com.br\/antigo\/wp-content\/uploads\/2025\/02\/Prancheta-14-350x175.png 350w, https:\/\/treinvestimentos.com.br\/antigo\/wp-content\/uploads\/2025\/02\/Prancheta-14-768x384.png 768w, https:\/\/treinvestimentos.com.br\/antigo\/wp-content\/uploads\/2025\/02\/Prancheta-14-670x335.png 670w, https:\/\/treinvestimentos.com.br\/antigo\/wp-content\/uploads\/2025\/02\/Prancheta-14-600x300.png 600w\" sizes=\"auto, (max-width: 1000px) 100vw, 1000px\" \/><\/figure>\n<\/div>\n\n\n<h2 class=\"wp-block-heading\"><strong>Um projeto feito por muitas m\u00e3os&nbsp;<\/strong><\/h2>\n\n\n\n<p>A semente da Exchange do Bem come\u00e7ou com o sonho de Eduardo. Germinou e come\u00e7ou a florescer com a entrada de dois s\u00f3cios, mas <strong>antes que os ventos da pandemia arruinassem a colheita, o programa <\/strong><a href=\"https:\/\/covida20.com.br\/\"><strong>CoVida20<\/strong><\/a><strong>, com o apoio de investidores e doadores, protegeu e regou a iniciativa.<\/strong> Assim, mesmo em um momento de crise mundial, o projeto p\u00f4de continuar gerando impacto e plantando novas sementes de trabalho volunt\u00e1rio e causas ao redor do mundo.<\/p>\n\n\n\n<blockquote class=\"wp-block-quote is-layout-flow wp-block-quote-is-layout-flow\">\n<p>\u201cGra\u00e7as aos investidores, algumas crian\u00e7as conseguiram ingressar na faculdade em Gana, pessoas receberam atendimento m\u00e9dico no Nepal, atendimentos odontol\u00f3gicos foram realizados na \u00c1frica do Sul, e brasileiros no Rio Grande do Sul come\u00e7aram a reconstruir suas vidas. <strong>Tudo isso s\u00f3 foi poss\u00edvel porque as pessoas acreditaram em n\u00f3s, no nosso sonho e no compromisso com o impacto<\/strong>\u201d, conclui Eduardo.<\/p>\n<\/blockquote>\n\n\n\n<p>O CoVida20 ajudou a manter o neg\u00f3cio vivo, mas foi a Exchange do Bem que, com esfor\u00e7o e resili\u00eancia, navegou pelas \u00e1guas turbulentas, superou os desafios e voltou a fluir em sua miss\u00e3o: espalhar o bem em escala global.&nbsp;<\/p>\n\n\n\n<p>Atualmente, a Exchange do Bem conta com uma equipe respons\u00e1vel pelo atendimento aos clientes, organiza\u00e7\u00e3o das viagens e gest\u00e3o interna. Eduardo dedica especial aten\u00e7\u00e3o \u00e0 forma\u00e7\u00e3o da equipe e \u00e0 cria\u00e7\u00e3o de oportunidades internas.<\/p>\n\n\n<div class=\"wp-block-image\">\n<figure class=\"aligncenter size-full is-resized\"><img loading=\"lazy\" decoding=\"async\" width=\"1000\" height=\"500\" src=\"https:\/\/treinvestimentos.com.br\/wp-content\/uploads\/2025\/02\/Prancheta-15.png\" alt=\"\" class=\"wp-image-6707\" style=\"width:700px\" srcset=\"https:\/\/treinvestimentos.com.br\/antigo\/wp-content\/uploads\/2025\/02\/Prancheta-15.png 1000w, https:\/\/treinvestimentos.com.br\/antigo\/wp-content\/uploads\/2025\/02\/Prancheta-15-350x175.png 350w, https:\/\/treinvestimentos.com.br\/antigo\/wp-content\/uploads\/2025\/02\/Prancheta-15-768x384.png 768w, https:\/\/treinvestimentos.com.br\/antigo\/wp-content\/uploads\/2025\/02\/Prancheta-15-670x335.png 670w, https:\/\/treinvestimentos.com.br\/antigo\/wp-content\/uploads\/2025\/02\/Prancheta-15-600x300.png 600w\" sizes=\"auto, (max-width: 1000px) 100vw, 1000px\" \/><\/figure>\n<\/div>\n\n\n<h2 class=\"wp-block-heading\"><strong>Exchange do Bem: A cultura do voluntariado<\/strong><\/h2>\n\n\n\n<p>Se voc\u00ea acredita no poder da solidariedade e quer fazer parte de um movimento que transforma vidas, a <a href=\"https:\/\/exchangedobem.com\/quem-somos\/\">Exchange do Bem<\/a> oferece viagens pautadas em impacto atrav\u00e9s do voluntariado. Apoiando causas sociais e conectando pessoas em prol de um mundo mais justo, o trabalho s\u00f3 \u00e9 poss\u00edvel gra\u00e7as \u00e0 for\u00e7a de uma comunidade engajada.&nbsp;<\/p>\n\n\n\n<p>Pensando em viajar? Venha fazer parte desta cultura do voluntariado do bem! <a href=\"https:\/\/www.instagram.com\/exchangedobem\/\"><strong>Siga as redes sociais, conhe\u00e7a mais sobre os projetos e seja parte dessa transforma\u00e7\u00e3o.<\/strong><\/a><\/p>\n\n\n\n<p>Abra\u00e7os e at\u00e9 a pr\u00f3xima hist\u00f3ria! \ud83e\udd17\ud83d\udcd6\u2728<\/p>\n\n\n\n<hr class=\"wp-block-separator has-alpha-channel-opacity\"\/>\n\n\n\n<p><em>A <\/em><a href=\"https:\/\/treinvestimentos.com.br\/\"><em>Tr\u00ea Investindo com Causa<\/em><\/a><em> estrutura e coordena programas de financiamento e fortalecimento para neg\u00f3cios com causa em parceria com diversas organiza\u00e7\u00f5es filantr\u00f3picas e privadas. A institui\u00e7\u00e3o j\u00e1 mobilizou mais de R$ 23 milh\u00f5es e j\u00e1 beneficiou mais de 80 neg\u00f3cios de impacto positivo.<\/em><\/p>\n\n\n\n<p><em>Junte-se a n\u00f3s nessa jornada por um futuro mais sustent\u00e1vel! Siga-nos no <\/em><a href=\"https:\/\/www.instagram.com\/treinvestindocomcausa\"><em>Instagram <\/em><\/a><em>e <\/em><a href=\"https:\/\/www.linkedin.com\/company\/treinvestindocomcausa\/posts\/?feedView=all\"><em>LinkedIn<\/em><\/a><em>, e inscreva-se em nossa <\/em><a href=\"https:\/\/treinvestimentos.com.br\/\"><em>newsletter<\/em><\/a><em> para acompanhar nossas iniciativas e oportunidades de impacto.<\/em><\/p>\n\n\n\n<p>Beatriz Gir\u00e3o<em> <\/em>e Mariana Stamato<\/p>\n\n\n\n<p><em>Time Tr\u00ea de Marketing &amp; Comunica\u00e7\u00e3o<\/em><\/p>\n","protected":false},"excerpt":{"rendered":"<p>Por Beatriz Gir\u00e3o e Mariana Stamato | Tr\u00ea Investindo com Causa Semeando a cultura do Bem Eduardo Mariano cresceu imerso na cultura do voluntariado. Desde a inf\u00e2ncia, acompanhava seus pais&#8230;<\/p>\n","protected":false},"author":152,"featured_media":6697,"comment_status":"open","ping_status":"open","sticky":true,"template":"","format":"standard","meta":{"give_campaign_id":0,"inline_featured_image":false,"footnotes":""},"categories":[45],"tags":[46],"class_list":{"0":"post-6696","1":"post","2":"type-post","3":"status-publish","4":"format-standard","5":"has-post-thumbnail","7":"category-nossas-historias","8":"tag-nossas-historias"},"yoast_head":"<!-- This site is optimized with the Yoast SEO plugin v27.5 - https:\/\/yoast.com\/product\/yoast-seo-wordpress\/ -->\n<title>Cap\u00edtulo 10: Exchange do Bem \u2013 Transformando Viagens em A\u00e7\u00f5es de Impacto - Tr\u00ea Investindo com Causa<\/title>\n<meta name=\"robots\" content=\"noindex, follow\" \/>\n<meta property=\"og:locale\" content=\"pt_BR\" \/>\n<meta property=\"og:type\" content=\"article\" \/>\n<meta property=\"og:title\" content=\"Cap\u00edtulo 10: Exchange do Bem \u2013 Transformando Viagens em A\u00e7\u00f5es de Impacto - Tr\u00ea Investindo com Causa\" \/>\n<meta property=\"og:description\" content=\"Por Beatriz Gir\u00e3o e Mariana Stamato | Tr\u00ea Investindo com Causa Semeando a cultura do Bem Eduardo Mariano cresceu imerso na cultura do voluntariado. Desde a inf\u00e2ncia, acompanhava seus pais...\" \/>\n<meta property=\"og:url\" content=\"https:\/\/treinvestimentos.com.br\/antigo\/nossas-historias\/nossas-historias-10-exchange-do-bem-transformando-viagens-em-acoes-de-impacto\/\" \/>\n<meta property=\"og:site_name\" content=\"Tr\u00ea Investindo com Causa\" \/>\n<meta property=\"article:published_time\" content=\"2025-02-11T18:34:25+00:00\" \/>\n<meta property=\"article:modified_time\" content=\"2025-02-17T14:31:40+00:00\" \/>\n<meta property=\"og:image\" content=\"https:\/\/treinvestimentos.com.br\/antigo\/wp-content\/uploads\/2025\/02\/sylwia-bartyzel-FuuEdB1XN4M-unsplash-scaled.jpg\" \/>\n\t<meta property=\"og:image:width\" content=\"2560\" \/>\n\t<meta property=\"og:image:height\" content=\"1695\" \/>\n\t<meta property=\"og:image:type\" content=\"image\/jpeg\" \/>\n<meta name=\"author\" content=\"Milena Moraes\" \/>\n<meta name=\"twitter:card\" content=\"summary_large_image\" \/>\n<meta name=\"twitter:label1\" content=\"Escrito por\" \/>\n\t<meta name=\"twitter:data1\" content=\"Milena Moraes\" \/>\n\t<meta name=\"twitter:label2\" content=\"Est. tempo de leitura\" \/>\n\t<meta name=\"twitter:data2\" content=\"11 minutos\" \/>\n<script type=\"application\/ld+json\" class=\"yoast-schema-graph\">{\"@context\":\"https:\\\/\\\/schema.org\",\"@graph\":[{\"@type\":\"Article\",\"@id\":\"https:\\\/\\\/treinvestimentos.com.br\\\/antigo\\\/nossas-historias\\\/nossas-historias-10-exchange-do-bem-transformando-viagens-em-acoes-de-impacto\\\/#article\",\"isPartOf\":{\"@id\":\"https:\\\/\\\/treinvestimentos.com.br\\\/antigo\\\/nossas-historias\\\/nossas-historias-10-exchange-do-bem-transformando-viagens-em-acoes-de-impacto\\\/\"},\"author\":{\"name\":\"Milena Moraes\",\"@id\":\"https:\\\/\\\/treinvestimentos.com.br\\\/antigo\\\/#\\\/schema\\\/person\\\/b0a4e82ce3ce39a58a59f15134916cb6\"},\"headline\":\"Cap\u00edtulo 10: Exchange do Bem \u2013 Transformando Viagens em A\u00e7\u00f5es de Impacto\",\"datePublished\":\"2025-02-11T18:34:25+00:00\",\"dateModified\":\"2025-02-17T14:31:40+00:00\",\"mainEntityOfPage\":{\"@id\":\"https:\\\/\\\/treinvestimentos.com.br\\\/antigo\\\/nossas-historias\\\/nossas-historias-10-exchange-do-bem-transformando-viagens-em-acoes-de-impacto\\\/\"},\"wordCount\":2169,\"commentCount\":0,\"publisher\":{\"@id\":\"https:\\\/\\\/treinvestimentos.com.br\\\/antigo\\\/#organization\"},\"image\":{\"@id\":\"https:\\\/\\\/treinvestimentos.com.br\\\/antigo\\\/nossas-historias\\\/nossas-historias-10-exchange-do-bem-transformando-viagens-em-acoes-de-impacto\\\/#primaryimage\"},\"thumbnailUrl\":\"https:\\\/\\\/treinvestimentos.com.br\\\/antigo\\\/wp-content\\\/uploads\\\/2025\\\/02\\\/sylwia-bartyzel-FuuEdB1XN4M-unsplash-scaled.jpg\",\"keywords\":[\"Nossas Hist\u00f3rias\"],\"articleSection\":[\"Nossas Hist\u00f3rias\"],\"inLanguage\":\"pt-BR\",\"potentialAction\":[{\"@type\":\"CommentAction\",\"name\":\"Comment\",\"target\":[\"https:\\\/\\\/treinvestimentos.com.br\\\/antigo\\\/nossas-historias\\\/nossas-historias-10-exchange-do-bem-transformando-viagens-em-acoes-de-impacto\\\/#respond\"]}]},{\"@type\":\"WebPage\",\"@id\":\"https:\\\/\\\/treinvestimentos.com.br\\\/antigo\\\/nossas-historias\\\/nossas-historias-10-exchange-do-bem-transformando-viagens-em-acoes-de-impacto\\\/\",\"url\":\"https:\\\/\\\/treinvestimentos.com.br\\\/antigo\\\/nossas-historias\\\/nossas-historias-10-exchange-do-bem-transformando-viagens-em-acoes-de-impacto\\\/\",\"name\":\"Cap\u00edtulo 10: Exchange do Bem \u2013 Transformando Viagens em A\u00e7\u00f5es de Impacto - Tr\u00ea Investindo com Causa\",\"isPartOf\":{\"@id\":\"https:\\\/\\\/treinvestimentos.com.br\\\/antigo\\\/#website\"},\"primaryImageOfPage\":{\"@id\":\"https:\\\/\\\/treinvestimentos.com.br\\\/antigo\\\/nossas-historias\\\/nossas-historias-10-exchange-do-bem-transformando-viagens-em-acoes-de-impacto\\\/#primaryimage\"},\"image\":{\"@id\":\"https:\\\/\\\/treinvestimentos.com.br\\\/antigo\\\/nossas-historias\\\/nossas-historias-10-exchange-do-bem-transformando-viagens-em-acoes-de-impacto\\\/#primaryimage\"},\"thumbnailUrl\":\"https:\\\/\\\/treinvestimentos.com.br\\\/antigo\\\/wp-content\\\/uploads\\\/2025\\\/02\\\/sylwia-bartyzel-FuuEdB1XN4M-unsplash-scaled.jpg\",\"datePublished\":\"2025-02-11T18:34:25+00:00\",\"dateModified\":\"2025-02-17T14:31:40+00:00\",\"breadcrumb\":{\"@id\":\"https:\\\/\\\/treinvestimentos.com.br\\\/antigo\\\/nossas-historias\\\/nossas-historias-10-exchange-do-bem-transformando-viagens-em-acoes-de-impacto\\\/#breadcrumb\"},\"inLanguage\":\"pt-BR\",\"potentialAction\":[{\"@type\":\"ReadAction\",\"target\":[\"https:\\\/\\\/treinvestimentos.com.br\\\/antigo\\\/nossas-historias\\\/nossas-historias-10-exchange-do-bem-transformando-viagens-em-acoes-de-impacto\\\/\"]}]},{\"@type\":\"ImageObject\",\"inLanguage\":\"pt-BR\",\"@id\":\"https:\\\/\\\/treinvestimentos.com.br\\\/antigo\\\/nossas-historias\\\/nossas-historias-10-exchange-do-bem-transformando-viagens-em-acoes-de-impacto\\\/#primaryimage\",\"url\":\"https:\\\/\\\/treinvestimentos.com.br\\\/antigo\\\/wp-content\\\/uploads\\\/2025\\\/02\\\/sylwia-bartyzel-FuuEdB1XN4M-unsplash-scaled.jpg\",\"contentUrl\":\"https:\\\/\\\/treinvestimentos.com.br\\\/antigo\\\/wp-content\\\/uploads\\\/2025\\\/02\\\/sylwia-bartyzel-FuuEdB1XN4M-unsplash-scaled.jpg\",\"width\":2560,\"height\":1695},{\"@type\":\"BreadcrumbList\",\"@id\":\"https:\\\/\\\/treinvestimentos.com.br\\\/antigo\\\/nossas-historias\\\/nossas-historias-10-exchange-do-bem-transformando-viagens-em-acoes-de-impacto\\\/#breadcrumb\",\"itemListElement\":[{\"@type\":\"ListItem\",\"position\":1,\"name\":\"In\u00edcio\",\"item\":\"https:\\\/\\\/treinvestimentos.com.br\\\/antigo\\\/\"},{\"@type\":\"ListItem\",\"position\":2,\"name\":\"Cap\u00edtulo 10: Exchange do Bem \u2013 Transformando Viagens em A\u00e7\u00f5es de Impacto\"}]},{\"@type\":\"WebSite\",\"@id\":\"https:\\\/\\\/treinvestimentos.com.br\\\/antigo\\\/#website\",\"url\":\"https:\\\/\\\/treinvestimentos.com.br\\\/antigo\\\/\",\"name\":\"Tr\u00ea Investindo com Causa\",\"description\":\"Queremos popularizar o investimento em causas, promovendo uma amplia\u00e7\u00e3o da consci\u00eancia no uso do dinheiro e na co-constru\u00e7\u00e3o de uma nova economia.\",\"publisher\":{\"@id\":\"https:\\\/\\\/treinvestimentos.com.br\\\/antigo\\\/#organization\"},\"potentialAction\":[{\"@type\":\"SearchAction\",\"target\":{\"@type\":\"EntryPoint\",\"urlTemplate\":\"https:\\\/\\\/treinvestimentos.com.br\\\/antigo\\\/?s={search_term_string}\"},\"query-input\":{\"@type\":\"PropertyValueSpecification\",\"valueRequired\":true,\"valueName\":\"search_term_string\"}}],\"inLanguage\":\"pt-BR\"},{\"@type\":\"Organization\",\"@id\":\"https:\\\/\\\/treinvestimentos.com.br\\\/antigo\\\/#organization\",\"name\":\"Tr\u00ea Investindo com Causa\",\"url\":\"https:\\\/\\\/treinvestimentos.com.br\\\/antigo\\\/\",\"logo\":{\"@type\":\"ImageObject\",\"inLanguage\":\"pt-BR\",\"@id\":\"https:\\\/\\\/treinvestimentos.com.br\\\/antigo\\\/#\\\/schema\\\/logo\\\/image\\\/\",\"url\":\"https:\\\/\\\/treinvestimentos.com.br\\\/wp-content\\\/uploads\\\/2021\\\/08\\\/Logo-completo-Tre-azul.png\",\"contentUrl\":\"https:\\\/\\\/treinvestimentos.com.br\\\/wp-content\\\/uploads\\\/2021\\\/08\\\/Logo-completo-Tre-azul.png\",\"width\":1175,\"height\":311,\"caption\":\"Tr\u00ea Investindo com Causa\"},\"image\":{\"@id\":\"https:\\\/\\\/treinvestimentos.com.br\\\/antigo\\\/#\\\/schema\\\/logo\\\/image\\\/\"},\"sameAs\":[\"https:\\\/\\\/www.linkedin.com\\\/company\\\/treinvestindocomcausa\\\/?originalSubdomain=br\"]},{\"@type\":\"Person\",\"@id\":\"https:\\\/\\\/treinvestimentos.com.br\\\/antigo\\\/#\\\/schema\\\/person\\\/b0a4e82ce3ce39a58a59f15134916cb6\",\"name\":\"Milena Moraes\",\"image\":{\"@type\":\"ImageObject\",\"inLanguage\":\"pt-BR\",\"@id\":\"https:\\\/\\\/secure.gravatar.com\\\/avatar\\\/008a27b68dac139c6cbd0aa2724595e49bf0b65e965ae081528e0d76fe6d0d0b?s=96&d=mm&r=g\",\"url\":\"https:\\\/\\\/secure.gravatar.com\\\/avatar\\\/008a27b68dac139c6cbd0aa2724595e49bf0b65e965ae081528e0d76fe6d0d0b?s=96&d=mm&r=g\",\"contentUrl\":\"https:\\\/\\\/secure.gravatar.com\\\/avatar\\\/008a27b68dac139c6cbd0aa2724595e49bf0b65e965ae081528e0d76fe6d0d0b?s=96&d=mm&r=g\",\"caption\":\"Milena Moraes\"}}]}<\/script>\n<!-- \/ Yoast SEO plugin. -->","yoast_head_json":{"title":"Cap\u00edtulo 10: Exchange do Bem \u2013 Transformando Viagens em A\u00e7\u00f5es de Impacto - Tr\u00ea Investindo com Causa","robots":{"index":"noindex","follow":"follow"},"og_locale":"pt_BR","og_type":"article","og_title":"Cap\u00edtulo 10: Exchange do Bem \u2013 Transformando Viagens em A\u00e7\u00f5es de Impacto - Tr\u00ea Investindo com Causa","og_description":"Por Beatriz Gir\u00e3o e Mariana Stamato | Tr\u00ea Investindo com Causa Semeando a cultura do Bem Eduardo Mariano cresceu imerso na cultura do voluntariado. Desde a inf\u00e2ncia, acompanhava seus pais...","og_url":"https:\/\/treinvestimentos.com.br\/antigo\/nossas-historias\/nossas-historias-10-exchange-do-bem-transformando-viagens-em-acoes-de-impacto\/","og_site_name":"Tr\u00ea Investindo com Causa","article_published_time":"2025-02-11T18:34:25+00:00","article_modified_time":"2025-02-17T14:31:40+00:00","og_image":[{"width":2560,"height":1695,"url":"https:\/\/treinvestimentos.com.br\/antigo\/wp-content\/uploads\/2025\/02\/sylwia-bartyzel-FuuEdB1XN4M-unsplash-scaled.jpg","type":"image\/jpeg"}],"author":"Milena Moraes","twitter_card":"summary_large_image","twitter_misc":{"Escrito por":"Milena Moraes","Est. tempo de leitura":"11 minutos"},"schema":{"@context":"https:\/\/schema.org","@graph":[{"@type":"Article","@id":"https:\/\/treinvestimentos.com.br\/antigo\/nossas-historias\/nossas-historias-10-exchange-do-bem-transformando-viagens-em-acoes-de-impacto\/#article","isPartOf":{"@id":"https:\/\/treinvestimentos.com.br\/antigo\/nossas-historias\/nossas-historias-10-exchange-do-bem-transformando-viagens-em-acoes-de-impacto\/"},"author":{"name":"Milena Moraes","@id":"https:\/\/treinvestimentos.com.br\/antigo\/#\/schema\/person\/b0a4e82ce3ce39a58a59f15134916cb6"},"headline":"Cap\u00edtulo 10: Exchange do Bem \u2013 Transformando Viagens em A\u00e7\u00f5es de Impacto","datePublished":"2025-02-11T18:34:25+00:00","dateModified":"2025-02-17T14:31:40+00:00","mainEntityOfPage":{"@id":"https:\/\/treinvestimentos.com.br\/antigo\/nossas-historias\/nossas-historias-10-exchange-do-bem-transformando-viagens-em-acoes-de-impacto\/"},"wordCount":2169,"commentCount":0,"publisher":{"@id":"https:\/\/treinvestimentos.com.br\/antigo\/#organization"},"image":{"@id":"https:\/\/treinvestimentos.com.br\/antigo\/nossas-historias\/nossas-historias-10-exchange-do-bem-transformando-viagens-em-acoes-de-impacto\/#primaryimage"},"thumbnailUrl":"https:\/\/treinvestimentos.com.br\/antigo\/wp-content\/uploads\/2025\/02\/sylwia-bartyzel-FuuEdB1XN4M-unsplash-scaled.jpg","keywords":["Nossas Hist\u00f3rias"],"articleSection":["Nossas Hist\u00f3rias"],"inLanguage":"pt-BR","potentialAction":[{"@type":"CommentAction","name":"Comment","target":["https:\/\/treinvestimentos.com.br\/antigo\/nossas-historias\/nossas-historias-10-exchange-do-bem-transformando-viagens-em-acoes-de-impacto\/#respond"]}]},{"@type":"WebPage","@id":"https:\/\/treinvestimentos.com.br\/antigo\/nossas-historias\/nossas-historias-10-exchange-do-bem-transformando-viagens-em-acoes-de-impacto\/","url":"https:\/\/treinvestimentos.com.br\/antigo\/nossas-historias\/nossas-historias-10-exchange-do-bem-transformando-viagens-em-acoes-de-impacto\/","name":"Cap\u00edtulo 10: Exchange do Bem \u2013 Transformando Viagens em A\u00e7\u00f5es de Impacto - Tr\u00ea Investindo com Causa","isPartOf":{"@id":"https:\/\/treinvestimentos.com.br\/antigo\/#website"},"primaryImageOfPage":{"@id":"https:\/\/treinvestimentos.com.br\/antigo\/nossas-historias\/nossas-historias-10-exchange-do-bem-transformando-viagens-em-acoes-de-impacto\/#primaryimage"},"image":{"@id":"https:\/\/treinvestimentos.com.br\/antigo\/nossas-historias\/nossas-historias-10-exchange-do-bem-transformando-viagens-em-acoes-de-impacto\/#primaryimage"},"thumbnailUrl":"https:\/\/treinvestimentos.com.br\/antigo\/wp-content\/uploads\/2025\/02\/sylwia-bartyzel-FuuEdB1XN4M-unsplash-scaled.jpg","datePublished":"2025-02-11T18:34:25+00:00","dateModified":"2025-02-17T14:31:40+00:00","breadcrumb":{"@id":"https:\/\/treinvestimentos.com.br\/antigo\/nossas-historias\/nossas-historias-10-exchange-do-bem-transformando-viagens-em-acoes-de-impacto\/#breadcrumb"},"inLanguage":"pt-BR","potentialAction":[{"@type":"ReadAction","target":["https:\/\/treinvestimentos.com.br\/antigo\/nossas-historias\/nossas-historias-10-exchange-do-bem-transformando-viagens-em-acoes-de-impacto\/"]}]},{"@type":"ImageObject","inLanguage":"pt-BR","@id":"https:\/\/treinvestimentos.com.br\/antigo\/nossas-historias\/nossas-historias-10-exchange-do-bem-transformando-viagens-em-acoes-de-impacto\/#primaryimage","url":"https:\/\/treinvestimentos.com.br\/antigo\/wp-content\/uploads\/2025\/02\/sylwia-bartyzel-FuuEdB1XN4M-unsplash-scaled.jpg","contentUrl":"https:\/\/treinvestimentos.com.br\/antigo\/wp-content\/uploads\/2025\/02\/sylwia-bartyzel-FuuEdB1XN4M-unsplash-scaled.jpg","width":2560,"height":1695},{"@type":"BreadcrumbList","@id":"https:\/\/treinvestimentos.com.br\/antigo\/nossas-historias\/nossas-historias-10-exchange-do-bem-transformando-viagens-em-acoes-de-impacto\/#breadcrumb","itemListElement":[{"@type":"ListItem","position":1,"name":"In\u00edcio","item":"https:\/\/treinvestimentos.com.br\/antigo\/"},{"@type":"ListItem","position":2,"name":"Cap\u00edtulo 10: Exchange do Bem \u2013 Transformando Viagens em A\u00e7\u00f5es de Impacto"}]},{"@type":"WebSite","@id":"https:\/\/treinvestimentos.com.br\/antigo\/#website","url":"https:\/\/treinvestimentos.com.br\/antigo\/","name":"Tr\u00ea Investindo com Causa","description":"Queremos popularizar o investimento em causas, promovendo uma amplia\u00e7\u00e3o da consci\u00eancia no uso do dinheiro e na co-constru\u00e7\u00e3o de uma nova economia.","publisher":{"@id":"https:\/\/treinvestimentos.com.br\/antigo\/#organization"},"potentialAction":[{"@type":"SearchAction","target":{"@type":"EntryPoint","urlTemplate":"https:\/\/treinvestimentos.com.br\/antigo\/?s={search_term_string}"},"query-input":{"@type":"PropertyValueSpecification","valueRequired":true,"valueName":"search_term_string"}}],"inLanguage":"pt-BR"},{"@type":"Organization","@id":"https:\/\/treinvestimentos.com.br\/antigo\/#organization","name":"Tr\u00ea Investindo com Causa","url":"https:\/\/treinvestimentos.com.br\/antigo\/","logo":{"@type":"ImageObject","inLanguage":"pt-BR","@id":"https:\/\/treinvestimentos.com.br\/antigo\/#\/schema\/logo\/image\/","url":"https:\/\/treinvestimentos.com.br\/wp-content\/uploads\/2021\/08\/Logo-completo-Tre-azul.png","contentUrl":"https:\/\/treinvestimentos.com.br\/wp-content\/uploads\/2021\/08\/Logo-completo-Tre-azul.png","width":1175,"height":311,"caption":"Tr\u00ea Investindo com Causa"},"image":{"@id":"https:\/\/treinvestimentos.com.br\/antigo\/#\/schema\/logo\/image\/"},"sameAs":["https:\/\/www.linkedin.com\/company\/treinvestindocomcausa\/?originalSubdomain=br"]},{"@type":"Person","@id":"https:\/\/treinvestimentos.com.br\/antigo\/#\/schema\/person\/b0a4e82ce3ce39a58a59f15134916cb6","name":"Milena Moraes","image":{"@type":"ImageObject","inLanguage":"pt-BR","@id":"https:\/\/secure.gravatar.com\/avatar\/008a27b68dac139c6cbd0aa2724595e49bf0b65e965ae081528e0d76fe6d0d0b?s=96&d=mm&r=g","url":"https:\/\/secure.gravatar.com\/avatar\/008a27b68dac139c6cbd0aa2724595e49bf0b65e965ae081528e0d76fe6d0d0b?s=96&d=mm&r=g","contentUrl":"https:\/\/secure.gravatar.com\/avatar\/008a27b68dac139c6cbd0aa2724595e49bf0b65e965ae081528e0d76fe6d0d0b?s=96&d=mm&r=g","caption":"Milena Moraes"}}]}},"_links":{"self":[{"href":"https:\/\/treinvestimentos.com.br\/antigo\/wp-json\/wp\/v2\/posts\/6696","targetHints":{"allow":["GET"]}}],"collection":[{"href":"https:\/\/treinvestimentos.com.br\/antigo\/wp-json\/wp\/v2\/posts"}],"about":[{"href":"https:\/\/treinvestimentos.com.br\/antigo\/wp-json\/wp\/v2\/types\/post"}],"author":[{"embeddable":true,"href":"https:\/\/treinvestimentos.com.br\/antigo\/wp-json\/wp\/v2\/users\/152"}],"replies":[{"embeddable":true,"href":"https:\/\/treinvestimentos.com.br\/antigo\/wp-json\/wp\/v2\/comments?post=6696"}],"version-history":[{"count":12,"href":"https:\/\/treinvestimentos.com.br\/antigo\/wp-json\/wp\/v2\/posts\/6696\/revisions"}],"predecessor-version":[{"id":6720,"href":"https:\/\/treinvestimentos.com.br\/antigo\/wp-json\/wp\/v2\/posts\/6696\/revisions\/6720"}],"wp:featuredmedia":[{"embeddable":true,"href":"https:\/\/treinvestimentos.com.br\/antigo\/wp-json\/wp\/v2\/media\/6697"}],"wp:attachment":[{"href":"https:\/\/treinvestimentos.com.br\/antigo\/wp-json\/wp\/v2\/media?parent=6696"}],"wp:term":[{"taxonomy":"category","embeddable":true,"href":"https:\/\/treinvestimentos.com.br\/antigo\/wp-json\/wp\/v2\/categories?post=6696"},{"taxonomy":"post_tag","embeddable":true,"href":"https:\/\/treinvestimentos.com.br\/antigo\/wp-json\/wp\/v2\/tags?post=6696"}],"curies":[{"name":"wp","href":"https:\/\/api.w.org\/{rel}","templated":true}]}}