{"id":6636,"date":"2024-12-17T09:43:02","date_gmt":"2024-12-17T12:43:02","guid":{"rendered":"https:\/\/treinvestimentos.com.br\/?p=6636"},"modified":"2024-12-17T11:56:27","modified_gmt":"2024-12-17T14:56:27","slug":"cinco-anos-de-impacto-conexoes-e-transformacao","status":"publish","type":"post","link":"https:\/\/treinvestimentos.com.br\/antigo\/por-dentro-da-tre\/cinco-anos-de-impacto-conexoes-e-transformacao\/","title":{"rendered":"Cinco anos de impacto, conex\u00f5es e transforma\u00e7\u00e3o"},"content":{"rendered":"\n<p><em>Por Mariana Stamato | Tr\u00ea Investindo com Causa <\/em><\/p>\n\n\n\n<p>H\u00e1 cinco anos, a Tr\u00ea iniciou uma jornada movida pelo prop\u00f3sito de fazer o <strong>dinheiro fluir de maneira saud\u00e1vel<\/strong> para <strong>nutrir neg\u00f3cios com causa<\/strong> e <strong>plantar sementes da Nova Economia<\/strong>, transformando o impacto socioambiental em realidade por meio de conex\u00f5es genu\u00ednas e investimentos conscientes. Ao olhar para tr\u00e1s, vemos que o caminho percorrido foi cheio de desafios, aprendizados e conquistas que s\u00f3 foram poss\u00edveis com a confian\u00e7a de quem, como voc\u00ea, acredita no <strong>poder transformador dos investimentos com causa<\/strong>.<\/p>\n\n\n\n<p>Ao longo dessa jornada, aprendemos, nos adaptamos e celebramos conquistas que s\u00f3 foram poss\u00edveis gra\u00e7as \u00e0 confian\u00e7a de pessoas como voc\u00ea \u2013 pessoas que acreditam que cada escolha pode gerar um mundo melhor . <strong>Para n\u00f3s, uma causa \u00e9 mais do que um prop\u00f3sito; \u00e9 um compromisso vivo com o futuro.<\/strong><\/p>\n\n\n\n<p><strong>2024 foi um ano muito \u201cquentinho!<\/strong> Expandimos nosso alcance, consolidamos novos programas e impactamos ainda mais neg\u00f3cios e consequentemente, vidas. Nosso portf\u00f3lio cresceu e celebramos marcos como:<\/p>\n\n\n\n<figure class=\"wp-block-image size-full\"><img loading=\"lazy\" decoding=\"async\" width=\"1037\" height=\"945\" src=\"https:\/\/treinvestimentos.com.br\/wp-content\/uploads\/2024\/12\/Geral-Relatorio-2024-Novembro-1.png\" alt=\"\" class=\"wp-image-6652\" srcset=\"https:\/\/treinvestimentos.com.br\/antigo\/wp-content\/uploads\/2024\/12\/Geral-Relatorio-2024-Novembro-1.png 1037w, https:\/\/treinvestimentos.com.br\/antigo\/wp-content\/uploads\/2024\/12\/Geral-Relatorio-2024-Novembro-1-350x319.png 350w, https:\/\/treinvestimentos.com.br\/antigo\/wp-content\/uploads\/2024\/12\/Geral-Relatorio-2024-Novembro-1-1024x933.png 1024w, https:\/\/treinvestimentos.com.br\/antigo\/wp-content\/uploads\/2024\/12\/Geral-Relatorio-2024-Novembro-1-768x700.png 768w\" sizes=\"auto, (max-width: 1037px) 100vw, 1037px\" \/><\/figure>\n\n\n\n<div class=\"wp-block-group\"><div class=\"wp-block-group__inner-container is-layout-constrained wp-block-group-is-layout-constrained\">\n<div class=\"wp-block-columns is-layout-flex wp-container-core-columns-is-layout-9d6595d7 wp-block-columns-is-layout-flex\">\n<div class=\"wp-block-column is-layout-flow wp-block-column-is-layout-flow\" style=\"flex-basis:100%\">\n<h3 class=\"wp-block-heading\"><strong>E o impacto coletivo foi imenso!<\/strong><\/h3>\n\n\n\n<p>Foram mais de <strong>21,6 milh\u00f5es investidos<\/strong>;<br>Mais de <strong>11,7 milh\u00f5es em recebimentos para nossos investidores<\/strong><br>Mais de <strong>860<\/strong> <strong>investidores com causa engajados<\/strong><\/p>\n\n\n\n<p>E um impacto social e ambiental transformador, em 16 das 19 ODS\u2019s<br>Essa trajet\u00f3ria n\u00e3o seria poss\u00edvel sem voc\u00ea.<\/p>\n\n\n\n<p><strong>Ativismo Delicado: uma pr\u00e1tica radical para tempos complexos<\/strong><br>Enquanto continuamos a expandir o portf\u00f3lio e fortalecer conex\u00f5es, 2024 tamb\u00e9m foi um ano guiado por reflex\u00f5es mais profundas. Um ano em que abra\u00e7amos o <strong>Ativismo Delicado<\/strong>, uma pr\u00e1tica que nos lembra que, em um mundo acelerado e ruidoso, a transforma\u00e7\u00e3o mais radical come\u00e7a de forma silenciosa, observadora e intencional.<\/p>\n\n\n\n<ul class=\"wp-block-list\">\n<li>Falar menos, para ouvir mais.<\/li>\n\n\n\n<li>Sustentar perguntas, ao inv\u00e9s de buscar respostas definitivas.<\/li>\n\n\n\n<li>Refletir profundamente antes de agir, resistindo \u00e0 compuls\u00e3o de fazer mais pelo simples impulso de produzir.<\/li>\n\n\n\n<li>Respeitar o tempo das coisas, desacelerando em um mundo apressado.<\/li>\n<\/ul>\n\n\n\n<p>Essa pr\u00e1tica nos lembra que o verdadeiro impacto come\u00e7a dentro de n\u00f3s mesmos. Como dizem Allan Kaplan e Sue Davidoff:<\/p>\n\n\n\n<p><em>&#8220;O ativismo delicado \u00e9 verdadeiramente radical por ser consciente de si pr\u00f3prio e por compreender que seu modo de enxergar \u00e9 a mudan\u00e7a que se quer ver.&#8221;<\/em><\/p>\n\n\n\n<p><\/p>\n<\/div>\n<\/div>\n\n\n\n<h3 class=\"wp-block-heading\"><strong><strong>Nosso convite para o futuro<\/strong><\/strong><\/h3>\n\n\n\n<p><strong>2025 promete ser um ano ainda mais transformador<\/strong>, e nosso convite \u00e9: continue gerando impacto com a gente! Que venham mais <strong>sorveTr\u00eas<\/strong>, mais conversas que aprofundem a reflex\u00e3o sobre o poder do <strong>1% do nosso dinheiro para impacto<\/strong> e mais transforma\u00e7\u00e3o real, cultivada a partir das sementes dessa nova economia que escolhemos plantar juntos.<br><br><strong>At\u00e9 2025<br><\/strong><em>Mariana Stamato e Time Tr\u00ea.<\/em><\/p>\n<\/div><\/div>\n\n\n\n<p><\/p>\n\n\n\n<p><\/p>\n\n\n\n<hr class=\"wp-block-separator has-alpha-channel-opacity\"\/>\n\n\n\n<p><em>Cada uma dessas iniciativas \u00e9 uma express\u00e3o do nosso compromisso cont\u00ednuo em nutrir mudan\u00e7as positivas e fortalecer nossas comunidades. Convidamos voc\u00ea a se envolver e acompanhar essas oportunidades que est\u00e3o transformando vidas e criando conex\u00f5es significativas. Juntos, continuamos a construir um fluxo saud\u00e1vel de dinheiro,<\/em><strong><em> o 1% de cada um<\/em><\/strong><em>, que seja sustent\u00e1vel para todos!<\/em><\/p>\n\n\n\n<p><em>Vamos juntos nessa jornada de impacto?<\/em><\/p>\n","protected":false},"excerpt":{"rendered":"<p>Por Mariana Stamato | Tr\u00ea Investindo com Causa H\u00e1 cinco anos, a Tr\u00ea iniciou uma jornada movida pelo prop\u00f3sito de fazer o dinheiro fluir de maneira saud\u00e1vel para nutrir neg\u00f3cios&#8230;<\/p>\n","protected":false},"author":152,"featured_media":6662,"comment_status":"open","ping_status":"open","sticky":false,"template":"","format":"standard","meta":{"give_campaign_id":0,"inline_featured_image":false,"footnotes":""},"categories":[25],"tags":[58],"class_list":{"0":"post-6636","1":"post","2":"type-post","3":"status-publish","4":"format-standard","5":"has-post-thumbnail","7":"category-por-dentro-da-tre","8":"tag-cop16"},"yoast_head":"<!-- This site is optimized with the Yoast SEO plugin v27.5 - https:\/\/yoast.com\/product\/yoast-seo-wordpress\/ -->\n<title>Cinco anos de impacto, conex\u00f5es e transforma\u00e7\u00e3o - Tr\u00ea Investindo com Causa<\/title>\n<meta name=\"robots\" content=\"noindex, follow\" \/>\n<meta property=\"og:locale\" content=\"pt_BR\" \/>\n<meta property=\"og:type\" content=\"article\" \/>\n<meta property=\"og:title\" content=\"Cinco anos de impacto, conex\u00f5es e transforma\u00e7\u00e3o - Tr\u00ea Investindo com Causa\" \/>\n<meta property=\"og:description\" content=\"Por Mariana Stamato | Tr\u00ea Investindo com Causa H\u00e1 cinco anos, a Tr\u00ea iniciou uma jornada movida pelo prop\u00f3sito de fazer o dinheiro fluir de maneira saud\u00e1vel para nutrir neg\u00f3cios...\" \/>\n<meta property=\"og:url\" content=\"https:\/\/treinvestimentos.com.br\/antigo\/por-dentro-da-tre\/cinco-anos-de-impacto-conexoes-e-transformacao\/\" \/>\n<meta property=\"og:site_name\" content=\"Tr\u00ea Investindo com Causa\" \/>\n<meta property=\"article:published_time\" content=\"2024-12-17T12:43:02+00:00\" \/>\n<meta property=\"article:modified_time\" content=\"2024-12-17T14:56:27+00:00\" \/>\n<meta property=\"og:image\" content=\"https:\/\/treinvestimentos.com.br\/antigo\/wp-content\/uploads\/2024\/12\/vf_Prancheta-1.png\" \/>\n\t<meta property=\"og:image:width\" content=\"1500\" \/>\n\t<meta property=\"og:image:height\" content=\"900\" \/>\n\t<meta property=\"og:image:type\" content=\"image\/png\" \/>\n<meta name=\"author\" content=\"Milena Moraes\" \/>\n<meta name=\"twitter:card\" content=\"summary_large_image\" \/>\n<meta name=\"twitter:label1\" content=\"Escrito por\" \/>\n\t<meta name=\"twitter:data1\" content=\"Milena Moraes\" \/>\n\t<meta name=\"twitter:label2\" content=\"Est. tempo de leitura\" \/>\n\t<meta name=\"twitter:data2\" content=\"3 minutos\" \/>\n<script type=\"application\/ld+json\" class=\"yoast-schema-graph\">{\"@context\":\"https:\\\/\\\/schema.org\",\"@graph\":[{\"@type\":\"Article\",\"@id\":\"https:\\\/\\\/treinvestimentos.com.br\\\/antigo\\\/por-dentro-da-tre\\\/cinco-anos-de-impacto-conexoes-e-transformacao\\\/#article\",\"isPartOf\":{\"@id\":\"https:\\\/\\\/treinvestimentos.com.br\\\/antigo\\\/por-dentro-da-tre\\\/cinco-anos-de-impacto-conexoes-e-transformacao\\\/\"},\"author\":{\"name\":\"Milena Moraes\",\"@id\":\"https:\\\/\\\/treinvestimentos.com.br\\\/antigo\\\/#\\\/schema\\\/person\\\/b0a4e82ce3ce39a58a59f15134916cb6\"},\"headline\":\"Cinco anos de impacto, conex\u00f5es e transforma\u00e7\u00e3o\",\"datePublished\":\"2024-12-17T12:43:02+00:00\",\"dateModified\":\"2024-12-17T14:56:27+00:00\",\"mainEntityOfPage\":{\"@id\":\"https:\\\/\\\/treinvestimentos.com.br\\\/antigo\\\/por-dentro-da-tre\\\/cinco-anos-de-impacto-conexoes-e-transformacao\\\/\"},\"wordCount\":516,\"commentCount\":0,\"publisher\":{\"@id\":\"https:\\\/\\\/treinvestimentos.com.br\\\/antigo\\\/#organization\"},\"image\":{\"@id\":\"https:\\\/\\\/treinvestimentos.com.br\\\/antigo\\\/por-dentro-da-tre\\\/cinco-anos-de-impacto-conexoes-e-transformacao\\\/#primaryimage\"},\"thumbnailUrl\":\"https:\\\/\\\/treinvestimentos.com.br\\\/antigo\\\/wp-content\\\/uploads\\\/2024\\\/12\\\/vf_Prancheta-1.png\",\"keywords\":[\"COP16\"],\"articleSection\":[\"Por dentro da Tr\u00ea\"],\"inLanguage\":\"pt-BR\",\"potentialAction\":[{\"@type\":\"CommentAction\",\"name\":\"Comment\",\"target\":[\"https:\\\/\\\/treinvestimentos.com.br\\\/antigo\\\/por-dentro-da-tre\\\/cinco-anos-de-impacto-conexoes-e-transformacao\\\/#respond\"]}]},{\"@type\":\"WebPage\",\"@id\":\"https:\\\/\\\/treinvestimentos.com.br\\\/antigo\\\/por-dentro-da-tre\\\/cinco-anos-de-impacto-conexoes-e-transformacao\\\/\",\"url\":\"https:\\\/\\\/treinvestimentos.com.br\\\/antigo\\\/por-dentro-da-tre\\\/cinco-anos-de-impacto-conexoes-e-transformacao\\\/\",\"name\":\"Cinco anos de impacto, conex\u00f5es e transforma\u00e7\u00e3o - Tr\u00ea Investindo com Causa\",\"isPartOf\":{\"@id\":\"https:\\\/\\\/treinvestimentos.com.br\\\/antigo\\\/#website\"},\"primaryImageOfPage\":{\"@id\":\"https:\\\/\\\/treinvestimentos.com.br\\\/antigo\\\/por-dentro-da-tre\\\/cinco-anos-de-impacto-conexoes-e-transformacao\\\/#primaryimage\"},\"image\":{\"@id\":\"https:\\\/\\\/treinvestimentos.com.br\\\/antigo\\\/por-dentro-da-tre\\\/cinco-anos-de-impacto-conexoes-e-transformacao\\\/#primaryimage\"},\"thumbnailUrl\":\"https:\\\/\\\/treinvestimentos.com.br\\\/antigo\\\/wp-content\\\/uploads\\\/2024\\\/12\\\/vf_Prancheta-1.png\",\"datePublished\":\"2024-12-17T12:43:02+00:00\",\"dateModified\":\"2024-12-17T14:56:27+00:00\",\"breadcrumb\":{\"@id\":\"https:\\\/\\\/treinvestimentos.com.br\\\/antigo\\\/por-dentro-da-tre\\\/cinco-anos-de-impacto-conexoes-e-transformacao\\\/#breadcrumb\"},\"inLanguage\":\"pt-BR\",\"potentialAction\":[{\"@type\":\"ReadAction\",\"target\":[\"https:\\\/\\\/treinvestimentos.com.br\\\/antigo\\\/por-dentro-da-tre\\\/cinco-anos-de-impacto-conexoes-e-transformacao\\\/\"]}]},{\"@type\":\"ImageObject\",\"inLanguage\":\"pt-BR\",\"@id\":\"https:\\\/\\\/treinvestimentos.com.br\\\/antigo\\\/por-dentro-da-tre\\\/cinco-anos-de-impacto-conexoes-e-transformacao\\\/#primaryimage\",\"url\":\"https:\\\/\\\/treinvestimentos.com.br\\\/antigo\\\/wp-content\\\/uploads\\\/2024\\\/12\\\/vf_Prancheta-1.png\",\"contentUrl\":\"https:\\\/\\\/treinvestimentos.com.br\\\/antigo\\\/wp-content\\\/uploads\\\/2024\\\/12\\\/vf_Prancheta-1.png\",\"width\":1500,\"height\":900},{\"@type\":\"BreadcrumbList\",\"@id\":\"https:\\\/\\\/treinvestimentos.com.br\\\/antigo\\\/por-dentro-da-tre\\\/cinco-anos-de-impacto-conexoes-e-transformacao\\\/#breadcrumb\",\"itemListElement\":[{\"@type\":\"ListItem\",\"position\":1,\"name\":\"In\u00edcio\",\"item\":\"https:\\\/\\\/treinvestimentos.com.br\\\/antigo\\\/\"},{\"@type\":\"ListItem\",\"position\":2,\"name\":\"Cinco anos de impacto, conex\u00f5es e transforma\u00e7\u00e3o\"}]},{\"@type\":\"WebSite\",\"@id\":\"https:\\\/\\\/treinvestimentos.com.br\\\/antigo\\\/#website\",\"url\":\"https:\\\/\\\/treinvestimentos.com.br\\\/antigo\\\/\",\"name\":\"Tr\u00ea Investindo com Causa\",\"description\":\"Queremos popularizar o investimento em causas, promovendo uma amplia\u00e7\u00e3o da consci\u00eancia no uso do dinheiro e na co-constru\u00e7\u00e3o de uma nova economia.\",\"publisher\":{\"@id\":\"https:\\\/\\\/treinvestimentos.com.br\\\/antigo\\\/#organization\"},\"potentialAction\":[{\"@type\":\"SearchAction\",\"target\":{\"@type\":\"EntryPoint\",\"urlTemplate\":\"https:\\\/\\\/treinvestimentos.com.br\\\/antigo\\\/?s={search_term_string}\"},\"query-input\":{\"@type\":\"PropertyValueSpecification\",\"valueRequired\":true,\"valueName\":\"search_term_string\"}}],\"inLanguage\":\"pt-BR\"},{\"@type\":\"Organization\",\"@id\":\"https:\\\/\\\/treinvestimentos.com.br\\\/antigo\\\/#organization\",\"name\":\"Tr\u00ea Investindo com Causa\",\"url\":\"https:\\\/\\\/treinvestimentos.com.br\\\/antigo\\\/\",\"logo\":{\"@type\":\"ImageObject\",\"inLanguage\":\"pt-BR\",\"@id\":\"https:\\\/\\\/treinvestimentos.com.br\\\/antigo\\\/#\\\/schema\\\/logo\\\/image\\\/\",\"url\":\"https:\\\/\\\/treinvestimentos.com.br\\\/wp-content\\\/uploads\\\/2021\\\/08\\\/Logo-completo-Tre-azul.png\",\"contentUrl\":\"https:\\\/\\\/treinvestimentos.com.br\\\/wp-content\\\/uploads\\\/2021\\\/08\\\/Logo-completo-Tre-azul.png\",\"width\":1175,\"height\":311,\"caption\":\"Tr\u00ea Investindo com Causa\"},\"image\":{\"@id\":\"https:\\\/\\\/treinvestimentos.com.br\\\/antigo\\\/#\\\/schema\\\/logo\\\/image\\\/\"},\"sameAs\":[\"https:\\\/\\\/www.linkedin.com\\\/company\\\/treinvestindocomcausa\\\/?originalSubdomain=br\"]},{\"@type\":\"Person\",\"@id\":\"https:\\\/\\\/treinvestimentos.com.br\\\/antigo\\\/#\\\/schema\\\/person\\\/b0a4e82ce3ce39a58a59f15134916cb6\",\"name\":\"Milena Moraes\",\"image\":{\"@type\":\"ImageObject\",\"inLanguage\":\"pt-BR\",\"@id\":\"https:\\\/\\\/secure.gravatar.com\\\/avatar\\\/008a27b68dac139c6cbd0aa2724595e49bf0b65e965ae081528e0d76fe6d0d0b?s=96&d=mm&r=g\",\"url\":\"https:\\\/\\\/secure.gravatar.com\\\/avatar\\\/008a27b68dac139c6cbd0aa2724595e49bf0b65e965ae081528e0d76fe6d0d0b?s=96&d=mm&r=g\",\"contentUrl\":\"https:\\\/\\\/secure.gravatar.com\\\/avatar\\\/008a27b68dac139c6cbd0aa2724595e49bf0b65e965ae081528e0d76fe6d0d0b?s=96&d=mm&r=g\",\"caption\":\"Milena Moraes\"}}]}<\/script>\n<!-- \/ Yoast SEO plugin. -->","yoast_head_json":{"title":"Cinco anos de impacto, conex\u00f5es e transforma\u00e7\u00e3o - Tr\u00ea Investindo com Causa","robots":{"index":"noindex","follow":"follow"},"og_locale":"pt_BR","og_type":"article","og_title":"Cinco anos de impacto, conex\u00f5es e transforma\u00e7\u00e3o - Tr\u00ea Investindo com Causa","og_description":"Por Mariana Stamato | Tr\u00ea Investindo com Causa H\u00e1 cinco anos, a Tr\u00ea iniciou uma jornada movida pelo prop\u00f3sito de fazer o dinheiro fluir de maneira saud\u00e1vel para nutrir neg\u00f3cios...","og_url":"https:\/\/treinvestimentos.com.br\/antigo\/por-dentro-da-tre\/cinco-anos-de-impacto-conexoes-e-transformacao\/","og_site_name":"Tr\u00ea Investindo com Causa","article_published_time":"2024-12-17T12:43:02+00:00","article_modified_time":"2024-12-17T14:56:27+00:00","og_image":[{"width":1500,"height":900,"url":"https:\/\/treinvestimentos.com.br\/antigo\/wp-content\/uploads\/2024\/12\/vf_Prancheta-1.png","type":"image\/png"}],"author":"Milena Moraes","twitter_card":"summary_large_image","twitter_misc":{"Escrito por":"Milena Moraes","Est. tempo de leitura":"3 minutos"},"schema":{"@context":"https:\/\/schema.org","@graph":[{"@type":"Article","@id":"https:\/\/treinvestimentos.com.br\/antigo\/por-dentro-da-tre\/cinco-anos-de-impacto-conexoes-e-transformacao\/#article","isPartOf":{"@id":"https:\/\/treinvestimentos.com.br\/antigo\/por-dentro-da-tre\/cinco-anos-de-impacto-conexoes-e-transformacao\/"},"author":{"name":"Milena Moraes","@id":"https:\/\/treinvestimentos.com.br\/antigo\/#\/schema\/person\/b0a4e82ce3ce39a58a59f15134916cb6"},"headline":"Cinco anos de impacto, conex\u00f5es e transforma\u00e7\u00e3o","datePublished":"2024-12-17T12:43:02+00:00","dateModified":"2024-12-17T14:56:27+00:00","mainEntityOfPage":{"@id":"https:\/\/treinvestimentos.com.br\/antigo\/por-dentro-da-tre\/cinco-anos-de-impacto-conexoes-e-transformacao\/"},"wordCount":516,"commentCount":0,"publisher":{"@id":"https:\/\/treinvestimentos.com.br\/antigo\/#organization"},"image":{"@id":"https:\/\/treinvestimentos.com.br\/antigo\/por-dentro-da-tre\/cinco-anos-de-impacto-conexoes-e-transformacao\/#primaryimage"},"thumbnailUrl":"https:\/\/treinvestimentos.com.br\/antigo\/wp-content\/uploads\/2024\/12\/vf_Prancheta-1.png","keywords":["COP16"],"articleSection":["Por dentro da Tr\u00ea"],"inLanguage":"pt-BR","potentialAction":[{"@type":"CommentAction","name":"Comment","target":["https:\/\/treinvestimentos.com.br\/antigo\/por-dentro-da-tre\/cinco-anos-de-impacto-conexoes-e-transformacao\/#respond"]}]},{"@type":"WebPage","@id":"https:\/\/treinvestimentos.com.br\/antigo\/por-dentro-da-tre\/cinco-anos-de-impacto-conexoes-e-transformacao\/","url":"https:\/\/treinvestimentos.com.br\/antigo\/por-dentro-da-tre\/cinco-anos-de-impacto-conexoes-e-transformacao\/","name":"Cinco anos de impacto, conex\u00f5es e transforma\u00e7\u00e3o - Tr\u00ea Investindo com Causa","isPartOf":{"@id":"https:\/\/treinvestimentos.com.br\/antigo\/#website"},"primaryImageOfPage":{"@id":"https:\/\/treinvestimentos.com.br\/antigo\/por-dentro-da-tre\/cinco-anos-de-impacto-conexoes-e-transformacao\/#primaryimage"},"image":{"@id":"https:\/\/treinvestimentos.com.br\/antigo\/por-dentro-da-tre\/cinco-anos-de-impacto-conexoes-e-transformacao\/#primaryimage"},"thumbnailUrl":"https:\/\/treinvestimentos.com.br\/antigo\/wp-content\/uploads\/2024\/12\/vf_Prancheta-1.png","datePublished":"2024-12-17T12:43:02+00:00","dateModified":"2024-12-17T14:56:27+00:00","breadcrumb":{"@id":"https:\/\/treinvestimentos.com.br\/antigo\/por-dentro-da-tre\/cinco-anos-de-impacto-conexoes-e-transformacao\/#breadcrumb"},"inLanguage":"pt-BR","potentialAction":[{"@type":"ReadAction","target":["https:\/\/treinvestimentos.com.br\/antigo\/por-dentro-da-tre\/cinco-anos-de-impacto-conexoes-e-transformacao\/"]}]},{"@type":"ImageObject","inLanguage":"pt-BR","@id":"https:\/\/treinvestimentos.com.br\/antigo\/por-dentro-da-tre\/cinco-anos-de-impacto-conexoes-e-transformacao\/#primaryimage","url":"https:\/\/treinvestimentos.com.br\/antigo\/wp-content\/uploads\/2024\/12\/vf_Prancheta-1.png","contentUrl":"https:\/\/treinvestimentos.com.br\/antigo\/wp-content\/uploads\/2024\/12\/vf_Prancheta-1.png","width":1500,"height":900},{"@type":"BreadcrumbList","@id":"https:\/\/treinvestimentos.com.br\/antigo\/por-dentro-da-tre\/cinco-anos-de-impacto-conexoes-e-transformacao\/#breadcrumb","itemListElement":[{"@type":"ListItem","position":1,"name":"In\u00edcio","item":"https:\/\/treinvestimentos.com.br\/antigo\/"},{"@type":"ListItem","position":2,"name":"Cinco anos de impacto, conex\u00f5es e transforma\u00e7\u00e3o"}]},{"@type":"WebSite","@id":"https:\/\/treinvestimentos.com.br\/antigo\/#website","url":"https:\/\/treinvestimentos.com.br\/antigo\/","name":"Tr\u00ea Investindo com Causa","description":"Queremos popularizar o investimento em causas, promovendo uma amplia\u00e7\u00e3o da consci\u00eancia no uso do dinheiro e na co-constru\u00e7\u00e3o de uma nova economia.","publisher":{"@id":"https:\/\/treinvestimentos.com.br\/antigo\/#organization"},"potentialAction":[{"@type":"SearchAction","target":{"@type":"EntryPoint","urlTemplate":"https:\/\/treinvestimentos.com.br\/antigo\/?s={search_term_string}"},"query-input":{"@type":"PropertyValueSpecification","valueRequired":true,"valueName":"search_term_string"}}],"inLanguage":"pt-BR"},{"@type":"Organization","@id":"https:\/\/treinvestimentos.com.br\/antigo\/#organization","name":"Tr\u00ea Investindo com Causa","url":"https:\/\/treinvestimentos.com.br\/antigo\/","logo":{"@type":"ImageObject","inLanguage":"pt-BR","@id":"https:\/\/treinvestimentos.com.br\/antigo\/#\/schema\/logo\/image\/","url":"https:\/\/treinvestimentos.com.br\/wp-content\/uploads\/2021\/08\/Logo-completo-Tre-azul.png","contentUrl":"https:\/\/treinvestimentos.com.br\/wp-content\/uploads\/2021\/08\/Logo-completo-Tre-azul.png","width":1175,"height":311,"caption":"Tr\u00ea Investindo com Causa"},"image":{"@id":"https:\/\/treinvestimentos.com.br\/antigo\/#\/schema\/logo\/image\/"},"sameAs":["https:\/\/www.linkedin.com\/company\/treinvestindocomcausa\/?originalSubdomain=br"]},{"@type":"Person","@id":"https:\/\/treinvestimentos.com.br\/antigo\/#\/schema\/person\/b0a4e82ce3ce39a58a59f15134916cb6","name":"Milena Moraes","image":{"@type":"ImageObject","inLanguage":"pt-BR","@id":"https:\/\/secure.gravatar.com\/avatar\/008a27b68dac139c6cbd0aa2724595e49bf0b65e965ae081528e0d76fe6d0d0b?s=96&d=mm&r=g","url":"https:\/\/secure.gravatar.com\/avatar\/008a27b68dac139c6cbd0aa2724595e49bf0b65e965ae081528e0d76fe6d0d0b?s=96&d=mm&r=g","contentUrl":"https:\/\/secure.gravatar.com\/avatar\/008a27b68dac139c6cbd0aa2724595e49bf0b65e965ae081528e0d76fe6d0d0b?s=96&d=mm&r=g","caption":"Milena Moraes"}}]}},"_links":{"self":[{"href":"https:\/\/treinvestimentos.com.br\/antigo\/wp-json\/wp\/v2\/posts\/6636","targetHints":{"allow":["GET"]}}],"collection":[{"href":"https:\/\/treinvestimentos.com.br\/antigo\/wp-json\/wp\/v2\/posts"}],"about":[{"href":"https:\/\/treinvestimentos.com.br\/antigo\/wp-json\/wp\/v2\/types\/post"}],"author":[{"embeddable":true,"href":"https:\/\/treinvestimentos.com.br\/antigo\/wp-json\/wp\/v2\/users\/152"}],"replies":[{"embeddable":true,"href":"https:\/\/treinvestimentos.com.br\/antigo\/wp-json\/wp\/v2\/comments?post=6636"}],"version-history":[{"count":9,"href":"https:\/\/treinvestimentos.com.br\/antigo\/wp-json\/wp\/v2\/posts\/6636\/revisions"}],"predecessor-version":[{"id":6657,"href":"https:\/\/treinvestimentos.com.br\/antigo\/wp-json\/wp\/v2\/posts\/6636\/revisions\/6657"}],"wp:featuredmedia":[{"embeddable":true,"href":"https:\/\/treinvestimentos.com.br\/antigo\/wp-json\/wp\/v2\/media\/6662"}],"wp:attachment":[{"href":"https:\/\/treinvestimentos.com.br\/antigo\/wp-json\/wp\/v2\/media?parent=6636"}],"wp:term":[{"taxonomy":"category","embeddable":true,"href":"https:\/\/treinvestimentos.com.br\/antigo\/wp-json\/wp\/v2\/categories?post=6636"},{"taxonomy":"post_tag","embeddable":true,"href":"https:\/\/treinvestimentos.com.br\/antigo\/wp-json\/wp\/v2\/tags?post=6636"}],"curies":[{"name":"wp","href":"https:\/\/api.w.org\/{rel}","templated":true}]}}