{"id":588,"date":"2020-05-13T15:18:11","date_gmt":"2020-05-13T18:18:11","guid":{"rendered":"http:\/\/localhost:8888\/tre\/?p=588"},"modified":"2020-05-13T15:26:17","modified_gmt":"2020-05-13T18:26:17","slug":"tre-recomenda-acoes-emergenciais-durante-a-pandemia","status":"publish","type":"post","link":"https:\/\/treinvestimentos.com.br\/antigo\/tre-recomenda\/tre-recomenda-acoes-emergenciais-durante-a-pandemia\/","title":{"rendered":"Tr\u00ea recomenda: a\u00e7\u00f5es emergenciais durante a Pandemia"},"content":{"rendered":"\n<h2 class=\"wp-block-heading\">Fundo de Urg\u00eancia COVID-19 que apoia em pequenos empreendedores das periferias<\/h2>\n\n\n\n<div class=\"wp-block-image\"><figure class=\"alignleft size-large is-resized\"><img loading=\"lazy\" decoding=\"async\" src=\"http:\/\/localhost:8888\/tre\/wp-content\/uploads\/2020\/05\/fundo-firgun.jpg\" alt=\"\" class=\"wp-image-592\" width=\"353\" height=\"350\" srcset=\"https:\/\/treinvestimentos.com.br\/antigo\/wp-content\/uploads\/2020\/05\/fundo-firgun.jpg 586w, https:\/\/treinvestimentos.com.br\/antigo\/wp-content\/uploads\/2020\/05\/fundo-firgun-300x297.jpg 300w, https:\/\/treinvestimentos.com.br\/antigo\/wp-content\/uploads\/2020\/05\/fundo-firgun-150x150.jpg 150w, https:\/\/treinvestimentos.com.br\/antigo\/wp-content\/uploads\/2020\/05\/fundo-firgun-100x100.jpg 100w, https:\/\/treinvestimentos.com.br\/antigo\/wp-content\/uploads\/2020\/05\/fundo-firgun-140x140.jpg 140w\" sizes=\"auto, (max-width: 353px) 100vw, 353px\" \/><\/figure><\/div>\n\n\n\n<p>Em um momento t\u00e3o dif\u00edcil como esse, muito empreendedores est\u00e3o passando por dificuldades, principalmente os pequenos e que est\u00e3o nas periferias.<\/p>\n\n\n\n<p>Movimentos para superar a crise que vem junto com a Pandemia do Coronav\u00edrus est\u00e3o surgindo, entre eles o Fundo de Urg\u00eancia COVID-19, que j\u00e1 est\u00e1 aberto para capta\u00e7\u00e3o.<\/p>\n\n\n\n<p>A <a rel=\"noreferrer noopener\" href=\"http:\/\/www.empreendeai.com.br\/\" target=\"_blank\">Empreende A\u00ed<\/a> \u00e9 quem est\u00e1 organizando o movimento, que conta com o apoio da <a rel=\"noreferrer noopener\" href=\"https:\/\/www.firgun.com.br\/\" target=\"_blank\">Firgun <\/a>e da <a rel=\"noreferrer noopener\" href=\"https:\/\/saopaulo.impacthub.net\/\" target=\"_blank\">Impact Hub S\u00e3o Paulo<\/a>.<\/p>\n\n\n\n<p>Empresas, institutos e funda\u00e7\u00f5es podem realizar doa\u00e7\u00f5es a partir de 30 mil reais e os empreendedores poder\u00e3o tomar empr\u00e9stimos a partir de 500 reais com car\u00eancia de at\u00e9 120 dias e juros de 1% ao m\u00eas.<\/p>\n\n\n\n<p>O valor devolvido pelos empr\u00e9stimos \u00e9 destinado ao fortalecimento de neg\u00f3cios perif\u00e9ricos liderados pelas organiza\u00e7\u00f5es, causando impacto duplo.Empreendedor, cadastre-se nesse link https:\/\/bit.ly\/Cadastro-Fundo<br>Vamos nos fortalecer em rede, trazer esperan\u00e7a para quem mais precisa e faz nossa economia girar<\/p>\n\n\n\n<p><a href=\"https:\/\/bit.ly\/Cadastro-Fundo\">https:\/\/bit.ly\/Cadastro-Fundo<\/a><\/p>\n\n\n\n<hr class=\"wp-block-separator\"\/>\n\n\n\n<h2 class=\"wp-block-heading\">Campanha \u201cAdote um Diarista\u201d que ajuda na arrecada\u00e7\u00e3o de recursos durante o Coronav\u00edrus<\/h2>\n\n\n\n<figure class=\"wp-block-image size-large\"><img loading=\"lazy\" decoding=\"async\" width=\"1024\" height=\"576\" src=\"http:\/\/localhost:8888\/tre\/wp-content\/uploads\/2020\/05\/maxresdefault-1024x576.jpg\" alt=\"\" class=\"wp-image-598\" srcset=\"https:\/\/treinvestimentos.com.br\/antigo\/wp-content\/uploads\/2020\/05\/maxresdefault-1024x576.jpg 1024w, https:\/\/treinvestimentos.com.br\/antigo\/wp-content\/uploads\/2020\/05\/maxresdefault-300x169.jpg 300w, https:\/\/treinvestimentos.com.br\/antigo\/wp-content\/uploads\/2020\/05\/maxresdefault-768x432.jpg 768w, https:\/\/treinvestimentos.com.br\/antigo\/wp-content\/uploads\/2020\/05\/maxresdefault.jpg 1280w\" sizes=\"auto, (max-width: 1024px) 100vw, 1024px\" \/><\/figure>\n\n\n\n<p>A campanha, idealizada pelo projeto Emprega Comunidades ajuda fam\u00edlias de baixa renda em Parais\u00f3polis.<\/p>\n\n\n\n<p>Devido a pandemia do Coronav\u00edrus diversas pessoas est\u00e3o tendo que procurar alternativas para conseguir se sustentar e conseguir capital. E em um momento t\u00e3o delicado, iniciativas de causa est\u00e3o surgindo e se fortalecendo.<\/p>\n\n\n\n<p>Uma delas \u00e9 a \u201cAdote uma Diarista\u201d, que apoia profissionais liberais de baixa renda e tem o objetivo de arrecadar recursos para garantir o suporte ao sustento desses trabalhadores e suas fam\u00edlias.<\/p>\n\n\n\n<p>A campanha funciona como financiamento coletivo e 80% das doa\u00e7\u00f5es ser\u00e3o destinadas \u00e0s diaristas de Parais\u00f3polis e suas fam\u00edlias. Os outros 20% ser\u00e3o destinados ao projeto Emprega Comunidade, que est\u00e1 organizando a campanha.<\/p>\n\n\n\n<p>Saiba mais no site:<br><a href=\"https:\/\/www.esolidar.com\/br\/crowdfunding\/detail\/6-adote-uma-diarista-durante-o-coronavirus-covid19?lang=br\" target=\"_blank\" rel=\"noreferrer noopener\">https:\/\/www.esolidar.com\/br\/crowdfunding\/detail\/6-adote-uma-diarista-durante-o-coronavirus-covid19?lang=br<\/a><\/p>\n\n\n\n<p>Conhe\u00e7a o projeto Emprega Comunidade:<br><a rel=\"noreferrer noopener\" href=\"https:\/\/www.facebook.com\/empregacomunidade\/\" target=\"_blank\">https:\/\/www.facebook.com\/empregacomunidade\/<\/a><\/p>\n\n\n\n<hr class=\"wp-block-separator\"\/>\n\n\n\n<h2 class=\"wp-block-heading\">Rede de Crowdfunding ajuda a levar insumos b\u00e1sicos \u00e0s fam\u00edlias desamparadas<\/h2>\n\n\n\n<div class=\"wp-block-image\"><figure class=\"alignright size-large is-resized\"><img loading=\"lazy\" decoding=\"async\" src=\"http:\/\/localhost:8888\/tre\/wp-content\/uploads\/2020\/05\/benfeitoria.jpg\" alt=\"\" class=\"wp-image-594\" width=\"335\" height=\"332\" srcset=\"https:\/\/treinvestimentos.com.br\/antigo\/wp-content\/uploads\/2020\/05\/benfeitoria.jpg 683w, https:\/\/treinvestimentos.com.br\/antigo\/wp-content\/uploads\/2020\/05\/benfeitoria-300x298.jpg 300w, https:\/\/treinvestimentos.com.br\/antigo\/wp-content\/uploads\/2020\/05\/benfeitoria-150x150.jpg 150w, https:\/\/treinvestimentos.com.br\/antigo\/wp-content\/uploads\/2020\/05\/benfeitoria-100x100.jpg 100w, https:\/\/treinvestimentos.com.br\/antigo\/wp-content\/uploads\/2020\/05\/benfeitoria-140x140.jpg 140w\" sizes=\"auto, (max-width: 335px) 100vw, 335px\" \/><\/figure><\/div>\n\n\n\n<p>O Movimento #Fam\u00edlia Apoia Fam\u00edlia v\u00eam mobilizando doadores e viabilizando cestas b\u00e1sicas para fam\u00edlias desamparadas<br>Voc\u00ea j\u00e1 ouviu falar de Crowdfunding ou Financiamento coletivo? Provavelmente sim. De uns tempos para c\u00e1 diversas iniciativas tentaram obter capital atrav\u00e9s desse mecanismo, tendo diversos casos de sucesso no Brasil e no mundo.<\/p>\n\n\n\n<p>Neste post, gostar\u00edamos de indicar um movimento s\u00e9rio e que ajuda diversas fam\u00edlias carentes a terem acesso a cestas b\u00e1sicas. \u00c9 o Movimento #Fam\u00edlia Apoia Fam\u00edlia. Uma plataforma aberta, disponibilizada no site de crowdfunding benfeitoria.com. O projeto convoca as fam\u00edlias brasileiras a doarem e se cuidarem nesse momento, conectando diretamente as ONGS que precisam de apoio para viabilizar cestas b\u00e1sicas para fam\u00edlias desamparadas e doadores que possam ajudar.<\/p>\n\n\n\n<p>Essa \u00e9 uma iniciativa de institutos e funda\u00e7\u00f5es filantr\u00f3picas, lideran\u00e7as comunit\u00e1rias e ONGs de base comunit\u00e1ria e suas a\u00e7\u00f5es j\u00e1 ajudaram mais de 3 mil fam\u00edlias.<\/p>\n\n\n\n<p>Conhe\u00e7a o projeto e ajude essa rede de solidariedade: <a href=\"https:\/\/benfeitoria.com\/canal\/familias\" target=\"_blank\" rel=\"noreferrer noopener\">https:\/\/benfeitoria.com\/canal\/familias<\/a><\/p>\n","protected":false},"excerpt":{"rendered":"<p>Conhe\u00e7a algumas a\u00e7\u00f5es emergenciais para o combate \u00e0 crise do COVID-19. <\/p>\n","protected":false},"author":2,"featured_media":590,"comment_status":"open","ping_status":"open","sticky":false,"template":"","format":"standard","meta":{"give_campaign_id":0,"inline_featured_image":false,"footnotes":""},"categories":[7],"tags":[8],"class_list":{"0":"post-588","1":"post","2":"type-post","3":"status-publish","4":"format-standard","5":"has-post-thumbnail","7":"category-tre-recomenda","8":"tag-covid-19"},"yoast_head":"<!-- This site is optimized with the Yoast SEO plugin v27.5 - https:\/\/yoast.com\/product\/yoast-seo-wordpress\/ -->\n<title>Tr\u00ea recomenda: a\u00e7\u00f5es emergenciais durante a Pandemia - Tr\u00ea Investindo com Causa<\/title>\n<meta name=\"robots\" content=\"noindex, follow\" \/>\n<meta property=\"og:locale\" content=\"pt_BR\" \/>\n<meta property=\"og:type\" content=\"article\" \/>\n<meta property=\"og:title\" content=\"Tr\u00ea recomenda: a\u00e7\u00f5es emergenciais durante a Pandemia\" \/>\n<meta property=\"og:description\" content=\"Conhe\u00e7a algumas a\u00e7\u00f5es emergenciais para o combate \u00e0 crise do COVID-19.\" \/>\n<meta property=\"og:url\" content=\"https:\/\/treinvestimentos.com.br\/antigo\/tre-recomenda\/tre-recomenda-acoes-emergenciais-durante-a-pandemia\/\" \/>\n<meta property=\"og:site_name\" content=\"Tr\u00ea Investindo com Causa\" \/>\n<meta property=\"article:published_time\" content=\"2020-05-13T18:18:11+00:00\" \/>\n<meta property=\"article:modified_time\" content=\"2020-05-13T18:26:17+00:00\" \/>\n<meta property=\"og:image\" content=\"https:\/\/treinvestimentos.com.br\/antigo\/wp-content\/uploads\/2020\/05\/shutterstock_77579641-1280x720-1.jpg\" \/>\n\t<meta property=\"og:image:width\" content=\"1280\" \/>\n\t<meta property=\"og:image:height\" content=\"720\" \/>\n\t<meta property=\"og:image:type\" content=\"image\/jpeg\" \/>\n<meta name=\"author\" content=\"treinvestimentos\" \/>\n<meta name=\"twitter:card\" content=\"summary_large_image\" \/>\n<meta name=\"twitter:label1\" content=\"Escrito por\" \/>\n\t<meta name=\"twitter:data1\" content=\"treinvestimentos\" \/>\n\t<meta name=\"twitter:label2\" content=\"Est. tempo de leitura\" \/>\n\t<meta name=\"twitter:data2\" content=\"3 minutos\" \/>\n<script type=\"application\/ld+json\" class=\"yoast-schema-graph\">{\"@context\":\"https:\\\/\\\/schema.org\",\"@graph\":[{\"@type\":\"Article\",\"@id\":\"https:\\\/\\\/treinvestimentos.com.br\\\/antigo\\\/tre-recomenda\\\/tre-recomenda-acoes-emergenciais-durante-a-pandemia\\\/#article\",\"isPartOf\":{\"@id\":\"https:\\\/\\\/treinvestimentos.com.br\\\/antigo\\\/tre-recomenda\\\/tre-recomenda-acoes-emergenciais-durante-a-pandemia\\\/\"},\"author\":{\"name\":\"treinvestimentos\",\"@id\":\"https:\\\/\\\/treinvestimentos.com.br\\\/antigo\\\/#\\\/schema\\\/person\\\/03f0c51d1313cf09246d80847f5d5a7b\"},\"headline\":\"Tr\u00ea recomenda: a\u00e7\u00f5es emergenciais durante a Pandemia\",\"datePublished\":\"2020-05-13T18:18:11+00:00\",\"dateModified\":\"2020-05-13T18:26:17+00:00\",\"mainEntityOfPage\":{\"@id\":\"https:\\\/\\\/treinvestimentos.com.br\\\/antigo\\\/tre-recomenda\\\/tre-recomenda-acoes-emergenciais-durante-a-pandemia\\\/\"},\"wordCount\":537,\"commentCount\":0,\"publisher\":{\"@id\":\"https:\\\/\\\/treinvestimentos.com.br\\\/antigo\\\/#organization\"},\"image\":{\"@id\":\"https:\\\/\\\/treinvestimentos.com.br\\\/antigo\\\/tre-recomenda\\\/tre-recomenda-acoes-emergenciais-durante-a-pandemia\\\/#primaryimage\"},\"thumbnailUrl\":\"https:\\\/\\\/treinvestimentos.com.br\\\/antigo\\\/wp-content\\\/uploads\\\/2020\\\/05\\\/shutterstock_77579641-1280x720-1.jpg\",\"keywords\":[\"Covid-19\"],\"articleSection\":[\"Tr\u00ea Recomenda\"],\"inLanguage\":\"pt-BR\",\"potentialAction\":[{\"@type\":\"CommentAction\",\"name\":\"Comment\",\"target\":[\"https:\\\/\\\/treinvestimentos.com.br\\\/antigo\\\/tre-recomenda\\\/tre-recomenda-acoes-emergenciais-durante-a-pandemia\\\/#respond\"]}]},{\"@type\":\"WebPage\",\"@id\":\"https:\\\/\\\/treinvestimentos.com.br\\\/antigo\\\/tre-recomenda\\\/tre-recomenda-acoes-emergenciais-durante-a-pandemia\\\/\",\"url\":\"https:\\\/\\\/treinvestimentos.com.br\\\/antigo\\\/tre-recomenda\\\/tre-recomenda-acoes-emergenciais-durante-a-pandemia\\\/\",\"name\":\"Tr\u00ea recomenda: a\u00e7\u00f5es emergenciais durante a Pandemia - Tr\u00ea Investindo com Causa\",\"isPartOf\":{\"@id\":\"https:\\\/\\\/treinvestimentos.com.br\\\/antigo\\\/#website\"},\"primaryImageOfPage\":{\"@id\":\"https:\\\/\\\/treinvestimentos.com.br\\\/antigo\\\/tre-recomenda\\\/tre-recomenda-acoes-emergenciais-durante-a-pandemia\\\/#primaryimage\"},\"image\":{\"@id\":\"https:\\\/\\\/treinvestimentos.com.br\\\/antigo\\\/tre-recomenda\\\/tre-recomenda-acoes-emergenciais-durante-a-pandemia\\\/#primaryimage\"},\"thumbnailUrl\":\"https:\\\/\\\/treinvestimentos.com.br\\\/antigo\\\/wp-content\\\/uploads\\\/2020\\\/05\\\/shutterstock_77579641-1280x720-1.jpg\",\"datePublished\":\"2020-05-13T18:18:11+00:00\",\"dateModified\":\"2020-05-13T18:26:17+00:00\",\"breadcrumb\":{\"@id\":\"https:\\\/\\\/treinvestimentos.com.br\\\/antigo\\\/tre-recomenda\\\/tre-recomenda-acoes-emergenciais-durante-a-pandemia\\\/#breadcrumb\"},\"inLanguage\":\"pt-BR\",\"potentialAction\":[{\"@type\":\"ReadAction\",\"target\":[\"https:\\\/\\\/treinvestimentos.com.br\\\/antigo\\\/tre-recomenda\\\/tre-recomenda-acoes-emergenciais-durante-a-pandemia\\\/\"]}]},{\"@type\":\"ImageObject\",\"inLanguage\":\"pt-BR\",\"@id\":\"https:\\\/\\\/treinvestimentos.com.br\\\/antigo\\\/tre-recomenda\\\/tre-recomenda-acoes-emergenciais-durante-a-pandemia\\\/#primaryimage\",\"url\":\"https:\\\/\\\/treinvestimentos.com.br\\\/antigo\\\/wp-content\\\/uploads\\\/2020\\\/05\\\/shutterstock_77579641-1280x720-1.jpg\",\"contentUrl\":\"https:\\\/\\\/treinvestimentos.com.br\\\/antigo\\\/wp-content\\\/uploads\\\/2020\\\/05\\\/shutterstock_77579641-1280x720-1.jpg\",\"width\":1280,\"height\":720},{\"@type\":\"BreadcrumbList\",\"@id\":\"https:\\\/\\\/treinvestimentos.com.br\\\/antigo\\\/tre-recomenda\\\/tre-recomenda-acoes-emergenciais-durante-a-pandemia\\\/#breadcrumb\",\"itemListElement\":[{\"@type\":\"ListItem\",\"position\":1,\"name\":\"In\u00edcio\",\"item\":\"https:\\\/\\\/treinvestimentos.com.br\\\/antigo\\\/\"},{\"@type\":\"ListItem\",\"position\":2,\"name\":\"Tr\u00ea recomenda: a\u00e7\u00f5es emergenciais durante a Pandemia\"}]},{\"@type\":\"WebSite\",\"@id\":\"https:\\\/\\\/treinvestimentos.com.br\\\/antigo\\\/#website\",\"url\":\"https:\\\/\\\/treinvestimentos.com.br\\\/antigo\\\/\",\"name\":\"Tr\u00ea Investindo com Causa\",\"description\":\"Queremos popularizar o investimento em causas, promovendo uma amplia\u00e7\u00e3o da consci\u00eancia no uso do dinheiro e na co-constru\u00e7\u00e3o de uma nova economia.\",\"publisher\":{\"@id\":\"https:\\\/\\\/treinvestimentos.com.br\\\/antigo\\\/#organization\"},\"potentialAction\":[{\"@type\":\"SearchAction\",\"target\":{\"@type\":\"EntryPoint\",\"urlTemplate\":\"https:\\\/\\\/treinvestimentos.com.br\\\/antigo\\\/?s={search_term_string}\"},\"query-input\":{\"@type\":\"PropertyValueSpecification\",\"valueRequired\":true,\"valueName\":\"search_term_string\"}}],\"inLanguage\":\"pt-BR\"},{\"@type\":\"Organization\",\"@id\":\"https:\\\/\\\/treinvestimentos.com.br\\\/antigo\\\/#organization\",\"name\":\"Tr\u00ea Investindo com Causa\",\"url\":\"https:\\\/\\\/treinvestimentos.com.br\\\/antigo\\\/\",\"logo\":{\"@type\":\"ImageObject\",\"inLanguage\":\"pt-BR\",\"@id\":\"https:\\\/\\\/treinvestimentos.com.br\\\/antigo\\\/#\\\/schema\\\/logo\\\/image\\\/\",\"url\":\"https:\\\/\\\/treinvestimentos.com.br\\\/wp-content\\\/uploads\\\/2021\\\/08\\\/Logo-completo-Tre-azul.png\",\"contentUrl\":\"https:\\\/\\\/treinvestimentos.com.br\\\/wp-content\\\/uploads\\\/2021\\\/08\\\/Logo-completo-Tre-azul.png\",\"width\":1175,\"height\":311,\"caption\":\"Tr\u00ea Investindo com Causa\"},\"image\":{\"@id\":\"https:\\\/\\\/treinvestimentos.com.br\\\/antigo\\\/#\\\/schema\\\/logo\\\/image\\\/\"},\"sameAs\":[\"https:\\\/\\\/www.linkedin.com\\\/company\\\/treinvestindocomcausa\\\/?originalSubdomain=br\"]},{\"@type\":\"Person\",\"@id\":\"https:\\\/\\\/treinvestimentos.com.br\\\/antigo\\\/#\\\/schema\\\/person\\\/03f0c51d1313cf09246d80847f5d5a7b\",\"name\":\"treinvestimentos\",\"image\":{\"@type\":\"ImageObject\",\"inLanguage\":\"pt-BR\",\"@id\":\"https:\\\/\\\/secure.gravatar.com\\\/avatar\\\/a66561622d9ad55907c09a64c47272a851deb8022c25643e25c047367f7f1d68?s=96&d=mm&r=g\",\"url\":\"https:\\\/\\\/secure.gravatar.com\\\/avatar\\\/a66561622d9ad55907c09a64c47272a851deb8022c25643e25c047367f7f1d68?s=96&d=mm&r=g\",\"contentUrl\":\"https:\\\/\\\/secure.gravatar.com\\\/avatar\\\/a66561622d9ad55907c09a64c47272a851deb8022c25643e25c047367f7f1d68?s=96&d=mm&r=g\",\"caption\":\"treinvestimentos\"}}]}<\/script>\n<!-- \/ Yoast SEO plugin. -->","yoast_head_json":{"title":"Tr\u00ea recomenda: a\u00e7\u00f5es emergenciais durante a Pandemia - Tr\u00ea Investindo com Causa","robots":{"index":"noindex","follow":"follow"},"og_locale":"pt_BR","og_type":"article","og_title":"Tr\u00ea recomenda: a\u00e7\u00f5es emergenciais durante a Pandemia","og_description":"Conhe\u00e7a algumas a\u00e7\u00f5es emergenciais para o combate \u00e0 crise do COVID-19.","og_url":"https:\/\/treinvestimentos.com.br\/antigo\/tre-recomenda\/tre-recomenda-acoes-emergenciais-durante-a-pandemia\/","og_site_name":"Tr\u00ea Investindo com Causa","article_published_time":"2020-05-13T18:18:11+00:00","article_modified_time":"2020-05-13T18:26:17+00:00","og_image":[{"width":1280,"height":720,"url":"https:\/\/treinvestimentos.com.br\/antigo\/wp-content\/uploads\/2020\/05\/shutterstock_77579641-1280x720-1.jpg","type":"image\/jpeg"}],"author":"treinvestimentos","twitter_card":"summary_large_image","twitter_misc":{"Escrito por":"treinvestimentos","Est. tempo de leitura":"3 minutos"},"schema":{"@context":"https:\/\/schema.org","@graph":[{"@type":"Article","@id":"https:\/\/treinvestimentos.com.br\/antigo\/tre-recomenda\/tre-recomenda-acoes-emergenciais-durante-a-pandemia\/#article","isPartOf":{"@id":"https:\/\/treinvestimentos.com.br\/antigo\/tre-recomenda\/tre-recomenda-acoes-emergenciais-durante-a-pandemia\/"},"author":{"name":"treinvestimentos","@id":"https:\/\/treinvestimentos.com.br\/antigo\/#\/schema\/person\/03f0c51d1313cf09246d80847f5d5a7b"},"headline":"Tr\u00ea recomenda: a\u00e7\u00f5es emergenciais durante a Pandemia","datePublished":"2020-05-13T18:18:11+00:00","dateModified":"2020-05-13T18:26:17+00:00","mainEntityOfPage":{"@id":"https:\/\/treinvestimentos.com.br\/antigo\/tre-recomenda\/tre-recomenda-acoes-emergenciais-durante-a-pandemia\/"},"wordCount":537,"commentCount":0,"publisher":{"@id":"https:\/\/treinvestimentos.com.br\/antigo\/#organization"},"image":{"@id":"https:\/\/treinvestimentos.com.br\/antigo\/tre-recomenda\/tre-recomenda-acoes-emergenciais-durante-a-pandemia\/#primaryimage"},"thumbnailUrl":"https:\/\/treinvestimentos.com.br\/antigo\/wp-content\/uploads\/2020\/05\/shutterstock_77579641-1280x720-1.jpg","keywords":["Covid-19"],"articleSection":["Tr\u00ea Recomenda"],"inLanguage":"pt-BR","potentialAction":[{"@type":"CommentAction","name":"Comment","target":["https:\/\/treinvestimentos.com.br\/antigo\/tre-recomenda\/tre-recomenda-acoes-emergenciais-durante-a-pandemia\/#respond"]}]},{"@type":"WebPage","@id":"https:\/\/treinvestimentos.com.br\/antigo\/tre-recomenda\/tre-recomenda-acoes-emergenciais-durante-a-pandemia\/","url":"https:\/\/treinvestimentos.com.br\/antigo\/tre-recomenda\/tre-recomenda-acoes-emergenciais-durante-a-pandemia\/","name":"Tr\u00ea recomenda: a\u00e7\u00f5es emergenciais durante a Pandemia - Tr\u00ea Investindo com Causa","isPartOf":{"@id":"https:\/\/treinvestimentos.com.br\/antigo\/#website"},"primaryImageOfPage":{"@id":"https:\/\/treinvestimentos.com.br\/antigo\/tre-recomenda\/tre-recomenda-acoes-emergenciais-durante-a-pandemia\/#primaryimage"},"image":{"@id":"https:\/\/treinvestimentos.com.br\/antigo\/tre-recomenda\/tre-recomenda-acoes-emergenciais-durante-a-pandemia\/#primaryimage"},"thumbnailUrl":"https:\/\/treinvestimentos.com.br\/antigo\/wp-content\/uploads\/2020\/05\/shutterstock_77579641-1280x720-1.jpg","datePublished":"2020-05-13T18:18:11+00:00","dateModified":"2020-05-13T18:26:17+00:00","breadcrumb":{"@id":"https:\/\/treinvestimentos.com.br\/antigo\/tre-recomenda\/tre-recomenda-acoes-emergenciais-durante-a-pandemia\/#breadcrumb"},"inLanguage":"pt-BR","potentialAction":[{"@type":"ReadAction","target":["https:\/\/treinvestimentos.com.br\/antigo\/tre-recomenda\/tre-recomenda-acoes-emergenciais-durante-a-pandemia\/"]}]},{"@type":"ImageObject","inLanguage":"pt-BR","@id":"https:\/\/treinvestimentos.com.br\/antigo\/tre-recomenda\/tre-recomenda-acoes-emergenciais-durante-a-pandemia\/#primaryimage","url":"https:\/\/treinvestimentos.com.br\/antigo\/wp-content\/uploads\/2020\/05\/shutterstock_77579641-1280x720-1.jpg","contentUrl":"https:\/\/treinvestimentos.com.br\/antigo\/wp-content\/uploads\/2020\/05\/shutterstock_77579641-1280x720-1.jpg","width":1280,"height":720},{"@type":"BreadcrumbList","@id":"https:\/\/treinvestimentos.com.br\/antigo\/tre-recomenda\/tre-recomenda-acoes-emergenciais-durante-a-pandemia\/#breadcrumb","itemListElement":[{"@type":"ListItem","position":1,"name":"In\u00edcio","item":"https:\/\/treinvestimentos.com.br\/antigo\/"},{"@type":"ListItem","position":2,"name":"Tr\u00ea recomenda: a\u00e7\u00f5es emergenciais durante a Pandemia"}]},{"@type":"WebSite","@id":"https:\/\/treinvestimentos.com.br\/antigo\/#website","url":"https:\/\/treinvestimentos.com.br\/antigo\/","name":"Tr\u00ea Investindo com Causa","description":"Queremos popularizar o investimento em causas, promovendo uma amplia\u00e7\u00e3o da consci\u00eancia no uso do dinheiro e na co-constru\u00e7\u00e3o de uma nova economia.","publisher":{"@id":"https:\/\/treinvestimentos.com.br\/antigo\/#organization"},"potentialAction":[{"@type":"SearchAction","target":{"@type":"EntryPoint","urlTemplate":"https:\/\/treinvestimentos.com.br\/antigo\/?s={search_term_string}"},"query-input":{"@type":"PropertyValueSpecification","valueRequired":true,"valueName":"search_term_string"}}],"inLanguage":"pt-BR"},{"@type":"Organization","@id":"https:\/\/treinvestimentos.com.br\/antigo\/#organization","name":"Tr\u00ea Investindo com Causa","url":"https:\/\/treinvestimentos.com.br\/antigo\/","logo":{"@type":"ImageObject","inLanguage":"pt-BR","@id":"https:\/\/treinvestimentos.com.br\/antigo\/#\/schema\/logo\/image\/","url":"https:\/\/treinvestimentos.com.br\/wp-content\/uploads\/2021\/08\/Logo-completo-Tre-azul.png","contentUrl":"https:\/\/treinvestimentos.com.br\/wp-content\/uploads\/2021\/08\/Logo-completo-Tre-azul.png","width":1175,"height":311,"caption":"Tr\u00ea Investindo com Causa"},"image":{"@id":"https:\/\/treinvestimentos.com.br\/antigo\/#\/schema\/logo\/image\/"},"sameAs":["https:\/\/www.linkedin.com\/company\/treinvestindocomcausa\/?originalSubdomain=br"]},{"@type":"Person","@id":"https:\/\/treinvestimentos.com.br\/antigo\/#\/schema\/person\/03f0c51d1313cf09246d80847f5d5a7b","name":"treinvestimentos","image":{"@type":"ImageObject","inLanguage":"pt-BR","@id":"https:\/\/secure.gravatar.com\/avatar\/a66561622d9ad55907c09a64c47272a851deb8022c25643e25c047367f7f1d68?s=96&d=mm&r=g","url":"https:\/\/secure.gravatar.com\/avatar\/a66561622d9ad55907c09a64c47272a851deb8022c25643e25c047367f7f1d68?s=96&d=mm&r=g","contentUrl":"https:\/\/secure.gravatar.com\/avatar\/a66561622d9ad55907c09a64c47272a851deb8022c25643e25c047367f7f1d68?s=96&d=mm&r=g","caption":"treinvestimentos"}}]}},"_links":{"self":[{"href":"https:\/\/treinvestimentos.com.br\/antigo\/wp-json\/wp\/v2\/posts\/588","targetHints":{"allow":["GET"]}}],"collection":[{"href":"https:\/\/treinvestimentos.com.br\/antigo\/wp-json\/wp\/v2\/posts"}],"about":[{"href":"https:\/\/treinvestimentos.com.br\/antigo\/wp-json\/wp\/v2\/types\/post"}],"author":[{"embeddable":true,"href":"https:\/\/treinvestimentos.com.br\/antigo\/wp-json\/wp\/v2\/users\/2"}],"replies":[{"embeddable":true,"href":"https:\/\/treinvestimentos.com.br\/antigo\/wp-json\/wp\/v2\/comments?post=588"}],"version-history":[{"count":6,"href":"https:\/\/treinvestimentos.com.br\/antigo\/wp-json\/wp\/v2\/posts\/588\/revisions"}],"predecessor-version":[{"id":601,"href":"https:\/\/treinvestimentos.com.br\/antigo\/wp-json\/wp\/v2\/posts\/588\/revisions\/601"}],"wp:featuredmedia":[{"embeddable":true,"href":"https:\/\/treinvestimentos.com.br\/antigo\/wp-json\/wp\/v2\/media\/590"}],"wp:attachment":[{"href":"https:\/\/treinvestimentos.com.br\/antigo\/wp-json\/wp\/v2\/media?parent=588"}],"wp:term":[{"taxonomy":"category","embeddable":true,"href":"https:\/\/treinvestimentos.com.br\/antigo\/wp-json\/wp\/v2\/categories?post=588"},{"taxonomy":"post_tag","embeddable":true,"href":"https:\/\/treinvestimentos.com.br\/antigo\/wp-json\/wp\/v2\/tags?post=588"}],"curies":[{"name":"wp","href":"https:\/\/api.w.org\/{rel}","templated":true}]}}